{"id":462219,"date":"2025-10-14T11:23:16","date_gmt":"2025-10-14T11:23:16","guid":{"rendered":"https:\/\/www.europesays.com\/fr\/462219\/"},"modified":"2025-10-14T11:23:16","modified_gmt":"2025-10-14T11:23:16","slug":"les-sapeurs-pompiers-sortent-la-grande-echelle-rue-des-archers","status":"publish","type":"post","link":"https:\/\/www.europesays.com\/fr\/462219\/","title":{"rendered":"les sapeurs-pompiers sortent\u00a0la grande \u00e9chelle rue des Archers"},"content":{"rendered":"<p>Ce mardi 14\u00a0octobre au matin, les sapeurs-pompiers sont intervenus, avec la grande \u00e9chelle, au 8 rue des Archers, dans le 2e\u00a0arrondissement de Lyon.<\/p>\n<p>Selon des t\u00e9moins sur place, un morceau de fa\u00e7ade de l\u2019immeuble qui abrite la boutique de montres haut de gamme Panerai se serait d\u00e9croch\u00e9.<\/p>\n<p>Si l\u2019incident n\u2019a fait aucun bless\u00e9 ni provoqu\u00e9 de quelconque dommage, les sapeurs-pompiers auraient malgr\u00e9 tout proc\u00e9d\u00e9 \u00e0 diff\u00e9rentes v\u00e9rifications pour <a href=\"https:\/\/www.leprogres.fr\/environnement\/2024\/05\/21\/comment-la-ville-de-lyon-cible-les-facades-et-les-cours-de-traboules-a-rafraichir\" target=\"_blank\" rel=\"noopener\"> s\u2019assurer que cela ne se reproduirait pas<\/a>.<\/p>\n<p>Le temps de leur intervention, un p\u00e9rim\u00e8tre de s\u00e9curit\u00e9 a \u00e9t\u00e9 \u00e9tabli.<\/p>\n","protected":false},"excerpt":{"rendered":"Ce mardi 14\u00a0octobre au matin, les sapeurs-pompiers sont intervenus, avec la grande \u00e9chelle, au 8 rue des Archers,&hellip;\n","protected":false},"author":2,"featured_media":462220,"comment_status":"","ping_status":"","sticky":false,"template":"","format":"standard","meta":{"footnotes":""},"categories":[1889],"tags":[1111,11,2430,2757,1777,674,274,1011,27,2428,12354,12353,12,25,2429],"class_list":{"0":"post-462219","1":"post","2":"type-post","3":"status-publish","4":"format-standard","5":"has-post-thumbnail","7":"category-lyon","8":"tag-actu","9":"tag-actualites","10":"tag-auvergne-rhone-alpes","11":"tag-edition-lyon-villeurbanne","12":"tag-eu","13":"tag-europe","14":"tag-faits-divers-justice","15":"tag-fr","16":"tag-france","17":"tag-lyon","18":"tag-lyon-2e","19":"tag-lyon-2e-arrondissement","20":"tag-news","21":"tag-republique-francaise","22":"tag-rhone"},"share_on_mastodon":{"url":"https:\/\/pubeurope.com\/@fr\/115372268478804109","error":""},"_links":{"self":[{"href":"https:\/\/www.europesays.com\/fr\/wp-json\/wp\/v2\/posts\/462219","targetHints":{"allow":["GET"]}}],"collection":[{"href":"https:\/\/www.europesays.com\/fr\/wp-json\/wp\/v2\/posts"}],"about":[{"href":"https:\/\/www.europesays.com\/fr\/wp-json\/wp\/v2\/types\/post"}],"author":[{"embeddable":true,"href":"https:\/\/www.europesays.com\/fr\/wp-json\/wp\/v2\/users\/2"}],"replies":[{"embeddable":true,"href":"https:\/\/www.europesays.com\/fr\/wp-json\/wp\/v2\/comments?post=462219"}],"version-history":[{"count":0,"href":"https:\/\/www.europesays.com\/fr\/wp-json\/wp\/v2\/posts\/462219\/revisions"}],"wp:featuredmedia":[{"embeddable":true,"href":"https:\/\/www.europesays.com\/fr\/wp-json\/wp\/v2\/media\/462220"}],"wp:attachment":[{"href":"https:\/\/www.europesays.com\/fr\/wp-json\/wp\/v2\/media?parent=462219"}],"wp:term":[{"taxonomy":"category","embeddable":true,"href":"https:\/\/www.europesays.com\/fr\/wp-json\/wp\/v2\/categories?post=462219"},{"taxonomy":"post_tag","embeddable":true,"href":"https:\/\/www.europesays.com\/fr\/wp-json\/wp\/v2\/tags?post=462219"}],"curies":[{"name":"wp","href":"https:\/\/api.w.org\/{rel}","templated":true}]}}