{"id":462221,"date":"2025-10-14T11:24:11","date_gmt":"2025-10-14T11:24:11","guid":{"rendered":"https:\/\/www.europesays.com\/fr\/462221\/"},"modified":"2025-10-14T11:24:11","modified_gmt":"2025-10-14T11:24:11","slug":"dossier-shein-au-bhv-controles-sanitaires-simulation-de-crue-linfo-a-midi-en-ile-de-france","status":"publish","type":"post","link":"https:\/\/www.europesays.com\/fr\/462221\/","title":{"rendered":"Dossier Shein au BHV, contr\u00f4les sanitaires, simulation de crue, &#8230; L\u2019info \u00e0 midi en \u00cele-de-France"},"content":{"rendered":"<p>            Par<br \/>\n        <strong><br \/>\n            <a href=\"https:\/\/actu.fr\/auteur\/journaliste-br\" title=\"Consulter tous les articles de R\u00e9daction Coulommiers\" rel=\"nofollow noopener\" target=\"_blank\">R\u00e9daction Coulommiers<\/a><br \/>\n        <\/strong><\/p>\n<p>        Publi\u00e9 le<\/p>\n<p>            14 oct. 2025 \u00e0 11h46        <\/p>\n<p>Que s\u2019est-il pass\u00e9 \u00e0 Paris et en \u00cele-de-France ce mardi 14 octobre 2025 ? Voici l\u2019essentiel de l\u2019actualit\u00e9 \u00e0 midi : nouveau rebondissement dans<a href=\"https:\/\/www.bhv.fr\/\" rel=\"nofollow noopener\" target=\"_blank\"> le dossier Shein au BHV <\/a>\u00e0 Paris, visite de l\u2019ancienne base militaire situ\u00e9e au <a href=\"https:\/\/www.leplessispate.fr\/fr\/\" rel=\"nofollow noopener\" target=\"_blank\">Plessis-P\u00e2t\u00e9<\/a> et \u00e0 <a href=\"https:\/\/www.bretigny91.fr\/\" rel=\"nofollow noopener\" target=\"_blank\">Br\u00e9tigny-sur-Orge<\/a> (<a href=\"https:\/\/www.essonne.fr\/\" rel=\"nofollow noopener\" target=\"_blank\">Essonne<\/a>), simulation d\u2019une crue comparable \u00e0 1910 \u00e0<a href=\"https:\/\/www.la-ferte-gaucher.org\/\" rel=\"nofollow noopener\" target=\"_blank\"> La Fert\u00e9-Gaucher <\/a>(<a href=\"https:\/\/seine-et-marne.fr\/fr\" rel=\"nofollow noopener\" target=\"_blank\">Seine-et-Marne<\/a>), trois journ\u00e9es de chasse en <a href=\"https:\/\/www.tourisme-valdemarne.com\/nature-randonnees\/bois-et-forets\/foret-domaniale-de-la-grange\/\" rel=\"nofollow noopener\" target=\"_blank\">for\u00eat domaniale de la Grange<\/a> (<a href=\"https:\/\/www.valdemarne.fr\/\" rel=\"nofollow noopener\" target=\"_blank\">Val-de-Marne<\/a>) annonc\u00e9es par l\u2019<a href=\"https:\/\/www.onf.fr\/\" rel=\"nofollow noopener\" target=\"_blank\">Office national des for\u00eats<\/a>, quatre commerces de <a href=\"https:\/\/stains.fr\/\" rel=\"nofollow noopener\" target=\"_blank\">Stains <\/a>(<a href=\"https:\/\/seinesaintdenis.fr\/shield?u=\/\" rel=\"nofollow noopener\" target=\"_blank\">Seine-Saint-Denis<\/a>) contraints de baisser le rideau.<\/p>\n<p>Les informations \u00e0 retenir ce mardi 14 octobre 2025, \u00e0 midi, en \u00cele-de-France<\/p>\n<p class=\" wall-content\"><b>Essonne. <a href=\"https:\/\/actu.fr\/ile-de-france\/le-plessis-pate_91494\/pole-cinema-filiere-drone-evenementiel-zones-d-activites-la-base-217-a-fait-decoller-l-emploi-en-essonne_63295305.html\" rel=\"nofollow noopener\" target=\"_blank\">P\u00f4le cin\u00e9ma, fili\u00e8re drone, \u00e9v\u00e8nementiel, zones d\u2019activit\u00e9s\u2026 la Base 217 a fait d\u00e9coller l\u2019emploi<\/a><\/b><br \/>Depuis le rachat \u00e0 l\u2019\u00c9tat de cette ancienne base militaire situ\u00e9e au Plessis-P\u00e2t\u00e9 et \u00e0 Br\u00e9tigny-sur-Orge, l\u2019agglom\u00e9ration C\u0153ur d\u2019Essonne a permis la cr\u00e9ation de milliers d\u2019emplois.<\/p>\n<p class=\" wall-content\"><b>Seine-et-Marne. <a href=\"https:\/\/actu.fr\/ile-de-france\/la-ferte-gaucher_77182\/dispositif-fr-alert-presence-des-secours-que-sest-il-passe-dans-cette-commune-de-seine-et-marne-ce-lundi_63295413.html\" rel=\"nofollow noopener\" target=\"_blank\">Dispositif FR-Alert, pr\u00e9sence des secours : simulation de crue \u00e0 La Fert\u00e9-Gaucher<\/a><\/b><br \/>La pr\u00e9fecture de Seine-et-Marne organisait la simulation d\u2019une crue comparable \u00e0 1910 \u00e0 La Fert\u00e9-Gaucher. Un \u00e9v\u00e9nement qui s\u2019inscrivait dans l\u2019exercice Hydros 25.<\/p>\n<p class=\" wall-content\"><b>Seine-Saint-Denis. <a href=\"https:\/\/actu.fr\/ile-de-france\/stains_93072\/nous-continuerons-a-etre-intraitables-l-hygiene-des-commerces-de-stains-placee-sous-haute-surveillance_63293521.html\" rel=\"nofollow noopener\" target=\"_blank\">\u00ab\u00a0Nous continuerons \u00e0 \u00eatre intraitables\u00a0\u00bb : l\u2019hygi\u00e8ne des commerces de Stains plac\u00e9e sous haute surveillance<\/a><\/b><\/p>\n<p class=\" wall-content\"><b\/>Face aux d\u00e9rives de certains commer\u00e7ants, la mairie de Stains (Seine-Saint-Denis) serre la vis sur les contr\u00f4les sanitaires.<\/p>\n<p class=\" wall-content\"><b>Val-de-Marne. <a href=\"https:\/\/actu.fr\/ile-de-france\/villecresnes_94075\/la-chasse-au-sanglier-ouverte-durant-trois-journees-dans-cette-foret-du-val-de-marne_63295634.html\" rel=\"nofollow noopener\" target=\"_blank\">La chasse au sanglier ouverte durant trois journ\u00e9es dans cette for\u00eat\u00a0<\/a><\/b><br \/>L\u2019Office national des for\u00eats a annonc\u00e9 trois journ\u00e9es de chasse en for\u00eat domaniale de la Grange (Val-de-Marne).<\/p>\n<p class=\" wall-content\"><b>Paris.<\/b> <b><a href=\"https:\/\/actu.fr\/ile-de-france\/paris_75056\/shein-a-paris-l-exploitant-du-bhv-exclu-de-la-federation-des-grands-magasins-a-l-unanimite_63296197.html\" rel=\"nofollow noopener\" target=\"_blank\">Shein : l\u2019exploitant du BHV exclu de la f\u00e9d\u00e9ration des grands magasins \u00ab\u00a0\u00e0 l\u2019unanimit\u00e9\u00a0\u00bb<\/a><\/b><br \/>En raison de son partenariat avec Shein, la Soci\u00e9t\u00e9 des grands magasins, qui exploite le BHV, vient de se faire exclure de l\u2019Union du grand commerce de centre-ville (UCV).<\/p>\n<p>Vid\u00e9os : en ce moment sur Actu<\/p>\n<p class=\" wall-content\"><b>Suivez-nous pour en savoir plus\u2009!<\/b><br \/>Vous voulez plus d\u2019infos sur l\u2019\u00cele-de-France\u2009? Vous pouvez nous retrouver sur actu \u00cele-de-France. Pour nous suivre sur les r\u00e9seaux sociaux, dans vos d\u00e9partements\u2009:<\/p>\n<p class=\" wall-content\"><b>Paris<\/b>\u2009: retrouvez\u00a0actu\u00a0Paris\u00a0sur\u00a0<a href=\"https:\/\/www.facebook.com\/actufr.paris\/\" rel=\"nofollow noopener\" target=\"_blank\">Facebook<\/a>\u00a0et\u00a0<a href=\"https:\/\/twitter.com\/actufrparis\" rel=\"nofollow noopener\" target=\"_blank\">Twitter<\/a>\u2009;<br \/><b>Seine-et-Marne<\/b>\u2009: retrouvez\u00a0La R\u00e9publique de Seine-et-Marne\u00a0(sud) sur\u00a0<a href=\"https:\/\/www.facebook.com\/RepubliqueSeineMarne\/\" rel=\"nofollow noopener\" target=\"_blank\">Facebook<\/a>\u00a0et\u00a0<a href=\"https:\/\/twitter.com\/LaRep77\" rel=\"nofollow noopener\" target=\"_blank\">Twitter<\/a>\u2009;\u00a0La Marne\u00a0(nord) sur\u00a0<a href=\"https:\/\/www.facebook.com\/journallarmarne\/?__tn__=%2Cd%2CP-R&amp;eid=ARDLZc91LaHbXzDwChLLLQJVMBLx_ABJremTC2-RG0CYvg0f4f8CLvbV5G1Lli4g_6QoXDcKkU1_LX1W\" rel=\"nofollow noopener\" target=\"_blank\">Facebook<\/a>\u00a0et\u00a0<a href=\"https:\/\/twitter.com\/JournalLaMarne\" rel=\"nofollow noopener\" target=\"_blank\">Twitter<\/a>\u2009; et\u00a0Le Pays Briard\u00a0sur\u00a0<a href=\"https:\/\/www.facebook.com\/LePaysBriard\/?ref=bookmarks\" rel=\"nofollow noopener\" target=\"_blank\">Facebook<\/a>\u00a0et\u00a0<a href=\"https:\/\/twitter.com\/LePaysBriard\" rel=\"nofollow noopener\" target=\"_blank\">Twitter<\/a>\u2009;<br \/><b>Yvelines\u2009:<\/b>\u00a0retrouvez\u00a078actu\u00a0sur\u00a0<a href=\"https:\/\/www.facebook.com\/78actu\/\" rel=\"nofollow noopener\" target=\"_blank\">Facebook<\/a>\u00a0et\u00a0<a href=\"https:\/\/x.com\/78actu\" rel=\"nofollow\">Twitter<\/a>\u2009;<br \/><b>Essonne\u2009:<\/b>\u00a0retrouvez\u00a0actu Essonne\u00a0sur\u00a0<a href=\"https:\/\/www.facebook.com\/actuessonne\/?ref=br_rs\" rel=\"nofollow noopener\" target=\"_blank\">Facebook<\/a>\u00a0et\u00a0<a href=\"https:\/\/twitter.com\/ActuEssonne\" rel=\"nofollow noopener\" target=\"_blank\">Twitter<\/a>\u2009;<br \/><b>Hauts-de-Seine\u2009:<\/b>\u00a0retrouvez\u00a0actu\u00a0Hauts-de-Seine\u00a0sur\u00a0<a href=\"https:\/\/www.facebook.com\/actufr.hautsdeseine\/\" rel=\"nofollow noopener\" target=\"_blank\">Facebook<\/a>\u00a0et\u00a0<a href=\"https:\/\/twitter.com\/actufr92\" rel=\"nofollow noopener\" target=\"_blank\">Twitter<\/a>\u2009;<br \/><b>Seine-Saint-Denis\u2009:<\/b>\u00a0retrouvez actu Seine-Saint-Denis sur\u00a0<a href=\"https:\/\/www.facebook.com\/actufr.seinesaintdenis\/\" rel=\"nofollow noopener\" target=\"_blank\">Facebook<\/a>\u00a0et\u00a0<a href=\"https:\/\/x.com\/Actufr93\" rel=\"nofollow\">Twitter<\/a>\u2009;<br \/><b>Val-de-Marne\u2009:\u00a0<\/b>retrouvez actu Val-de-Marne sur\u00a0<a href=\"https:\/\/www.facebook.com\/actu94.valdemarne\/\" rel=\"nofollow noopener\" target=\"_blank\">Facebook\u00a0<\/a>et\u00a0<a href=\"https:\/\/x.com\/actufr94\" rel=\"nofollow\">Twitter\u2009<\/a>;<br \/><b>Val-d\u2019Oise\u2009:\u00a0<\/b>retrouvez La Gazette du Val-d\u2019Oise sur\u00a0<a href=\"https:\/\/x.com\/actufr94\" rel=\"nofollow\">Twitter<\/a><\/p>\n<p class=\" wall-content\">Personnalisez votre actualit\u00e9 en ajoutant vos villes et m\u00e9dias en favori avec <a href=\"https:\/\/moncompte.actu.fr\" title=\"D\u00e9couvez Mon Actu\" rel=\"nofollow noopener\" data-trk=\"{&quot;cta&quot;:{&quot;action&quot;:&quot;https:\\\/\\\/moncompte.actu.fr&quot;,&quot;category&quot;:&quot;mon compte&quot;,&quot;from&quot;:&quot;article footer&quot;,&quot;name&quot;:&quot;Mon actu&quot;,&quot;type&quot;:&quot;cta&quot;}}\" target=\"_blank\">Mon Actu<\/a>.<\/p>\n<p>                    <script async src=\"https:\/\/platform.twitter.com\/widgets.js\" charset=\"utf-8\"><\/script><\/p>\n","protected":false},"excerpt":{"rendered":"Par R\u00e9daction Coulommiers Publi\u00e9 le 14 oct. 2025 \u00e0 11h46 Que s\u2019est-il pass\u00e9 \u00e0 Paris et en \u00cele-de-France&hellip;\n","protected":false},"author":2,"featured_media":462222,"comment_status":"","ping_status":"","sticky":false,"template":"","format":"standard","meta":{"footnotes":""},"categories":[1592],"tags":[1111,11,4753,4183,1777,674,1011,27,662,2839,12,626,25,104],"class_list":{"0":"post-462221","1":"post","2":"type-post","3":"status-publish","4":"format-standard","5":"has-post-thumbnail","7":"category-ile-de-france","8":"tag-actu","9":"tag-actualites","10":"tag-bhv","11":"tag-chasse","12":"tag-eu","13":"tag-europe","14":"tag-fr","15":"tag-france","16":"tag-ile-de-france","17":"tag-inondations","18":"tag-news","19":"tag-paris","20":"tag-republique-francaise","21":"tag-societe"},"share_on_mastodon":{"url":"https:\/\/pubeurope.com\/@fr\/115372272217943857","error":""},"_links":{"self":[{"href":"https:\/\/www.europesays.com\/fr\/wp-json\/wp\/v2\/posts\/462221","targetHints":{"allow":["GET"]}}],"collection":[{"href":"https:\/\/www.europesays.com\/fr\/wp-json\/wp\/v2\/posts"}],"about":[{"href":"https:\/\/www.europesays.com\/fr\/wp-json\/wp\/v2\/types\/post"}],"author":[{"embeddable":true,"href":"https:\/\/www.europesays.com\/fr\/wp-json\/wp\/v2\/users\/2"}],"replies":[{"embeddable":true,"href":"https:\/\/www.europesays.com\/fr\/wp-json\/wp\/v2\/comments?post=462221"}],"version-history":[{"count":0,"href":"https:\/\/www.europesays.com\/fr\/wp-json\/wp\/v2\/posts\/462221\/revisions"}],"wp:featuredmedia":[{"embeddable":true,"href":"https:\/\/www.europesays.com\/fr\/wp-json\/wp\/v2\/media\/462222"}],"wp:attachment":[{"href":"https:\/\/www.europesays.com\/fr\/wp-json\/wp\/v2\/media?parent=462221"}],"wp:term":[{"taxonomy":"category","embeddable":true,"href":"https:\/\/www.europesays.com\/fr\/wp-json\/wp\/v2\/categories?post=462221"},{"taxonomy":"post_tag","embeddable":true,"href":"https:\/\/www.europesays.com\/fr\/wp-json\/wp\/v2\/tags?post=462221"}],"curies":[{"name":"wp","href":"https:\/\/api.w.org\/{rel}","templated":true}]}}