{"id":462243,"date":"2025-10-14T11:36:20","date_gmt":"2025-10-14T11:36:20","guid":{"rendered":"https:\/\/www.europesays.com\/fr\/462243\/"},"modified":"2025-10-14T11:36:20","modified_gmt":"2025-10-14T11:36:20","slug":"trois-representants-du-gouren-nord-finisterien-primes-apres-le-championnat-deurope-des-luttes-celtiques","status":"publish","type":"post","link":"https:\/\/www.europesays.com\/fr\/462243\/","title":{"rendered":"Trois repr\u00e9sentants du gouren nord-finist\u00e9rien prim\u00e9s apr\u00e8s le championnat d\u2019Europe des luttes celtiques"},"content":{"rendered":"<p>Suite \u00e0 l\u2019organisation conjointe par trois clubs de Gouren du Finist\u00e8re (le Skol Gouren Kerhorre du Relecq-Kerhuon, celui de Guipavas et de Plouarzel) du <a href=\"https:\/\/www.letelegramme.fr\/finistere\/saint-renan-29290\/lequipe-de-bretagne-a-brille-de-mille-feux-aux-championnats-deurope-de-luttes-celtiques-a-saint-renan-6802761.php\" title=\"www.letelegramme.fr\" target=\"_blank\" rel=\"noopener\">championnat d\u2019Europe des luttes celtiques \u00e0 Saint-Renan en avril dernier<\/a>, le comit\u00e9 r\u00e9gional olympique et sportif de Bretagne a remis un prix aux organisateurs \u00e0 l\u2019occasion de la c\u00e9r\u00e9monie des Hermines d\u2019or, vendredi 10 octobre 2025.<\/p>\n<p>Un \u00ab\u00a0Coup de c\u0153ur\u00a0\u00bb pour le Relecquois Morgan Lamy<\/p>\n<p>Ainsi, Morgan Lamy, entra\u00eeneur et secr\u00e9taire de la <a href=\"https:\/\/www.letelegramme.fr\/finistere\/relecq-kerhuon-29480\/des-jeunes-sportifs-motives-et-engages-au-skol-gouren-kerhor-6837148.php\" title=\"www.letelegramme.fr\" target=\"_blank\" rel=\"noopener\">Skol Gouren Kerhor<\/a>, a re\u00e7u, parmi les douze candidats, le prix du \u00ab\u00a0Coup de C\u0153ur\u00a0\u00bb. Une distinction qu\u2019il partage avec les repr\u00e9sentants des autres clubs, Jean-L\u2019Her pour Guipavas, et Jean-Luc Ragu\u00e9n\u00e8s pour Plouarzel. \u00ab\u00a0Outre son engagement depuis une trentaine d\u2019ann\u00e9es dans le club de gouren de la ville, Morgan Lamy pr\u00e9side depuis 2016 l\u2019association Skolio\u00f9 Gouren Bro Leon, qui f\u00e9d\u00e8re les onze clubs de gouren de la r\u00e9gion brestoise\u00a0\u00bb, commentent avec satisfaction les responsables du club, en ajoutant que cette distinction r\u00e9compense une \u00e9quipe de passionn\u00e9s qui se battent depuis de nombreuses ann\u00e9es pour perp\u00e9tuer la pratique de la lutte traditionnelle de Bretagne, sport encore trop mal connu, m\u00eame sur sa terre d\u2019origine\u00a0\u00bb.<\/p>\n<p>Pour m\u00e9moire, ce championnat avait \u00e9t\u00e9 un vrai succ\u00e8s gr\u00e2ce \u00e0 la pr\u00e9sence de 130 b\u00e9n\u00e9voles et la pr\u00e9sence de plus de 2\u00a0000 spectateurs pour assister aux deux jours de rencontres des 90 lutteurs venus de six pays.<\/p>\n","protected":false},"excerpt":{"rendered":"Suite \u00e0 l\u2019organisation conjointe par trois clubs de Gouren du Finist\u00e8re (le Skol Gouren Kerhorre du Relecq-Kerhuon, celui&hellip;\n","protected":false},"author":2,"featured_media":462244,"comment_status":"","ping_status":"","sticky":false,"template":"","format":"standard","meta":{"footnotes":""},"categories":[1586],"tags":[11,1777,674,1011,27,10369,10368,11202,12,22872,25],"class_list":{"0":"post-462243","1":"post","2":"type-post","3":"status-publish","4":"format-standard","5":"has-post-thumbnail","7":"category-europe","8":"tag-actualites","9":"tag-eu","10":"tag-europe","11":"tag-fr","12":"tag-france","13":"tag-gouren","14":"tag-guipavas","15":"tag-le-relecq-kerhuon","16":"tag-news","17":"tag-plouarzel","18":"tag-republique-francaise"},"share_on_mastodon":{"url":"https:\/\/pubeurope.com\/@fr\/115372319382607709","error":""},"_links":{"self":[{"href":"https:\/\/www.europesays.com\/fr\/wp-json\/wp\/v2\/posts\/462243","targetHints":{"allow":["GET"]}}],"collection":[{"href":"https:\/\/www.europesays.com\/fr\/wp-json\/wp\/v2\/posts"}],"about":[{"href":"https:\/\/www.europesays.com\/fr\/wp-json\/wp\/v2\/types\/post"}],"author":[{"embeddable":true,"href":"https:\/\/www.europesays.com\/fr\/wp-json\/wp\/v2\/users\/2"}],"replies":[{"embeddable":true,"href":"https:\/\/www.europesays.com\/fr\/wp-json\/wp\/v2\/comments?post=462243"}],"version-history":[{"count":0,"href":"https:\/\/www.europesays.com\/fr\/wp-json\/wp\/v2\/posts\/462243\/revisions"}],"wp:featuredmedia":[{"embeddable":true,"href":"https:\/\/www.europesays.com\/fr\/wp-json\/wp\/v2\/media\/462244"}],"wp:attachment":[{"href":"https:\/\/www.europesays.com\/fr\/wp-json\/wp\/v2\/media?parent=462243"}],"wp:term":[{"taxonomy":"category","embeddable":true,"href":"https:\/\/www.europesays.com\/fr\/wp-json\/wp\/v2\/categories?post=462243"},{"taxonomy":"post_tag","embeddable":true,"href":"https:\/\/www.europesays.com\/fr\/wp-json\/wp\/v2\/tags?post=462243"}],"curies":[{"name":"wp","href":"https:\/\/api.w.org\/{rel}","templated":true}]}}