{"id":462247,"date":"2025-10-14T11:38:12","date_gmt":"2025-10-14T11:38:12","guid":{"rendered":"https:\/\/www.europesays.com\/fr\/462247\/"},"modified":"2025-10-14T11:38:12","modified_gmt":"2025-10-14T11:38:12","slug":"en-direct-gouvernement-lecornu-ii-macron-estime-que-les-motions-de-censure-sont-des-motions-de-dissolution","status":"publish","type":"post","link":"https:\/\/www.europesays.com\/fr\/462247\/","title":{"rendered":"EN DIRECT &#8211; Gouvernement Lecornu II : Macron estime que les motions de censure \u00ab\u00a0sont des motions de dissolution\u00a0\u00bb"},"content":{"rendered":"<p>      projet de budget 2026 : Des mesures pour les agriculteurs<\/p>\n<p>Le projet de budget pr\u00e9sent\u00e9 par le gouvernement Lecornu pr\u00e9voit plusieurs mesures fiscales pour les agriculteurs r\u00e9clam\u00e9es notamment par l&rsquo;alliance syndicale FNSEA-JA, qui s&rsquo;opposent toutefois \u00e0 la suppression d&rsquo;avantages fiscaux pour les agrocarburants.<\/p>\n<p>Deux dispositifs de soutien aux agriculteurs sont maintenus : la d\u00e9duction pour \u00e9pargne de pr\u00e9caution, qui permet aux agriculteurs de d\u00e9duire une certaine somme de leur b\u00e9n\u00e9fice imposable, est prolong\u00e9e jusqu&rsquo;en 2028. Cette \u00e9pargne peut ensuite leur permettre de faire face aux al\u00e9as climatiques ou d&rsquo;investir pour moderniser leur exploitation.&#13;<\/p>\n<p>Le gouvernement souhaite aussi reconduire le cr\u00e9dit d&rsquo;imp\u00f4t en faveur de l&rsquo;agriculture biologique, qui \u00ab\u00a0s&rsquo;inscrit dans un large \u00e9cosyst\u00e8me d&rsquo;aides permettant d&rsquo;apporter un soutien important\u00a0\u00bb \u00e0 ce mode de production.<\/p>\n<p>Une autre mesure phare demand\u00e9e par les \u00e9leveurs qui font face \u00e0 la multiplication de maladies animales d\u00e9vastatrices \u00e9tait de d\u00e9fiscaliser les indemnisations accord\u00e9es par l&rsquo;\u00c9tat en cas d&rsquo;abattage sanitaire.&#13;&#13;<\/p>\n<p>Partager<\/p>\n","protected":false},"excerpt":{"rendered":"projet de budget 2026 : Des mesures pour les agriculteurs Le projet de budget pr\u00e9sent\u00e9 par le gouvernement&hellip;\n","protected":false},"author":2,"featured_media":459572,"comment_status":"","ping_status":"","sticky":false,"template":"","format":"standard","meta":{"footnotes":""},"categories":[2],"tags":[11,898,416,1073,107,1011,27,418,12,25,11067],"class_list":{"0":"post-462247","1":"post","2":"type-post","3":"status-publish","4":"format-standard","5":"has-post-thumbnail","7":"category-actualites","8":"tag-actualites","9":"tag-alerte","10":"tag-assemblee-nationale","11":"tag-emmanuel-macron","12":"tag-fil-info","13":"tag-fr","14":"tag-france","15":"tag-gouvernement","16":"tag-news","17":"tag-republique-francaise","18":"tag-sebastien-lecornu"},"share_on_mastodon":{"url":"https:\/\/pubeurope.com\/@fr\/115372327221611834","error":""},"_links":{"self":[{"href":"https:\/\/www.europesays.com\/fr\/wp-json\/wp\/v2\/posts\/462247","targetHints":{"allow":["GET"]}}],"collection":[{"href":"https:\/\/www.europesays.com\/fr\/wp-json\/wp\/v2\/posts"}],"about":[{"href":"https:\/\/www.europesays.com\/fr\/wp-json\/wp\/v2\/types\/post"}],"author":[{"embeddable":true,"href":"https:\/\/www.europesays.com\/fr\/wp-json\/wp\/v2\/users\/2"}],"replies":[{"embeddable":true,"href":"https:\/\/www.europesays.com\/fr\/wp-json\/wp\/v2\/comments?post=462247"}],"version-history":[{"count":0,"href":"https:\/\/www.europesays.com\/fr\/wp-json\/wp\/v2\/posts\/462247\/revisions"}],"wp:featuredmedia":[{"embeddable":true,"href":"https:\/\/www.europesays.com\/fr\/wp-json\/wp\/v2\/media\/459572"}],"wp:attachment":[{"href":"https:\/\/www.europesays.com\/fr\/wp-json\/wp\/v2\/media?parent=462247"}],"wp:term":[{"taxonomy":"category","embeddable":true,"href":"https:\/\/www.europesays.com\/fr\/wp-json\/wp\/v2\/categories?post=462247"},{"taxonomy":"post_tag","embeddable":true,"href":"https:\/\/www.europesays.com\/fr\/wp-json\/wp\/v2\/tags?post=462247"}],"curies":[{"name":"wp","href":"https:\/\/api.w.org\/{rel}","templated":true}]}}