{"id":462248,"date":"2025-10-14T11:39:11","date_gmt":"2025-10-14T11:39:11","guid":{"rendered":"https:\/\/www.europesays.com\/fr\/462248\/"},"modified":"2025-10-14T11:39:11","modified_gmt":"2025-10-14T11:39:11","slug":"la-remarque-de-trump-a-macron-nest-pas-passee-inapercue","status":"publish","type":"post","link":"https:\/\/www.europesays.com\/fr\/462248\/","title":{"rendered":"la remarque de Trump \u00e0 Macron n&rsquo;est pas pass\u00e9e inaper\u00e7ue"},"content":{"rendered":"<p>Une petite pique qui fait r\u00e9agir. Alors que Donald Trump cl\u00f4turait <a href=\"https:\/\/www.laprovence.com\/article\/france-monde\/3599288815318414\/direct-laprovence-cessez-le-feu-a-gaza-la-liberation-des-20-otages-recuperes-par-la-croix-rouge-se-poursuit-suivez-notre-direct\" target=\"_blank\" rel=\"noopener\">le sommet pour la paix \u00e0 Gaza<\/a> ce lundi 13 octobre, le pr\u00e9sident des Etats-Unis a remerci\u00e9 les chefs d&rsquo;Etat pr\u00e9sents en Egypte pour ce jour historique.\u00a0<\/p>\n<p>Arriv\u00e9 \u00e0 Emmanuel Macron, qui n&rsquo;\u00e9tait pas sur sc\u00e8ne derri\u00e8re lui mais assis au premier rang, non loin de Mahmoud Abbas, Donald Trump s&rsquo;en est amus\u00e9 : \u00ab\u00a0Je ne peux pas y croire, tu fais\u00a0profil bas\u00a0aujourd&rsquo;hui\u00a0\u00bb, a-t-il d\u00e9clar\u00e9. Une remarque qui a fait rire une bonne partie de l&rsquo;Assembl\u00e9e. \u00ab\u00a0C&rsquo;est mon ami\u00a0\u00bb, a alors nuanc\u00e9 Donald Trump, avant de poursuivre sa vague de remerciement.<\/p>\n<p>Mais le pr\u00e9sident fran\u00e7ais n&rsquo;\u00e9tait pas le seul \u00e0 s&rsquo;\u00eatre install\u00e9 face \u00e0 Donal Trump, plut\u00f4t que derri\u00e8re lui sur l&rsquo;estrade. \u00ab\u00a0Je ne sais pas pourquoi ils ont choisi de se tenir debout derri\u00e8re moi, mais ils sont l\u00e0. Ils seront tous tr\u00e8s c\u00e9l\u00e8bres demain\u00a0\u00bb, a ironis\u00e9 le chef d&rsquo;Etat am\u00e9ricain.\u00a0<\/p>\n<p>Depuis l&rsquo;Egypte, Emmanuel Macron s&rsquo;est d\u00e9fauss\u00e9 lundi sur la classe politique de toute responsabilit\u00e9 dans la crise fran\u00e7aise, mettant plut\u00f4t en avant son r\u00f4le diplomatique, qu&rsquo;il a tent\u00e9 de conforter, dans la r\u00e9solution de la guerre \u00e0 Gaza. Il\u00a0a imput\u00e9 \u00ab\u00a0ce d\u00e9sordre\u00a0\u00bb uniquement aux forces politiques qui ont \u00ab\u00a0nourri la division\u00a0\u00bb, \u00ab\u00a0jou\u00e9 la d\u00e9stabilisation\u00a0\u00bb, et n&rsquo;ont \u00ab\u00a0pas \u00e9t\u00e9 au niveau\u00a0\u00bb, visant notamment la coalition d\u00e9sormais plus que vacillante entre le bloc macroniste et la droite.<\/p>\n","protected":false},"excerpt":{"rendered":"Une petite pique qui fait r\u00e9agir. Alors que Donald Trump cl\u00f4turait le sommet pour la paix \u00e0 Gaza&hellip;\n","protected":false},"author":2,"featured_media":462249,"comment_status":"","ping_status":"","sticky":false,"template":"","format":"standard","meta":{"footnotes":""},"categories":[2],"tags":[17,11,58663,58662,30284,1011,27,757,12,5261,58661,316,41887,25],"class_list":{"0":"post-462248","1":"post","2":"type-post","3":"status-publish","4":"format-standard","5":"has-post-thumbnail","7":"category-actualites","8":"tag-17","9":"tag-actualites","10":"tag-bas","11":"tag-croire","12":"tag-fais","13":"tag-fr","14":"tag-france","15":"tag-je","16":"tag-news","17":"tag-pas","18":"tag-peux","19":"tag-politique","20":"tag-profil","21":"tag-republique-francaise"},"share_on_mastodon":{"url":"https:\/\/pubeurope.com\/@fr\/115372331084842815","error":""},"_links":{"self":[{"href":"https:\/\/www.europesays.com\/fr\/wp-json\/wp\/v2\/posts\/462248","targetHints":{"allow":["GET"]}}],"collection":[{"href":"https:\/\/www.europesays.com\/fr\/wp-json\/wp\/v2\/posts"}],"about":[{"href":"https:\/\/www.europesays.com\/fr\/wp-json\/wp\/v2\/types\/post"}],"author":[{"embeddable":true,"href":"https:\/\/www.europesays.com\/fr\/wp-json\/wp\/v2\/users\/2"}],"replies":[{"embeddable":true,"href":"https:\/\/www.europesays.com\/fr\/wp-json\/wp\/v2\/comments?post=462248"}],"version-history":[{"count":0,"href":"https:\/\/www.europesays.com\/fr\/wp-json\/wp\/v2\/posts\/462248\/revisions"}],"wp:featuredmedia":[{"embeddable":true,"href":"https:\/\/www.europesays.com\/fr\/wp-json\/wp\/v2\/media\/462249"}],"wp:attachment":[{"href":"https:\/\/www.europesays.com\/fr\/wp-json\/wp\/v2\/media?parent=462248"}],"wp:term":[{"taxonomy":"category","embeddable":true,"href":"https:\/\/www.europesays.com\/fr\/wp-json\/wp\/v2\/categories?post=462248"},{"taxonomy":"post_tag","embeddable":true,"href":"https:\/\/www.europesays.com\/fr\/wp-json\/wp\/v2\/tags?post=462248"}],"curies":[{"name":"wp","href":"https:\/\/api.w.org\/{rel}","templated":true}]}}