{"id":462257,"date":"2025-10-14T11:46:13","date_gmt":"2025-10-14T11:46:13","guid":{"rendered":"https:\/\/www.europesays.com\/fr\/462257\/"},"modified":"2025-10-14T11:46:13","modified_gmt":"2025-10-14T11:46:13","slug":"le-gros-appel-de-fabio-quartararo-a-son-ecurie-le-francais-ne-plaisante-pas","status":"publish","type":"post","link":"https:\/\/www.europesays.com\/fr\/462257\/","title":{"rendered":"le gros appel de Fabio Quartararo \u00e0 son \u00e9curie, le Fran\u00e7ais ne plaisante pas !"},"content":{"rendered":"<p>Fabio Quartararo ne compte pas rigoler avec Yamaha et l&rsquo;a bien fait comprendre. Le pilote de l&rsquo;\u00e9curie japonaise a envoy\u00e9 un message tr\u00e8s important aux \u00e9quipes du constructeur japonais en vue de la saison 2026, lan\u00e7ant un appel au travail. Il a fait comprendre qu&rsquo;\u00e0 ses yeux, la M1 a actuellement plus de potentiel que le V4, qui doit \u00eatre lanc\u00e9 pour de bon en 2026 chez le constructeur d&rsquo;Iwata afin de revenir sur les meilleures \u00e9curies du circuit. Alors que Yamaha peine \u00e0 se rapprocher des leaders, Fabio Quartararo a point\u00e9 du doigt les progr\u00e8s trop timides de son \u00e9quipe depuis le d\u00e9but de la saison. Il a donc lanc\u00e9 un appel tr\u00e8s important au travail.<\/p>\n<p>Quartararo appelle Yamaha au travail<\/p>\n<blockquote>\n<p>\u00ab\u00a0Je pense que l\u2019\u00e9tape la plus importante que nous avons faite cette ann\u00e9e, c\u2019\u00e9tait le test de Barcelone en 2024. Alors, bien s\u00fbr, nous avons fait quelques am\u00e9liorations, mais nous avons vu que les meilleurs moments que nous avons eus \u00e9taient le d\u00e9but de l\u2019ann\u00e9e. Les trois premi\u00e8res courses : Le Mans, Jerez et Silverstone. Depuis, on a vraiment du mal. Mais comme je l\u2019ai dit, je veux me concentrer sur moi-m\u00eame et essayer d\u2019am\u00e9liorer en tant que pilote. Potentiellement, le projet 2026, ce sera le V4. Mais le potentiel du V4 est encore tr\u00e8s loin, pour moi, de la 4 en ligne. On sait que le projet vient juste de commencer, et qu\u2019il y a encore pas mal de travail. Mais pour l\u2019instant, le potentiel de notre moto est plus haut que celui de la V4. Moi, je veux avoir la moto la plus comp\u00e9titive possible pour les tests de la Malaisie. Les tests de Tha\u00eflande, on sait que c\u2019est un petit peu le moment o\u00f9 on aura notre moto d\u00e9finitive. Il n\u2019y a pas le temps de ramener vraiment des choses, des tests \u00e0 la course. Donc voil\u00e0, ce sont eux qui doivent vraiment se d\u00e9brouiller pour ramener la meilleure moto possible pour les tests\u00a0\u00bb, a confi\u00e9 Quartararo, invit\u00e9 \u00e0 dresser l\u2019\u00e9volution de la Yamaha M1 dans son point presse avant le Grand Prix d\u2019Indon\u00e9sie de MotoGP.<\/p>\n<\/blockquote>\n<p>Le pilote ni\u00e7ois veut donc avoir des progr\u00e8s de taille lors des tests en Tha\u00eflande d\u00e9but 2026, lui qui sait que la saison prochaine sera un v\u00e9ritable tournant dans sa carri\u00e8re, avec la possibilit\u00e9 de quitter Yamaha au terme de cette future saison&#8230;<\/p>\n<p>    Partagez cette info avec vos amis et vos proches en cliquant ici  <\/p>\n<p> Podcasts \u00e0 la une MEN LIFE <\/p>\n<p>    Pour r\u00e9sumer<\/p>\n<p>Fabio Quartararo ne compte pas rigoler avec Yamaha et l&rsquo;a bien fait comprendre. Le pilote de l&rsquo;\u00e9curie japonaise a envoy\u00e9 un message tr\u00e8s important aux \u00e9quipes du constructeur japonais en vue de la saison 2026, lan\u00e7ant un appel au travail.<\/p>\n<p>R\u00e9dacteur<\/p>\n<p><img decoding=\"async\" width=\"76\" height=\"76\" loading=\"lazy\" src=\"https:\/\/www.europesays.com\/fr\/wp-content\/uploads\/2025\/04\/logo-victor-willems.jpg\" alt=\"Victor Willems\"\/><\/p>\n","protected":false},"excerpt":{"rendered":"Fabio Quartararo ne compte pas rigoler avec Yamaha et l&rsquo;a bien fait comprendre. Le pilote de l&rsquo;\u00e9curie japonaise&hellip;\n","protected":false},"author":2,"featured_media":462258,"comment_status":"","ping_status":"","sticky":false,"template":"","format":"standard","meta":{"footnotes":""},"categories":[1413],"tags":[1011,27,1457,1456,60],"class_list":{"0":"post-462257","1":"post","2":"type-post","3":"status-publish","4":"format-standard","5":"has-post-thumbnail","7":"category-moto","8":"tag-fr","9":"tag-france","10":"tag-moto","11":"tag-motocycle","12":"tag-sports"},"share_on_mastodon":{"url":"https:\/\/pubeurope.com\/@fr\/115372359358342013","error":""},"_links":{"self":[{"href":"https:\/\/www.europesays.com\/fr\/wp-json\/wp\/v2\/posts\/462257","targetHints":{"allow":["GET"]}}],"collection":[{"href":"https:\/\/www.europesays.com\/fr\/wp-json\/wp\/v2\/posts"}],"about":[{"href":"https:\/\/www.europesays.com\/fr\/wp-json\/wp\/v2\/types\/post"}],"author":[{"embeddable":true,"href":"https:\/\/www.europesays.com\/fr\/wp-json\/wp\/v2\/users\/2"}],"replies":[{"embeddable":true,"href":"https:\/\/www.europesays.com\/fr\/wp-json\/wp\/v2\/comments?post=462257"}],"version-history":[{"count":0,"href":"https:\/\/www.europesays.com\/fr\/wp-json\/wp\/v2\/posts\/462257\/revisions"}],"wp:featuredmedia":[{"embeddable":true,"href":"https:\/\/www.europesays.com\/fr\/wp-json\/wp\/v2\/media\/462258"}],"wp:attachment":[{"href":"https:\/\/www.europesays.com\/fr\/wp-json\/wp\/v2\/media?parent=462257"}],"wp:term":[{"taxonomy":"category","embeddable":true,"href":"https:\/\/www.europesays.com\/fr\/wp-json\/wp\/v2\/categories?post=462257"},{"taxonomy":"post_tag","embeddable":true,"href":"https:\/\/www.europesays.com\/fr\/wp-json\/wp\/v2\/tags?post=462257"}],"curies":[{"name":"wp","href":"https:\/\/api.w.org\/{rel}","templated":true}]}}