{"id":462259,"date":"2025-10-14T11:47:11","date_gmt":"2025-10-14T11:47:11","guid":{"rendered":"https:\/\/www.europesays.com\/fr\/462259\/"},"modified":"2025-10-14T11:47:11","modified_gmt":"2025-10-14T11:47:11","slug":"un-insider-de-la-f1-sexprime-sur-letat-de-sante-de-michael-schumacher-la-premiere-fois-que-nous-avons-un-signe-positif-presque-un-signe-de-vie","status":"publish","type":"post","link":"https:\/\/www.europesays.com\/fr\/462259\/","title":{"rendered":"Un insider de la F1 s&rsquo;exprime sur l&rsquo;\u00e9tat de sant\u00e9 de Michael Schumacher\u00a0: \u00ab\u00a0La premi\u00e8re fois que nous avons un signe positif, presque un signe de vie\u00a0\u00bb"},"content":{"rendered":"<p><a href=\"https:\/\/www.lavenir.net\/sports\/moteurs\/2025\/03\/27\/un-proche-donne-des-nouvelles-inquietantes-de-michael-schumacher-il-ne-peut-plus-sexprimer-verbalement-HBSTTSBRCNFIZDHQPA3MSVUJHA\/\" target=\"_blank\" rel=\"noopener noreferrer\" class=\"ap-StoryInterstitialLink ap-StoryElement ap-StoryElement--mb\">Un proche donne des nouvelles inqui\u00e9tantes de Michael Schumacher: \u00ab\u00a0Il ne peut plus s&rsquo;exprimer verbalement\u00a0\u00bb<\/a><\/p>\n<p class=\"ap-StoryElement ap-StoryElement--mb ap-StoryText\">Stefan L&rsquo;Hermitt, journaliste \u00e0 L&rsquo;\u00c9quipe a laiss\u00e9 entendre que l&rsquo;\u00e9tat de sant\u00e9 du l\u00e9gendaire pilote de F1 pourrait avoir connu une certaine am\u00e9lioration. \u00ab\u00a0Je dirais qu&rsquo;il ne va pas bien, mais qu&rsquo;il pourrait aller mieux, car fondamentalement, nous ne savons rien\u00a0\u00bb.<\/p>\n<blockquote class=\"ap-StoryQuote ap-StoryQuote--pullquote\"><p>guillement<\/p>\n<p class=\"ap-StoryQuote-text\">Nous avons donc toujours affaire \u00e0 quelqu&rsquo;un qui respire encore, qui a peut-\u00eatre quelques interactions limit\u00e9es avec sa famille<\/p>\n<\/blockquote>\n<p class=\"text-left ap-StoryElement ap-StoryElement--mb ap-StoryText\">\u00ab\u00a0Cette ann\u00e9e, <a href=\"https:\/\/www.lavenir.net\/sports\/moteurs\/2025\/04\/13\/michael-schumacher-a-donne-un-nouveau-signe-de-vie-dune-maniere-plutot-originale-cest-fantastique-que-michael-ait-pu-le-faire-OEHMYOXR4VC6NOGKJKH33DDG4I\/\" target=\"_blank\" rel=\"noopener\">il a sign\u00e9 un casque pour un \u00e9v\u00e9nement caritatif<\/a>. \u00c9tait-ce sa femme qui lui tenait la main\u00a0? Nous ne le savons pas exactement, mais c&rsquo;est la premi\u00e8re fois que nous avons un signe positif, presque un signe de vie\u00a0\u00bb.<\/p>\n<p class=\"ap-StoryElement ap-StoryElement--mb ap-StoryText\">\u00ab\u00a0Nous avons donc toujours affaire \u00e0 quelqu&rsquo;un qui respire encore, qui a peut-\u00eatre quelques interactions limit\u00e9es avec sa famille, mais nous ne pouvons pas affirmer avec certitude qu&rsquo;il va bien\u00a0\u00bb, a-t-il encore ajout\u00e9.<\/p>\n<p class=\"ap-StoryElement ap-StoryElement--mb ap-StoryText\">L&rsquo;ann\u00e9e derni\u00e8re, des rumeurs ont couru selon lesquelles il aurait assist\u00e9 au mariage de sa fille Gina.<\/p>\n<p><a href=\"https:\/\/www.lavenir.net\/sports\/moteurs\/2024\/08\/29\/il-y-a-20-ans-michael-schumacher-celebrait-son-7e-et-dernier-titre-a-spa-francorchamps-DSEUPDXPNRFSZOEEUMFHHCRJIA\/\" target=\"_blank\" rel=\"noopener noreferrer\" class=\"ap-StoryInterstitialLink ap-StoryElement ap-StoryElement--mb\">Il y a 20 ans, Michael Schumacher c\u00e9l\u00e9brait son 7e et dernier titre \u00e0 Spa-Francorchamps<\/a>\u00ab\u00a0La situation est tr\u00e8s triste\u00a0\u00bb<\/p>\n<p class=\"text-left ap-StoryElement ap-StoryElement--mb ap-StoryText\">En mars dernier, l&rsquo;un des plus grands suiveurs de la F1 en Allemagne, Felix Gorner, avait recueilli des informations sur l&rsquo;\u00e9tat de sant\u00e9 de l&rsquo;ancien pilote allemand.<\/p>\n<p class=\"text-left ap-StoryElement ap-StoryElement--mb ap-StoryText\">Selon lui, \u00ab\u00a0la situation est tr\u00e8s triste. Il a besoin de soins constants et d\u00e9pend enti\u00e8rement de ses soignants. Il ne peut plus s&rsquo;exprimer verbalement\u00a0\u00bb, a-t-il expliqu\u00e9 \u00e0 la radio allemande RTL. Cette d\u00e9claration rejoint celle de son fils, Mick Schumacher, qui avait confi\u00e9 en 2021\u00a0: \u00ab\u00a0On aurait beaucoup \u00e0 se dire, et ce serait super si c&rsquo;\u00e9tait le cas\u00a0\u00bb.<\/p>\n<p>\u00ab\u00a0Sa vie est diff\u00e9rente\u00a0\u00bb<\/p>\n<p class=\"text-left ap-StoryElement ap-StoryElement--mb ap-StoryText\">En 2023, son ancien patron chez Ferrari, Jean Todt, avait confi\u00e9\u00a0: \u00ab\u00a0Michael est l\u00e0, donc il ne me manque pas. Sa vie est diff\u00e9rente maintenant et j&rsquo;ai le privil\u00e8ge de partager des moments avec lui. C&rsquo;est tout ce qu&rsquo;il y a \u00e0 dire. Malheureusement, le destin l&rsquo;a frapp\u00e9 il y a dix ans. Il n&rsquo;est plus le\u00a0<a href=\"https:\/\/www.lavenir.net\/actu\/2023\/11\/02\/le-frere-de-michael-schumacher-se-confie-la-vie-nest-pas-juste-FOT2EE3ALFCARLSHUCJSASBAYY\/\" target=\"_blank\" rel=\"noopener\">Michael que nous connaissions en Formule 1<\/a>.\u00a0\u00bb<\/p>\n<p class=\"ap-StoryElement ap-StoryElement--mb ap-StoryText\">Selon les derni\u00e8res informations, l&rsquo;Allemand est toujours pris en charge par une \u00e9quipe m\u00e9dicale et sa femme Corinna dans leur maison au bord du lac L\u00e9man.<\/p>\n","protected":false},"excerpt":{"rendered":"Un proche donne des nouvelles inqui\u00e9tantes de Michael Schumacher: \u00ab\u00a0Il ne peut plus s&rsquo;exprimer verbalement\u00a0\u00bb Stefan L&rsquo;Hermitt, journaliste&hellip;\n","protected":false},"author":2,"featured_media":462260,"comment_status":"","ping_status":"","sticky":false,"template":"","format":"standard","meta":{"footnotes":""},"categories":[1412],"tags":[10350,3057,1451,1452,1453,1454,1455,1011,27,1227,60,3058,4932],"class_list":{"0":"post-462259","1":"post","2":"type-post","3":"status-publish","4":"format-standard","5":"has-post-thumbnail","7":"category-f1","8":"tag-conflict","9":"tag-essential","10":"tag-f1","11":"tag-formula-1","12":"tag-formula1","13":"tag-formule-1","14":"tag-formule1","15":"tag-fr","16":"tag-france","17":"tag-horizontal","18":"tag-sports","19":"tag-topshots","20":"tag-war"},"share_on_mastodon":{"url":"https:\/\/pubeurope.com\/@fr\/115372362612102349","error":""},"_links":{"self":[{"href":"https:\/\/www.europesays.com\/fr\/wp-json\/wp\/v2\/posts\/462259","targetHints":{"allow":["GET"]}}],"collection":[{"href":"https:\/\/www.europesays.com\/fr\/wp-json\/wp\/v2\/posts"}],"about":[{"href":"https:\/\/www.europesays.com\/fr\/wp-json\/wp\/v2\/types\/post"}],"author":[{"embeddable":true,"href":"https:\/\/www.europesays.com\/fr\/wp-json\/wp\/v2\/users\/2"}],"replies":[{"embeddable":true,"href":"https:\/\/www.europesays.com\/fr\/wp-json\/wp\/v2\/comments?post=462259"}],"version-history":[{"count":0,"href":"https:\/\/www.europesays.com\/fr\/wp-json\/wp\/v2\/posts\/462259\/revisions"}],"wp:featuredmedia":[{"embeddable":true,"href":"https:\/\/www.europesays.com\/fr\/wp-json\/wp\/v2\/media\/462260"}],"wp:attachment":[{"href":"https:\/\/www.europesays.com\/fr\/wp-json\/wp\/v2\/media?parent=462259"}],"wp:term":[{"taxonomy":"category","embeddable":true,"href":"https:\/\/www.europesays.com\/fr\/wp-json\/wp\/v2\/categories?post=462259"},{"taxonomy":"post_tag","embeddable":true,"href":"https:\/\/www.europesays.com\/fr\/wp-json\/wp\/v2\/tags?post=462259"}],"curies":[{"name":"wp","href":"https:\/\/api.w.org\/{rel}","templated":true}]}}