{"id":462265,"date":"2025-10-14T11:50:17","date_gmt":"2025-10-14T11:50:17","guid":{"rendered":"https:\/\/www.europesays.com\/fr\/462265\/"},"modified":"2025-10-14T11:50:17","modified_gmt":"2025-10-14T11:50:17","slug":"meghan-markle-devoile-les-coulisses-de-son-sejour-en-amoureux-avec-le-prince-harry","status":"publish","type":"post","link":"https:\/\/www.europesays.com\/fr\/462265\/","title":{"rendered":"Meghan Markle d\u00e9voile les coulisses de son s\u00e9jour en amoureux avec le prince Harry"},"content":{"rendered":"<p>                                    <img decoding=\"async\" src=\"https:\/\/www.europesays.com\/fr\/wp-content\/uploads\/2025\/10\/362d8b3a89dcb4a61a767ce6978ea626fd554d785c5548c0767873e302999eab.jpg\" alt=\"Le s\u00e9jour \u00e0 New York de Meghan Markle et du prince Harry\" class=\"a11y-hidden\" fetchpriority=\"high\"\/><\/p>\n<p>\n    Apr\u00e8s avoir pass\u00e9 quelques jours \u00e0 New York, la duchesse de Sussex a partag\u00e9 une vid\u00e9o en souvenir de son voyage. Elle y d\u00e9voile plusieurs images de sa pr\u00e9paration pour le gala du Project Healthy Minds World Mental Health.<\/p>\n<p class=\"fig-paragraph\">Apr\u00e8s ses meilleurs moments parisiens,<a href=\"https:\/\/madame.lefigaro.fr\/tag\/meghan-markle\" target=\"_blank\" data-fig-type=\"Keyword\" rel=\"sponsored noopener\" data-gtm-custom-categorie=\"navigation\" data-gtm-custom-action=\"crossclick\" data-gtm-custom-label=\"Contextuel\" data-gtm-event=\"customEventSPE\" data-fig-domain=\"MADAME\">\u00a0Meghan Markle<\/a>\u00a0partage ses plus beaux souvenirs de New York. Lundi 13 octobre, la duchesse de Sussex a\u00a0<a href=\"https:\/\/www.instagram.com\/reel\/DPxC4RGkvSM\/?utm_source=ig_web_copy_link&amp;igsh=MzRlODBiNWFlZA==\" target=\"_blank\" rel=\"sponsored noopener\" data-gtm-custom-categorie=\"navigation\" data-gtm-custom-action=\"crossclick\" data-gtm-custom-label=\"Contextuel\" data-gtm-event=\"customEventSPE\">publi\u00e9 sur son compte Instagram<\/a>\u00a0une vid\u00e9o dans laquelle elle compile des images des coulisses du s\u00e9jour pass\u00e9 l\u00e0-bas avec le prince Harry. Le 9 octobre, le couple s\u2019est rendu au\u00a0<a href=\"http:\/\/madame.lefigaro.fr\/celebrites\/actu-people\/meghan-markle-et-le-prince-harry-font-une-rare-apparition-sur-le-tapis-rouge-a-new-york-20251010\" data-fig-type=\"Article\" data-gtm-custom-categorie=\"navigation\" data-gtm-custom-action=\"crossclick\" data-gtm-custom-label=\"Contextuel\" data-gtm-event=\"customEventSPE\" data-fig-domain=\"MADAME\" target=\"_blank\" rel=\"noopener\">gala annuel du Project Healthy Minds World Mental Health Day<\/a>, au Spring Studios.<\/p>\n<p class=\"fig-paragraph\">Dans sa vid\u00e9o, la duchesse de Sussex partage des images de sa pr\u00e9paration dans sa chambre d\u2019h\u00f4tel, des diff\u00e9rentes tenues pr\u00e9vues pour son s\u00e9jour, avec en arri\u00e8re-plan, le prince Harry v\u00eatu d\u2019un jogging. Puis un instant maquillage, un fou rire avec son \u00e9poux ou encore une pause pizza. La m\u00e8re d\u2019Archie (6 ans) et Lilibet (4 ans) a aussi diffus\u00e9 quelques s\u00e9quences de son apparition sur le tapis rouge du gala aux c\u00f4t\u00e9s de son \u00e9poux complice, mais aussi de son intervention lors d\u2019une conf\u00e9rence sur la sant\u00e9 mentale. \u00ab\u00c0 la prochaine, New York\u00a0! Merci pour ces souvenirs inoubliables\u00a0! (Tu sais vraiment comment charmer une fille)\u00bb, a \u00e9crit Meghan Markle en l\u00e9gende de sa publication.<\/p>\n<p class=\"fig-body-link&#10;    \">\n            \u00c0 lire aussi<br \/>\n        <a class=\"fig-body-link__link\" href=\"http:\/\/madame.lefigaro.fr\/enfants\/ce-monde-vous-appartient-cette-photo-de-meghan-markle-et-lilibet-4-ans-pour-la-journee-internationale-de-la-fille-20251011\" data-fig-type=\"Article\" data-gtm-custom-categorie=\"navigation\" data-gtm-custom-action=\"crossclick\" data-gtm-custom-label=\"Contextuel\" data-gtm-event=\"customEventSPE\" data-fig-domain=\"MADAME\" target=\"_blank\" rel=\"noopener\">\u00abCe monde vous appartient\u00bb\u00a0: cette photo de Meghan Markle et Lilibet, 4 ans, pour la Journ\u00e9e internationale de la fille<\/a>\n<\/p>\n<p>                                    <a class=\"fig-a11y-skip a11y-hidden\" href=\"#fig-a11y-skip-main-inarticle\"><br \/>\n        Passer la publicit\u00e9<br \/>\n    <\/a><\/p>\n<p>Une nuit \u00e0 Paris<\/p>\n<p class=\"fig-paragraph\">Il semblerait que Meghan Markle soit devenue une adepte de ces vid\u00e9os souvenirs pour r\u00e9sumer ses voyages. Le 4 octobre dernier, la duchesse de Sussex avait fait le m\u00eame genre de montage apr\u00e8s son apparition lors de la\u00a0<a href=\"http:\/\/madame.lefigaro.fr\/style\/news\/sans-prevenir-et-vetue-de-blanc-meghan-markle-apparait-soudainement-a-la-fashion-week-de-paris-20251005\" data-fig-type=\"Article\" data-gtm-custom-categorie=\"navigation\" data-gtm-custom-action=\"crossclick\" data-gtm-custom-label=\"Contextuel\" data-gtm-event=\"customEventSPE\" data-fig-domain=\"MADAME\" target=\"_blank\" rel=\"noopener\">Fashion Week de Paris<\/a>. Sur ce dernier, on l\u2019y voyait atterrir sur le sol fran\u00e7ais, prendre un taxi pour se rendre au Plaza Ath\u00e9n\u00e9e en passant devant l\u2019Arc de Triomphe, admirer la Tour Eiffel depuis sa chambre et profiter d\u2019un brunch avant de se faire coiffer, maquiller et habiller par son \u00e9quipe. \u00c0 quand la prochaine\u00a0?<\/p>\n<p>                                        <script async src=\"\/\/www.instagram.com\/embed.js\"><\/script><\/p>\n","protected":false},"excerpt":{"rendered":"Apr\u00e8s avoir pass\u00e9 quelques jours \u00e0 New York, la duchesse de Sussex a partag\u00e9 une vid\u00e9o en souvenir&hellip;\n","protected":false},"author":2,"featured_media":462266,"comment_status":"","ping_status":"","sticky":false,"template":"","format":"standard","meta":{"footnotes":""},"categories":[1359],"tags":[58,59,1011,27,908,415,973,267],"class_list":{"0":"post-462265","1":"post","2":"type-post","3":"status-publish","4":"format-standard","5":"has-post-thumbnail","7":"category-people","8":"tag-divertissement","9":"tag-entertainment","10":"tag-fr","11":"tag-france","12":"tag-meghan-markle","13":"tag-new-york","14":"tag-people","15":"tag-prince-harry"},"share_on_mastodon":{"url":"https:\/\/pubeurope.com\/@fr\/115372374810676304","error":""},"_links":{"self":[{"href":"https:\/\/www.europesays.com\/fr\/wp-json\/wp\/v2\/posts\/462265","targetHints":{"allow":["GET"]}}],"collection":[{"href":"https:\/\/www.europesays.com\/fr\/wp-json\/wp\/v2\/posts"}],"about":[{"href":"https:\/\/www.europesays.com\/fr\/wp-json\/wp\/v2\/types\/post"}],"author":[{"embeddable":true,"href":"https:\/\/www.europesays.com\/fr\/wp-json\/wp\/v2\/users\/2"}],"replies":[{"embeddable":true,"href":"https:\/\/www.europesays.com\/fr\/wp-json\/wp\/v2\/comments?post=462265"}],"version-history":[{"count":0,"href":"https:\/\/www.europesays.com\/fr\/wp-json\/wp\/v2\/posts\/462265\/revisions"}],"wp:featuredmedia":[{"embeddable":true,"href":"https:\/\/www.europesays.com\/fr\/wp-json\/wp\/v2\/media\/462266"}],"wp:attachment":[{"href":"https:\/\/www.europesays.com\/fr\/wp-json\/wp\/v2\/media?parent=462265"}],"wp:term":[{"taxonomy":"category","embeddable":true,"href":"https:\/\/www.europesays.com\/fr\/wp-json\/wp\/v2\/categories?post=462265"},{"taxonomy":"post_tag","embeddable":true,"href":"https:\/\/www.europesays.com\/fr\/wp-json\/wp\/v2\/tags?post=462265"}],"curies":[{"name":"wp","href":"https:\/\/api.w.org\/{rel}","templated":true}]}}