{"id":462271,"date":"2025-10-14T11:53:12","date_gmt":"2025-10-14T11:53:12","guid":{"rendered":"https:\/\/www.europesays.com\/fr\/462271\/"},"modified":"2025-10-14T11:53:12","modified_gmt":"2025-10-14T11:53:12","slug":"dans-lamour-est-dans-le-pre-lardechois-laurent-refroidi-par-une-de-ses-pretendantes","status":"publish","type":"post","link":"https:\/\/www.europesays.com\/fr\/462271\/","title":{"rendered":"dans\u00a0L&rsquo;Amour est dans le pr\u00e9,\u00a0l&rsquo;Ard\u00e9chois Laurent\u00a0refroidi par une de ses pr\u00e9tendantes"},"content":{"rendered":"<p>Dans L&rsquo;Amour est dans le pr\u00e9, Laurent a connu une premi\u00e8re d\u00e9ception. Dans l&rsquo;\u00e9pisode diffus\u00e9 ce lundi 13 octobre sur M6, <a href=\"https:\/\/www.ledauphine.com\/culture-loisirs\/2025\/01\/20\/l-amour-est-dans-le-pre-laurent-le-candidat-ardechois-est-pret-pour-une-nouvelle-histoire\" target=\"_blank\" rel=\"noopener\">l&rsquo;agriculteur ard\u00e9chois<\/a>\u00a0de 58 ans recevait ses deux pr\u00e9tendantes dans sa ferme. Et c&rsquo;est <a href=\"https:\/\/www.ledauphine.com\/societe\/2024\/12\/24\/l-amour-est-dans-le-pre-un-ardechois-au-casting-de-la-nouvelle-saison\" target=\"_blank\" rel=\"noopener\">en cuisine, sa passion<\/a>, qu&rsquo;il voulait passer du temps avec Fran\u00e7oise et Laurence. \u00catre ensemble aux fourneaux est une exigence pour l&rsquo;\u00e9leveur de brebis et de vaches allaitantes : \u00ab\u00a0La personne qui devra rentrer dans ma vie demain, il faudra qu\u2019elle aime cuisiner\u00a0\u00bb.<\/p>\n<p>Le probl\u00e8me, c&rsquo;est que Fran\u00e7oise ne s&rsquo;est pas montr\u00e9e tr\u00e8s \u00e0 l&rsquo;aise en cuisine&#8230; \u00ab\u00a0Je sais cuisiner, mais je viens de vivre dix ans avec quelqu\u2019un qui cuisinait extr\u00eamement bien, a-t-elle expliqu\u00e9. Il ne faut pas \u00eatre \u00e0 deux dans la cuisine, sinon on s\u2019engueule.\u00a0\u00bb<\/p>\n<p>La situation a d\u00e9plu \u00e0 Laurent, qui souhaitait partager un moment agr\u00e9able : \u00ab\u00a0\u00c7a me d\u00e9\u00e7oit beaucoup.\u00a0J\u2019ai montr\u00e9, \u00e0 travers mon portrait, que j\u2019\u00e9tais capable de cuisiner et que je ne cherchais pas une bobonne \u00e0 la maison. Je veux quelqu\u2019un qui a envie de partager ma vie et qu\u2019on fasse des choses \u00e0 deux.\u00a0La cuisine \u00e0 quatre mains, \u00e7a me pla\u00eet. \u00bb<\/p>\n<p>Ce contenu est bloqu\u00e9 car vous n&rsquo;avez pas accept\u00e9 les cookies et autres traceurs.<\/p>\n<p>En cliquant sur \u00ab J\u2019accepte \u00bb, les cookies et autres traceurs seront d\u00e9pos\u00e9s et vous pourrez visualiser les contenus  (<a href=\"\" class=\"consentModule_policy\" target=\"_blank\" title=\"Consulter la politique de protection des donn\u00e9es du fournisseur\">plus d&rsquo;informations<\/a>).<\/p>\n<p>En cliquant sur \u00ab J\u2019accepte tous les cookies \u00bb, vous autorisez des d\u00e9p\u00f4ts de cookies et autres traceurs pour le stockage de vos donn\u00e9es sur nos sites et applications \u00e0 des fins de personnalisation et de ciblage publicitaire.<\/p>\n<p class=\"consentModule_secondaryText\">Vous gardez la possibilit\u00e9 de retirer votre consentement \u00e0 tout moment en consultant notre <a href=\"https:\/\/www.ledauphine.com\/protection-des-donnees\" target=\"_blank\" title=\"Consulter notre politique de protection des donn\u00e9es\" rel=\"noopener\">politique de protection des donn\u00e9es<\/a>. <br \/>&#13;<br \/>\n            <a href=\"https:\/\/www.ledauphine.com\/societe\/2025\/10\/14\/javascript:Didomi.notice.show()\" class=\"consentModule_cmp\" target=\"_blank\" rel=\"noopener\">G\u00e9rer mes choix<\/a>&#13;\n        <\/p>\n<p>&#13;<br \/>\n                        J&rsquo;accepte&#13;<br \/>\n            J&rsquo;accepte tous les cookies&#13;\n        <\/p>\n<p>  \u00ab\u00a0Je cherche quelqu&rsquo;un avec beaucoup de points communs\u00a0\u00bb<\/p>\n<p>Veuf depuis 2023, l&rsquo;agriculteur s&rsquo;est tourn\u00e9 vers l&rsquo;\u00e9mission pr\u00e9sent\u00e9e par <a href=\"https:\/\/www.ledauphine.com\/p\/karine-le-marchand\" target=\"_blank\" rel=\"noopener\">Karine Le Marchand<\/a> pour refaire sa vie. \u00ab Je cherche une personne avec qui j\u2019aurai beaucoup de points communs\u00a0\u00bb, <a href=\"https:\/\/www.ledauphine.com\/societe\/2025\/09\/21\/laurent-de-l-amour-est-dans-le-pre-participer-a-l-emission-a-ete-benefique-pour-moi\" target=\"_blank\" rel=\"noopener\">confiait Laurent au Dauphin\u00e9 Lib\u00e9r\u00e9<\/a> il y a quelques semaines, apr\u00e8s la diffusion de ses rencontres.<\/p>\n<p>C&rsquo;est un coup d&rsquo;arr\u00eat alors\u00a0que leur premi\u00e8re rencontre avait \u00e9t\u00e9 plus qu&rsquo;encourageante. Comme Laurent, Fran\u00e7oise a perdu la personne qui partageait sa vie. L&rsquo;Ard\u00e9chois avait trouv\u00e9 que la lettre de Fran\u00e7oise \u00e9tait \u00ab\u00a0la plus belle\u00a0\u00bb, et semblait tomber sous le charme de sa pr\u00e9tendante.<\/p>\n","protected":false},"excerpt":{"rendered":"Dans L&rsquo;Amour est dans le pr\u00e9, Laurent a connu une premi\u00e8re d\u00e9ception. Dans l&rsquo;\u00e9pisode diffus\u00e9 ce lundi 13&hellip;\n","protected":false},"author":2,"featured_media":462272,"comment_status":"","ping_status":"","sticky":false,"template":"","format":"standard","meta":{"footnotes":""},"categories":[1356],"tags":[327,4646,1687,58,3827,4645,59,107,1011,27,329,58664,973,104,252,2205,1364],"class_list":{"0":"post-462271","1":"post","2":"type-post","3":"status-publish","4":"format-standard","5":"has-post-thumbnail","7":"category-television","8":"tag-agriculture","9":"tag-ardeche","10":"tag-culture-loisirs","11":"tag-divertissement","12":"tag-edition-annonay-nord-ardeche","13":"tag-edition-aubenas-privas-vallee-du-rhone","14":"tag-entertainment","15":"tag-fil-info","16":"tag-fr","17":"tag-france","18":"tag-france-monde","19":"tag-montagne-ardechoise","20":"tag-people","21":"tag-societe","22":"tag-television","23":"tag-television-medias","24":"tag-tv"},"share_on_mastodon":{"url":"https:\/\/pubeurope.com\/@fr\/115372386257580165","error":""},"_links":{"self":[{"href":"https:\/\/www.europesays.com\/fr\/wp-json\/wp\/v2\/posts\/462271","targetHints":{"allow":["GET"]}}],"collection":[{"href":"https:\/\/www.europesays.com\/fr\/wp-json\/wp\/v2\/posts"}],"about":[{"href":"https:\/\/www.europesays.com\/fr\/wp-json\/wp\/v2\/types\/post"}],"author":[{"embeddable":true,"href":"https:\/\/www.europesays.com\/fr\/wp-json\/wp\/v2\/users\/2"}],"replies":[{"embeddable":true,"href":"https:\/\/www.europesays.com\/fr\/wp-json\/wp\/v2\/comments?post=462271"}],"version-history":[{"count":0,"href":"https:\/\/www.europesays.com\/fr\/wp-json\/wp\/v2\/posts\/462271\/revisions"}],"wp:featuredmedia":[{"embeddable":true,"href":"https:\/\/www.europesays.com\/fr\/wp-json\/wp\/v2\/media\/462272"}],"wp:attachment":[{"href":"https:\/\/www.europesays.com\/fr\/wp-json\/wp\/v2\/media?parent=462271"}],"wp:term":[{"taxonomy":"category","embeddable":true,"href":"https:\/\/www.europesays.com\/fr\/wp-json\/wp\/v2\/categories?post=462271"},{"taxonomy":"post_tag","embeddable":true,"href":"https:\/\/www.europesays.com\/fr\/wp-json\/wp\/v2\/tags?post=462271"}],"curies":[{"name":"wp","href":"https:\/\/api.w.org\/{rel}","templated":true}]}}