{"id":462273,"date":"2025-10-14T11:54:11","date_gmt":"2025-10-14T11:54:11","guid":{"rendered":"https:\/\/www.europesays.com\/fr\/462273\/"},"modified":"2025-10-14T11:54:11","modified_gmt":"2025-10-14T11:54:11","slug":"katy-perry-va-rythmer-lete-2026-des-francais-en-festival-des-vieilles-charrues-au-lovely-brive-festival","status":"publish","type":"post","link":"https:\/\/www.europesays.com\/fr\/462273\/","title":{"rendered":"Katy Perry va rythmer l\u2019\u00e9t\u00e9 2026\u00a0des Fran\u00e7ais en festival, des Vieilles Charrues au Lovely Brive Festival"},"content":{"rendered":"<p>        <img decoding=\"async\" loading=\"lazy\" src=\"https:\/\/www.europesays.com\/fr\/wp-content\/uploads\/2025\/10\/e843b6a_1695894459006-gettyimages-1488227781.jpg\"  width=\"728\" height=\"410\" alt=\"Katy Perry va rythmer l\u2019\u00e9t\u00e9 2026\u00a0des Fran\u00e7ais en festival, des Vieilles Charrues au Lovely Brive Festival. (image d\u2019illustration lors d\u2019un concert en mai 2023)\"\/>  <\/p>\n<p>Chris Jackson \/ Getty Images<\/p>\n<p>Katy Perry va rythmer l\u2019\u00e9t\u00e9 2026\u00a0des Fran\u00e7ais en festival, des Vieilles Charrues au Lovely Brive Festival. (image d\u2019illustration lors d\u2019un concert en mai 2023)<\/p>\n<p class=\"asset asset-text\">FESTIVAL &#8211; Son dernier album <a href=\"https:\/\/www.huffingtonpost.fr\/culture\/article\/katy-perry-sort-son-nouvel-album-143-et-rate-son-grand-retour-tant-attendu-selon-les-critiques_239870.html\" rel=\"nofollow noopener\" target=\"_blank\">n\u2019a pas fait l\u2019unanimit\u00e9<\/a>, mais \u00e7a ne l\u2019emp\u00eachera pas de faire la tourn\u00e9e des festivals. La chanteuse <a href=\"https:\/\/www.huffingtonpost.fr\/people\/article\/la-rumeur-entre-katy-perry-et-justin-trudeau-enflamme-la-presse-apres-un-diner-une-promenade-et-le-concert_253139.html\" rel=\"nofollow noopener\" target=\"_blank\">Katy Perry<\/a> doit se produire dans de nombreux \u00e9v\u00e8nements musicaux en France cet \u00e9t\u00e9, du Main Square d\u2019Arras au Lovely Brive Festival en passant par le Musilac d\u2019Aix-les-Bains et surtout les cultissimes Vieilles Charrues en Bretagne.<\/p>\n<p class=\"asset asset-text\">Le festival finist\u00e9rien accueillera Katy Perry le 16\u00a0juillet prochain et promet un \u00ab\u00a0show spectaculaire\u00a0\u00bb, rapporte <a href=\"https:\/\/www.ouest-france.fr\/festivals\/les-vieilles-charrues\/vieilles-charrues-2026-katy-perry-orelsan-gims-les-premieres-grosses-tetes-daffiche-devoilees-9e9a9042-a8cc-11f0-a84e-0a4f72002724\" target=\"_blank\" rel=\"noopener nofollow\" title=\"Nouvelle fen\u00eatre\">Ouest-France<\/a> selon qui de nombreux artistes fran\u00e7ais sont aussi attendus, qu\u2019il s\u2019agisse de Gims, Jean-Louis Aubert, Orelsan ou encore Feu\u00a0! Chatterton. Mika, Mosimann et Josman sont aussi attendus sur la sc\u00e8ne carhaisienne, qui attire des milliers de spectateurs chaque ann\u00e9e.<\/p>\n<p class=\"asset asset-text\">Pour certains festivals comme le Lovely Brive, la venue de Katy Perry est un v\u00e9ritable \u00e9v\u00e8nement. \u00ab\u00a0Apr\u00e8s les Black Eyed Peas en 2022\u00a0et surtout Sting en 2024, la chanteuse am\u00e9ricaine est la troisi\u00e8me immense star internationale que l\u2019\u00e9v\u00e8nement accroche \u00e0 son tableau de chasse\u00a0\u00bb, note le quotidien local <a href=\"https:\/\/www.lamontagne.fr\/brive-la-gaillarde-19100\/loisirs\/la-star-mondiale-katy-perry-en-tete-d-affiche-du-lovely-brive-festival-2026-ce-que-l-on-sait_14764871\/\" target=\"_blank\" rel=\"noopener nofollow\" title=\"Nouvelle fen\u00eatre\">La Montagne<\/a>, pr\u00e9cisant que sa venue est pr\u00e9vue pour le 17\u00a0juillet.<\/p>\n<p>    \u00ab\u00a0C\u2019est hyper positif qu\u2019une artiste de ce niveau vienne chez nous\u00a0\u00bb    <\/p>\n<p class=\"asset asset-text\">La visite de la popstar am\u00e9ricaine est aussi une bonne nouvelle pour le Musilac d\u2019Aix-les-Bains, dont l\u2019\u00e9dition 2025\u00a0a \u00e9t\u00e9 d\u00e9ficitaire. \u00ab\u00a0Alors que les festivals souffrent de la concurrence des stades et des arenas, c\u2019est hyper positif qu\u2019une artiste de ce niveau vienne chez nous\u00a0\u00bb, s\u2019est r\u00e9joui R\u00e9mi Perrier, le cr\u00e9ateur et directeur de l\u2019\u00e9v\u00e8nement interrog\u00e9 par <a href=\"https:\/\/www.leparisien.fr\/culture-loisirs\/musique\/main-square-musilac-vieilles-charrues-brive-katy-perry-va-faire-sa-premiere-tournee-des-festivals-14-10-2025-VZ75DLADIJFKFOELDFTHGXNKLE.php\" target=\"_blank\" rel=\"noopener nofollow\" title=\"Nouvelle fen\u00eatre\">Le Parisien<\/a>.<\/p>\n<p class=\"asset asset-text\">Cette tourn\u00e9e des festivals fran\u00e7ais \u2013 dont plusieurs plus petits \u2013 \u00ab\u00a0est une premi\u00e8re en vingt ans de carri\u00e8re\u00a0\u00bb pour Katy Perry, rel\u00e8ve le journal francilien, rappelant que la chanteuse va remplir pas moins de trois Accor Arena entre la fin octobre et le d\u00e9but du mois de novembre \u00e0 Paris, avant de se produire \u00e0 Lyon. L\u2019occasion pour l\u2019Am\u00e9ricaine d\u2019aller \u00e0 la rencontre de ses fans fran\u00e7ais apr\u00e8s une ann\u00e9e qui a \u00e9t\u00e9 mouvement\u00e9e pour elle.<\/p>\n<p class=\"asset asset-text\">En avril dernier, sa participation a un vol dans l\u2019espace ultra-polluant \u00e0 bord de la capsule Blue Origin de Jeff Bezos avait <a href=\"https:\/\/www.huffingtonpost.fr\/international\/video\/le-vol-dans-l-espace-de-katy-perry-avec-la-capsule-blue-origin-de-jeff-bezos-est-il-celui-de-trop_248716.html\" target=\"_blank\" rel=\"noopener nofollow\" title=\"Nouvelle fen\u00eatre\">suscit\u00e9 un toll\u00e9<\/a>, quelques mois apr\u00e8s la sortie de son dernier album 143, d\u00e9crit comme un \u00ab\u00a0flop ph\u00e9nom\u00e9nal\u00a0\u00bb par <a href=\"https:\/\/www.courrierinternational.com\/article\/musique-143-de-katy-perry-chronique-d-un-flop-phenomenal_222638#:~:text=%E2%80%9C143%20p%C3%A2tit%20d&#039;un%20cruel,gardisme%E2%80%9D%2C%20conc%C3%A8de%20le%20second.\" target=\"_blank\" rel=\"noopener nofollow\" title=\"Nouvelle fen\u00eatre\">Courrier International<\/a>, qui relevait les critiques \u00ab\u00a0assassines\u00a0\u00bb de la presse am\u00e9ricaine.<\/p>\n","protected":false},"excerpt":{"rendered":"Chris Jackson \/ Getty Images Katy Perry va rythmer l\u2019\u00e9t\u00e9 2026\u00a0des Fran\u00e7ais en festival, des Vieilles Charrues au&hellip;\n","protected":false},"author":2,"featured_media":462274,"comment_status":"","ping_status":"","sticky":false,"template":"","format":"standard","meta":{"footnotes":""},"categories":[1355],"tags":[251,58,59,849,1011,27,8553,1361,873,35758],"class_list":{"0":"post-462273","1":"post","2":"type-post","3":"status-publish","4":"format-standard","5":"has-post-thumbnail","7":"category-musique","8":"tag-culture","9":"tag-divertissement","10":"tag-entertainment","11":"tag-festival","12":"tag-fr","13":"tag-france","14":"tag-katy-perry","15":"tag-music","16":"tag-musique","17":"tag-vieilles-charrues"},"share_on_mastodon":{"url":"https:\/\/pubeurope.com\/@fr\/115372390834116404","error":""},"_links":{"self":[{"href":"https:\/\/www.europesays.com\/fr\/wp-json\/wp\/v2\/posts\/462273","targetHints":{"allow":["GET"]}}],"collection":[{"href":"https:\/\/www.europesays.com\/fr\/wp-json\/wp\/v2\/posts"}],"about":[{"href":"https:\/\/www.europesays.com\/fr\/wp-json\/wp\/v2\/types\/post"}],"author":[{"embeddable":true,"href":"https:\/\/www.europesays.com\/fr\/wp-json\/wp\/v2\/users\/2"}],"replies":[{"embeddable":true,"href":"https:\/\/www.europesays.com\/fr\/wp-json\/wp\/v2\/comments?post=462273"}],"version-history":[{"count":0,"href":"https:\/\/www.europesays.com\/fr\/wp-json\/wp\/v2\/posts\/462273\/revisions"}],"wp:featuredmedia":[{"embeddable":true,"href":"https:\/\/www.europesays.com\/fr\/wp-json\/wp\/v2\/media\/462274"}],"wp:attachment":[{"href":"https:\/\/www.europesays.com\/fr\/wp-json\/wp\/v2\/media?parent=462273"}],"wp:term":[{"taxonomy":"category","embeddable":true,"href":"https:\/\/www.europesays.com\/fr\/wp-json\/wp\/v2\/categories?post=462273"},{"taxonomy":"post_tag","embeddable":true,"href":"https:\/\/www.europesays.com\/fr\/wp-json\/wp\/v2\/tags?post=462273"}],"curies":[{"name":"wp","href":"https:\/\/api.w.org\/{rel}","templated":true}]}}