{"id":462310,"date":"2025-10-14T12:13:11","date_gmt":"2025-10-14T12:13:11","guid":{"rendered":"https:\/\/www.europesays.com\/fr\/462310\/"},"modified":"2025-10-14T12:13:11","modified_gmt":"2025-10-14T12:13:11","slug":"seine-maritime-la-mise-en-concurrence-des-trains-normands-est-sur-les-rails","status":"publish","type":"post","link":"https:\/\/www.europesays.com\/fr\/462310\/","title":{"rendered":"Seine-Maritime. La mise en concurrence des trains normands est sur les rails"},"content":{"rendered":"<p melodystyle=\"texte\">Sono \u00e0 fond, m\u00e9gaphones, fumig\u00e8nes\u2026 Plusieurs syndicats de cheminots sont venus d\u00e9noncer \u00ab\u00a0la casse du service public\u00a0\u00bb, lundi 13\u00a0octobre, sous les fen\u00eatres du Conseil r\u00e9gional \u00e0 Rouen. A l&rsquo;int\u00e9rieur, les \u00e9lus discutent de l&rsquo;ouverture \u00e0 la concurrence des lignes ferroviaires normandes. Lors de\u00a0l&rsquo;Assembl\u00e9e pl\u00e9ni\u00e8re de d\u00e9cembre, ils d\u00e9signeront l&rsquo;attributaire de l&rsquo;\u00e9toile de Caen, contrat qui devrait \u00eatre propos\u00e9 \u00e0 RATP D\u00e9veloppement. \u00ab\u00a0Nous allons aujourd&rsquo;hui nous prononcer sur la forme de gestion du futur lot \u00e9toile de Rouen\u00a0\u00bb, indique le pr\u00e9sident Herv\u00e9 Morin. Cette zone comprend la desserte et l&rsquo;exploitation des lignes Yvetot &#8211; Elbeuf\u00a0; Rouen &#8211; Dieppe\u00a0; Rouen &#8211; Amiens\u00a0; Rouen &#8211; Le\u00a0Havre\u00a0; F\u00e9camp &#8211; Le\u00a0Havre\u00a0; et Paris &#8211; Dieppe (week-end uniquement).<\/p>\n<p>Attribution pr\u00e9vue en 2027<\/p>\n<p melodystyle=\"texte\">Sans surprise, les \u00e9lus r\u00e9gionaux ont approuv\u00e9 le principe du recours \u00e0 une concession de service public. La majorit\u00e9 esp\u00e8re renforcer l&rsquo;offre de circulation dans l&rsquo;op\u00e9ration avec la mise en place du Service Express R\u00e9seau M\u00e9tropolitain de Rouen, sorte de RER desservant l&rsquo;agglom\u00e9ration rouennaise. L&rsquo;opposition de gauche n&rsquo;y croit gu\u00e8re. \u00ab\u00a0Nous aurions pu acc\u00e9l\u00e9rer la convention avec l&rsquo;op\u00e9rateur historique [SNCF]\u00a0\u00bb, regrette Rudy L&rsquo;Orphelin pour Europe Ecologie Les Verts. \u00ab\u00a0D&rsquo;autres pays reviennent en arri\u00e8re sur la privatisation du r\u00e9seau\u00a0\u00bb, rappelle le socialiste Laurent Beauvais, faisant \u00e9cho de renationalisation du rail en Grande-Bretagne. Quoi qu&rsquo;il en soit, la proc\u00e9dure d&rsquo;appel d&rsquo;offres de l&rsquo;\u00e9toile de Rouen sera lanc\u00e9e avant la fin de l&rsquo;ann\u00e9e. L&rsquo;attribution du contrat est pr\u00e9vue pour\u00a0d\u00e9cembre\u00a02027. la concession d\u00e9butera deux ans plus tard, soit d\u00e9cembre\u00a02029.<\/p>\n<p melodystyle=\"texte\">Lors de cette r\u00e9union, les \u00e9lus r\u00e9gionaux ont approuv\u00e9 la cr\u00e9ation de la Soci\u00e9t\u00e9 publique locale avec la r\u00e9gion Pays de Loire pour l&rsquo;\u00e9toile mancelle, qui comprend la ligne Caen \u2013 Le\u00a0Mans \u2013 Tours.<\/p>\n","protected":false},"excerpt":{"rendered":"Sono \u00e0 fond, m\u00e9gaphones, fumig\u00e8nes\u2026 Plusieurs syndicats de cheminots sont venus d\u00e9noncer \u00ab\u00a0la casse du service public\u00a0\u00bb, lundi&hellip;\n","protected":false},"author":2,"featured_media":462311,"comment_status":"","ping_status":"","sticky":false,"template":"","format":"standard","meta":{"footnotes":""},"categories":[9587],"tags":[1111,11,1777,674,1011,27,12,5161,25,9590],"class_list":{"0":"post-462310","1":"post","2":"type-post","3":"status-publish","4":"format-standard","5":"has-post-thumbnail","7":"category-rouen","8":"tag-actu","9":"tag-actualites","10":"tag-eu","11":"tag-europe","12":"tag-fr","13":"tag-france","14":"tag-news","15":"tag-normandie","16":"tag-republique-francaise","17":"tag-rouen"},"share_on_mastodon":{"url":"https:\/\/pubeurope.com\/@fr\/115372464859469317","error":""},"_links":{"self":[{"href":"https:\/\/www.europesays.com\/fr\/wp-json\/wp\/v2\/posts\/462310","targetHints":{"allow":["GET"]}}],"collection":[{"href":"https:\/\/www.europesays.com\/fr\/wp-json\/wp\/v2\/posts"}],"about":[{"href":"https:\/\/www.europesays.com\/fr\/wp-json\/wp\/v2\/types\/post"}],"author":[{"embeddable":true,"href":"https:\/\/www.europesays.com\/fr\/wp-json\/wp\/v2\/users\/2"}],"replies":[{"embeddable":true,"href":"https:\/\/www.europesays.com\/fr\/wp-json\/wp\/v2\/comments?post=462310"}],"version-history":[{"count":0,"href":"https:\/\/www.europesays.com\/fr\/wp-json\/wp\/v2\/posts\/462310\/revisions"}],"wp:featuredmedia":[{"embeddable":true,"href":"https:\/\/www.europesays.com\/fr\/wp-json\/wp\/v2\/media\/462311"}],"wp:attachment":[{"href":"https:\/\/www.europesays.com\/fr\/wp-json\/wp\/v2\/media?parent=462310"}],"wp:term":[{"taxonomy":"category","embeddable":true,"href":"https:\/\/www.europesays.com\/fr\/wp-json\/wp\/v2\/categories?post=462310"},{"taxonomy":"post_tag","embeddable":true,"href":"https:\/\/www.europesays.com\/fr\/wp-json\/wp\/v2\/tags?post=462310"}],"curies":[{"name":"wp","href":"https:\/\/api.w.org\/{rel}","templated":true}]}}