{"id":462312,"date":"2025-10-14T12:14:13","date_gmt":"2025-10-14T12:14:13","guid":{"rendered":"https:\/\/www.europesays.com\/fr\/462312\/"},"modified":"2025-10-14T12:14:13","modified_gmt":"2025-10-14T12:14:13","slug":"grenoble-le-salon-business-hydro-fete-ses-10-ans-pendant-deux-jours","status":"publish","type":"post","link":"https:\/\/www.europesays.com\/fr\/462312\/","title":{"rendered":"Grenoble. Le salon Business Hydro f\u00eate ses 10 ans pendant deux jours"},"content":{"rendered":"<p>Rassemblement majeur de la fili\u00e8re hydro\u00e9lectrique de France, le salon Business Hydro 2025 a \u00e9t\u00e9 inaugur\u00e9 ce mardi matin \u00e0 Alpexpo \u00e0 Grenoble. Jusqu\u2019\u00e0 mercredi soir, 200 exposants sont pr\u00e9sents. \u00ab\u00a0C\u2019est la 10 e \u00e9dition et nous sommes tr\u00e8s fiers de l\u2019\u00e9volution et de la croissance de cet \u00e9v\u00e9nement au fil du temps, a soulign\u00e9, lors de son discours inaugural, Roland Vidil, pr\u00e9sent d\u2019Hydro 21, association organisatrice. Nous attendons au moins 2500 visiteurs jusqu\u2019\u00e0 mercredi soir, un record.\u00a0\u00bb<\/p>\n<p>Soutenu par les collectivit\u00e9s locales (Grenoble Alpes M\u00e9tropole, les communaut\u00e9s de communes de l\u2019Oisans et du Gr\u00e9sivaudan, la R\u00e9gion Auvergne-Rh\u00f4ne-Alpes), <a href=\"https:\/\/www.ledauphine.com\/economie\/2025\/09\/29\/l-hydroelectricite-joue-la-carte-du-premium-sur-business-hydro\" target=\"_blank\" rel=\"noopener\">cet \u00e9v\u00e9nement va, une nouvelle fois, mettre en avant la modernit\u00e9 de cette source d\u2019\u00e9nergie, centenaire \u00ab\u00a0mais v\u00e9ritablement d\u2019avenir\u00a0\u00bb, a insist\u00e9 Roland Vidil,<\/a> centenaire et \u00ab\u00a0strat\u00e9gique pour notre souverainet\u00e9 \u00e9nerg\u00e9tique et industrielle\u00a0\u00bb, a compl\u00e9t\u00e9 Nathalie B\u00e9ranger, conseill\u00e8re r\u00e9gionale, lors de l\u2019inauguration.<\/p>\n<p>\u00ab\u00a0L\u2019hydro\u00e9lectricit\u00e9 a fa\u00e7onn\u00e9 nos vall\u00e9es, elle a \u00e9t\u00e9 un moteur du d\u00e9veloppement durable\u00a0\u00bb, a ajout\u00e9 Jean-Fran\u00e7ois Clappaz, vice-pr\u00e9sident du Gr\u00e9sivaudan, \u00ab\u00a0aujourd\u2019hui c\u2019est un \u00e9l\u00e9ment majeur pour l\u2019\u00e9quilibre de notre syst\u00e8me \u00e9lectrique, c\u2019est une force d\u2019avenir extr\u00eamement importante\u00a0\u00bb, a conclu Marie-No\u00eblle Battistel, d\u00e9put\u00e9e de l\u2019Is\u00e8re. Le salon a pour grand t\u00e9moin cette ann\u00e9e le pr\u00e9sident ex\u00e9cutif du Groupe Artelia, Beno\u00eet Clocheret.<\/p>\n","protected":false},"excerpt":{"rendered":"Rassemblement majeur de la fili\u00e8re hydro\u00e9lectrique de France, le salon Business Hydro 2025 a \u00e9t\u00e9 inaugur\u00e9 ce mardi&hellip;\n","protected":false},"author":2,"featured_media":462313,"comment_status":"","ping_status":"","sticky":false,"template":"","format":"standard","meta":{"footnotes":""},"categories":[9566],"tags":[1111,11,2430,9810,33,112,1777,674,1795,1011,27,2731,2732,108,12,25,216],"class_list":{"0":"post-462312","1":"post","2":"type-post","3":"status-publish","4":"format-standard","5":"has-post-thumbnail","7":"category-grenoble","8":"tag-actu","9":"tag-actualites","10":"tag-auvergne-rhone-alpes","11":"tag-direct-entreprises","12":"tag-economie","13":"tag-edition-grenoble-agglomeration","14":"tag-eu","15":"tag-europe","16":"tag-fil-web","17":"tag-fr","18":"tag-france","19":"tag-grenoble","20":"tag-grenoble-bassin","21":"tag-isere","22":"tag-news","23":"tag-republique-francaise","24":"tag-vie-des-entreprises"},"share_on_mastodon":{"url":"https:\/\/pubeurope.com\/@fr\/115372468809391616","error":""},"_links":{"self":[{"href":"https:\/\/www.europesays.com\/fr\/wp-json\/wp\/v2\/posts\/462312","targetHints":{"allow":["GET"]}}],"collection":[{"href":"https:\/\/www.europesays.com\/fr\/wp-json\/wp\/v2\/posts"}],"about":[{"href":"https:\/\/www.europesays.com\/fr\/wp-json\/wp\/v2\/types\/post"}],"author":[{"embeddable":true,"href":"https:\/\/www.europesays.com\/fr\/wp-json\/wp\/v2\/users\/2"}],"replies":[{"embeddable":true,"href":"https:\/\/www.europesays.com\/fr\/wp-json\/wp\/v2\/comments?post=462312"}],"version-history":[{"count":0,"href":"https:\/\/www.europesays.com\/fr\/wp-json\/wp\/v2\/posts\/462312\/revisions"}],"wp:featuredmedia":[{"embeddable":true,"href":"https:\/\/www.europesays.com\/fr\/wp-json\/wp\/v2\/media\/462313"}],"wp:attachment":[{"href":"https:\/\/www.europesays.com\/fr\/wp-json\/wp\/v2\/media?parent=462312"}],"wp:term":[{"taxonomy":"category","embeddable":true,"href":"https:\/\/www.europesays.com\/fr\/wp-json\/wp\/v2\/categories?post=462312"},{"taxonomy":"post_tag","embeddable":true,"href":"https:\/\/www.europesays.com\/fr\/wp-json\/wp\/v2\/tags?post=462312"}],"curies":[{"name":"wp","href":"https:\/\/api.w.org\/{rel}","templated":true}]}}