{"id":462314,"date":"2025-10-14T12:15:20","date_gmt":"2025-10-14T12:15:20","guid":{"rendered":"https:\/\/www.europesays.com\/fr\/462314\/"},"modified":"2025-10-14T12:15:20","modified_gmt":"2025-10-14T12:15:20","slug":"lelu-alan-confesson-denonce-le-choix-dune-liste-lfi-a-grenoble","status":"publish","type":"post","link":"https:\/\/www.europesays.com\/fr\/462314\/","title":{"rendered":"L&rsquo;\u00e9lu Alan Confesson d\u00e9nonce le choix d&rsquo;une liste LFI \u00e0 Grenoble"},"content":{"rendered":"<p>\u00ab\u00a0Depuis les purges, LFI est pas\u00ads\u00e9e d\u2019un mou\u00adve\u00adment plu\u00adra\u00adliste qui accepte les nuances \u00e0 une forme de secte agres\u00adsive sans cesse en qu\u00eate de tra\u00eetres, au sein de laquelle il est devenu d\u00e9sa\u00adgr\u00e9able voire angois\u00adsant de mili\u00adter.\u00a0\u00bb La cita\u00adtion pro\u00advient-elle du tome 2 de <a href=\"https:\/\/editions.flammarion.com\/la-meute\/9782080428714\" target=\"_blank\" rel=\"noopener nofollow\">La Meute<\/a>, en vue de com\u00adpl\u00e9\u00adter l\u2019en\u00adqu\u00eate jour\u00adna\u00adlis\u00adtique au sein de La France insou\u00admise\u00a0? Non\u00a0: elle est sign\u00e9e de l\u2019\u00e9lu gre\u00adno\u00adblois insou\u00admis Alan Confesson, qui a d\u00e9nonc\u00e9 lundi 13 octobre 2025 le choix du mou\u00adve\u00adment de <a href=\"https:\/\/www.placegrenet.fr\/2025\/09\/21\/municipales-a-grenoble-lfi-confirme-son-divorce-avec-les-ecologistes-et-lance-sa-liste-autonome-menee-par-allan-brunon\/660263\" target=\"_blank\" rel=\"noopener nofollow\">pr\u00e9\u00adsen\u00adter une liste auto\u00adnome<\/a> aux \u00e9lec\u00adtions municipales.<\/p>\n<p><a href=\"https:\/\/www.europesays.com\/fr\/wp-content\/uploads\/2025\/09\/annoncetetelistelfimunicipalescreditjoelkermabon-2.jpg\" target=\"_blank\" rel=\"noopener\"><img fetchpriority=\"high\" decoding=\"async\" aria-describedby=\"caption-attachment-660267\" class=\"wp-image-660267 size-full\" src=\"data:image\/svg+xml,%3Csvg%20xmlns=\" http:=\"\" alt=\"Annonce d'une liste autonome La France Insoumise aux municipales de Grenoble, en pr\u00e9sence du candidat Allan Brunon et de la d\u00e9put\u00e9e LFI de l'Is\u00e8re \u00c9lisa Martin. \u00a9 Jo\u00ebl Kermabon - Place Gre'net\" width=\"1500\" height=\"1124\" data-lazy- data-lazy- data-lazy-src=\"https:\/\/www.europesays.com\/fr\/wp-content\/uploads\/2025\/09\/annoncetetelistelfimunicipalescreditjoelkermabon-2.jpg\"\/><\/a><\/p>\n<p id=\"caption-attachment-660267\" class=\"wp-caption-text\">Annonce d\u2019une liste auto\u00adnome La France Insoumise aux muni\u00adci\u00adpales de Grenoble, en pr\u00e9\u00adsence du can\u00addi\u00addat Allan Brunon et de la d\u00e9pu\u00adt\u00e9e LFI de l\u2019Is\u00e8re \u00c9lisa Martin. \u00a9 Jo\u00ebl Kermabon \u2013 Place Gre\u2019net<\/p>\n<p>\u00ab\u00a0En 2014, nous avons construit une alliance poli\u00adtique in\u00e9dite qui a emport\u00e9 la mai\u00adrie de Grenoble. Nous avons confirm\u00e9 cette vic\u00adtoire, six ans plus tard, avec une ampleur inat\u00adten\u00addue. [\u2026] En 2026, rien ne me parais\u00adsait plus natu\u00adrel que [de] faire per\u00addu\u00adrer cette exp\u00e9\u00adrience\u00a0\u00bb, estime en effet Alan Confesson.<\/p>\n<p>Ce der\u00adnier affirme que les autres \u00e9lus LFI figu\u00adrant dans la majo\u00adrit\u00e9 muni\u00adci\u00adpale par\u00adtagent cette opi\u00adnion. \u00c0 l\u2019ex\u00adcep\u00adtion, bien entendu, d\u2019\u00c9lisa Martin, pre\u00admi\u00e8re adjointe de 2014 \u00e0 2022 (voir enca\u00addr\u00e9) et d\u00e9sor\u00admais proche d\u2019Allan Brunon, can\u00addi\u00addat LFI d\u00e9clar\u00e9.<\/p>\n<p>Les choses sont claires\u00a0: Alan Confesson exclut de sou\u00adte\u00adnir la liste auto\u00adnome LFI \u00e0 Grenoble et annonce se ran\u00adger der\u00adri\u00e8re le ras\u00adsem\u00adble\u00adment pr\u00f4n\u00e9 par la can\u00addi\u00addate Laurence Ruffin, d\u00e9si\u00adgn\u00e9e t\u00eate de liste de la majo\u00adrit\u00e9 sor\u00adtante <a href=\"https:\/\/www.placegrenet.fr\/2025\/09\/22\/grenoble-laurence-ruffin-tete-de-liste-de-la-majorite-sortante-aux-municipales-au-terme-dun-processus-douloureux\/660342\" rel=\"nofollow noopener\" target=\"_blank\">au terme d\u2019un (dou\u00adlou\u00adreux) pro\u00adces\u00adsus<\/a>.<\/p>\n<p>\u00ab\u00a0Si LFI, \u00e0 Grenoble, a d\u00e9cid\u00e9 de renon\u00adcer \u00e0 la loyaut\u00e9 \u00e0 ses enga\u00adge\u00adments, ce ne sera pas mon cas. [\u2026] Ma loyaut\u00e9 va \u00e0 Grenoble avant tout\u00a0\u00bb, d\u00e9clare l\u2019\u00e9lu. Ce en assu\u00adrant ne pas r\u00e9cla\u00admer de place ou de poste par\u00adti\u00adcu\u00adlier au sein de la pro\u00adchaine \u00e9quipe muni\u00adci\u00adpale. Equipe dont il ne doute par ailleurs pas de la vic\u00adtoire au terme du second tour.<\/p>\n","protected":false},"excerpt":{"rendered":"\u00ab\u00a0Depuis les purges, LFI est pas\u00ads\u00e9e d\u2019un mou\u00adve\u00adment plu\u00adra\u00adliste qui accepte les nuances \u00e0 une forme de secte&hellip;\n","protected":false},"author":2,"featured_media":462315,"comment_status":"","ping_status":"","sticky":false,"template":"","format":"standard","meta":{"footnotes":""},"categories":[9566],"tags":[1111,11,2430,1777,674,1011,27,2731,12,25],"class_list":{"0":"post-462314","1":"post","2":"type-post","3":"status-publish","4":"format-standard","5":"has-post-thumbnail","7":"category-grenoble","8":"tag-actu","9":"tag-actualites","10":"tag-auvergne-rhone-alpes","11":"tag-eu","12":"tag-europe","13":"tag-fr","14":"tag-france","15":"tag-grenoble","16":"tag-news","17":"tag-republique-francaise"},"share_on_mastodon":{"url":"https:\/\/pubeurope.com\/@fr\/115372472688158958","error":""},"_links":{"self":[{"href":"https:\/\/www.europesays.com\/fr\/wp-json\/wp\/v2\/posts\/462314","targetHints":{"allow":["GET"]}}],"collection":[{"href":"https:\/\/www.europesays.com\/fr\/wp-json\/wp\/v2\/posts"}],"about":[{"href":"https:\/\/www.europesays.com\/fr\/wp-json\/wp\/v2\/types\/post"}],"author":[{"embeddable":true,"href":"https:\/\/www.europesays.com\/fr\/wp-json\/wp\/v2\/users\/2"}],"replies":[{"embeddable":true,"href":"https:\/\/www.europesays.com\/fr\/wp-json\/wp\/v2\/comments?post=462314"}],"version-history":[{"count":0,"href":"https:\/\/www.europesays.com\/fr\/wp-json\/wp\/v2\/posts\/462314\/revisions"}],"wp:featuredmedia":[{"embeddable":true,"href":"https:\/\/www.europesays.com\/fr\/wp-json\/wp\/v2\/media\/462315"}],"wp:attachment":[{"href":"https:\/\/www.europesays.com\/fr\/wp-json\/wp\/v2\/media?parent=462314"}],"wp:term":[{"taxonomy":"category","embeddable":true,"href":"https:\/\/www.europesays.com\/fr\/wp-json\/wp\/v2\/categories?post=462314"},{"taxonomy":"post_tag","embeddable":true,"href":"https:\/\/www.europesays.com\/fr\/wp-json\/wp\/v2\/tags?post=462314"}],"curies":[{"name":"wp","href":"https:\/\/api.w.org\/{rel}","templated":true}]}}