{"id":462316,"date":"2025-10-14T12:16:11","date_gmt":"2025-10-14T12:16:11","guid":{"rendered":"https:\/\/www.europesays.com\/fr\/462316\/"},"modified":"2025-10-14T12:16:11","modified_gmt":"2025-10-14T12:16:11","slug":"coups-de-feu-pres-dun-centre-commercial-a-rennes-un-homme-blesse","status":"publish","type":"post","link":"https:\/\/www.europesays.com\/fr\/462316\/","title":{"rendered":"Coups de feu pr\u00e8s d&rsquo;un centre commercial \u00e0 Rennes : un homme bless\u00e9"},"content":{"rendered":"<p>            Par<br \/>\n        <strong><br \/>\n            <a href=\"https:\/\/actu.fr\/auteur\/brian-legoff\" title=\"Consulter tous les articles de Brian Le Goff\" target=\"_blank\" rel=\"noopener\">Brian Le Goff<\/a><br \/>\n        <\/strong><\/p>\n<p>        Publi\u00e9 le<\/p>\n<p>            14 oct. 2025 \u00e0 12h17        <\/p>\n<p>Les faits ont eu lieu en fin de journ\u00e9e, lundi 13 octobre 2025. \u00c0 <strong>quelques dizaines de m\u00e8tres du centre commercial Alma<\/strong> \u00e0 Rennes, des coups de feu ont \u00e9t\u00e9 tir\u00e9s, indiquent plusieurs sources \u00e0 <a href=\"https:\/\/actu.fr\/rennes\/\" target=\"_blank\" rel=\"noopener\">actu Rennes<\/a>, confirmant <a href=\"https:\/\/www.francebleu.fr\/infos\/faits-divers-justice\/une-personne-blessee-dans-une-fusillade-quartier-brequigny-a-rennes-1801896\" target=\"_blank\" rel=\"noopener\">France Bleu<\/a>.<\/p>\n<p class=\" wall-content\">Selon nos informations, <strong>vers 19h, au niveau de la place Pierre Gilles,<\/strong> une voiture d\u00e9barque dans ce quartier r\u00e9sidentiel, \u00e0 proximit\u00e9 imm\u00e9diate du centre commercial, et l\u2019un de ses occupants tire sur un scooter sur lequel se trouvent deux individus.<\/p>\n<p class=\" wall-content\">L\u2019un des hommes pr\u00e9sents sur le scooter a \u00e9t\u00e9 bless\u00e9 \u00e0 la cheville et s\u2019est pr\u00e9sent\u00e9 une heure plus tard \u00e0 l\u2019h\u00f4pital. Il est<strong> connu de la justice<\/strong>.<\/p>\n<p class=\" wall-content\">Les <strong>occupants de la voiture ont pris la fuite<\/strong>. Une enqu\u00eate a \u00e9t\u00e9 ouverte par la police. <strong>Aucune interpellation<\/strong> n\u2019a eu lieu.<\/p>\n<p class=\" wall-content\">Personnalisez votre actualit\u00e9 en ajoutant vos villes et m\u00e9dias en favori avec <a href=\"https:\/\/moncompte.actu.fr\" title=\"D\u00e9couvez Mon Actu\" rel=\"nofollow noopener\" data-trk=\"{&quot;cta&quot;:{&quot;action&quot;:&quot;https:\\\/\\\/moncompte.actu.fr&quot;,&quot;category&quot;:&quot;mon compte&quot;,&quot;from&quot;:&quot;article footer&quot;,&quot;name&quot;:&quot;Mon actu&quot;,&quot;type&quot;:&quot;cta&quot;}}\" target=\"_blank\">Mon Actu<\/a>.<\/p>\n","protected":false},"excerpt":{"rendered":"Par Brian Le Goff Publi\u00e9 le 14 oct. 2025 \u00e0 12h17 Les faits ont eu lieu en fin&hellip;\n","protected":false},"author":2,"featured_media":459589,"comment_status":"","ping_status":"","sticky":false,"template":"","format":"standard","meta":{"footnotes":""},"categories":[2821],"tags":[1111,11,829,1777,674,118,1011,27,12,1072,584,25],"class_list":{"0":"post-462316","1":"post","2":"type-post","3":"status-publish","4":"format-standard","5":"has-post-thumbnail","7":"category-rennes","8":"tag-actu","9":"tag-actualites","10":"tag-bretagne","11":"tag-eu","12":"tag-europe","13":"tag-faits-divers","14":"tag-fr","15":"tag-france","16":"tag-news","17":"tag-police","18":"tag-rennes","19":"tag-republique-francaise"},"share_on_mastodon":{"url":"https:\/\/pubeurope.com\/@fr\/115372476641888229","error":""},"_links":{"self":[{"href":"https:\/\/www.europesays.com\/fr\/wp-json\/wp\/v2\/posts\/462316","targetHints":{"allow":["GET"]}}],"collection":[{"href":"https:\/\/www.europesays.com\/fr\/wp-json\/wp\/v2\/posts"}],"about":[{"href":"https:\/\/www.europesays.com\/fr\/wp-json\/wp\/v2\/types\/post"}],"author":[{"embeddable":true,"href":"https:\/\/www.europesays.com\/fr\/wp-json\/wp\/v2\/users\/2"}],"replies":[{"embeddable":true,"href":"https:\/\/www.europesays.com\/fr\/wp-json\/wp\/v2\/comments?post=462316"}],"version-history":[{"count":0,"href":"https:\/\/www.europesays.com\/fr\/wp-json\/wp\/v2\/posts\/462316\/revisions"}],"wp:featuredmedia":[{"embeddable":true,"href":"https:\/\/www.europesays.com\/fr\/wp-json\/wp\/v2\/media\/459589"}],"wp:attachment":[{"href":"https:\/\/www.europesays.com\/fr\/wp-json\/wp\/v2\/media?parent=462316"}],"wp:term":[{"taxonomy":"category","embeddable":true,"href":"https:\/\/www.europesays.com\/fr\/wp-json\/wp\/v2\/categories?post=462316"},{"taxonomy":"post_tag","embeddable":true,"href":"https:\/\/www.europesays.com\/fr\/wp-json\/wp\/v2\/tags?post=462316"}],"curies":[{"name":"wp","href":"https:\/\/api.w.org\/{rel}","templated":true}]}}