{"id":462317,"date":"2025-10-14T12:17:14","date_gmt":"2025-10-14T12:17:14","guid":{"rendered":"https:\/\/www.europesays.com\/fr\/462317\/"},"modified":"2025-10-14T12:17:14","modified_gmt":"2025-10-14T12:17:14","slug":"un-homme-blesse-apres-des-coups-de-feu-dans-un-quartier-de-rennes","status":"publish","type":"post","link":"https:\/\/www.europesays.com\/fr\/462317\/","title":{"rendered":"Un homme bless\u00e9 apr\u00e8s des coups de feu dans un quartier de Rennes"},"content":{"rendered":"<p class=\"article__intro\">Deux personnes circulant \u00e0 scooter ont \u00e9t\u00e9 vis\u00e9es par des tirs \u00e0 l&rsquo;arme \u00e0 feu, hier, lundi 13 octobre, au sud de Rennes. Un jeune homme a \u00e9t\u00e9 bless\u00e9 \u00e0 la cheville, une balle a travers\u00e9 sa cheville.<\/p>\n<p>\n      La Quotidienne Soci\u00e9t\u00e9\n    <\/p>\n<p>\n      De la vie quotidienne aux grands enjeux, recevez tous les jours les sujets qui font la soci\u00e9t\u00e9 locale, comme la justice, l\u2019\u00e9ducation, la sant\u00e9 et la famille.\n    <\/p>\n<p>    France T\u00e9l\u00e9visions utilise votre adresse e-mail afin de vous envoyer la newsletter \u00ab\u00a0La Quotidienne Soci\u00e9t\u00e9\u00a0\u00bb. Vous pouvez vous d\u00e9sinscrire \u00e0 tout moment via le lien en bas de cette newsletter. <a target=\"_blank\" href=\"https:\/\/www.francetelevisions.fr\/groupe\/confidentialite\/politique-de-confidentialite\/politique-de-confidentialite-de-france-televisions-6503\" rel=\"nofollow noopener\">Notre politique de confidentialit\u00e9<\/a><\/p>\n<p>Les faits se sont d\u00e9roul\u00e9s non loin du centre commercial Alma, au sud de Rennes, hier, lundi, peu apr\u00e8s 19 heures. Deux individus circulant \u00e0 scooter ont \u00e9t\u00e9 vis\u00e9s par des tirs d&rsquo;arme \u00e0 feu, \u00e9manant d&rsquo;une voiture qui les poursuivait.<\/p>\n<\/p>\n<p>L&rsquo;un des deux individus circulant sur le deux-roues a \u00e9t\u00e9 touch\u00e9 \u00e0 la cheville. Selon nos confr\u00e8res d&rsquo;<a href=\"https:\/\/www.francebleu.fr\/infos\/faits-divers-justice\/une-personne-blessee-dans-une-fusillade-quartier-brequigny-a-rennes-1801896\" target=\"_blank\" rel=\"noopener noreferrer nofollow\" data-tooltip-url=\"https:\/\/www.francebleu.fr\/infos\/faits-divers-justice\/une-personne-blessee-dans-une-fusillade-quartier-brequigny-a-rennes-1801896\"><strong>Ici Armorique<\/strong><\/a> (ex-France Bleu), il s&rsquo;est ensuite pr\u00e9sent\u00e9 au CHU de Rennes, \u00e0 Pontchaillou. Les agresseurs, eux, ont pris la fuite. L&rsquo;enqu\u00eate est confi\u00e9e \u00e0 la division rennaise de lutte contre la criminalit\u00e9 organis\u00e9e et la d\u00e9linquance sp\u00e9cialis\u00e9e.<\/p>\n<p>Dans la nuit du 29 au 30 septembre, le quartier de Maurepas, au nord de Rennes, a \u00e9t\u00e9 le th\u00e9\u00e2tre d&rsquo;une fusillade. Des impacts avaient pu \u00eatre visibles sur le hall d&rsquo;un immeuble, une dizaine de coups tir\u00e9s qui n&rsquo;avaient pas fait de victimes. Quelques jours plus tard, <a href=\"https:\/\/france3-regions.franceinfo.fr\/bretagne\/ille-et-vilaine\/rennes\/des-hommes-armes-apercus-pres-d-une-ecole-les-eleves-ont-ete-confines-3227252.html\" target=\"_blank\" rel=\"noopener noreferrer nofollow\" data-tooltip-url=\"https:\/\/france3-regions.franceinfo.fr\/bretagne\/ille-et-vilaine\/rennes\/des-hommes-armes-apercus-pres-d-une-ecole-les-eleves-ont-ete-confines-3227252.html\"><strong>l&rsquo;\u00e9cole de Tr\u00e9gain \u00e9tait confin\u00e9e une matin\u00e9e<\/strong><\/a>, plusieurs hommes arm\u00e9s avaient \u00e9t\u00e9 signal\u00e9s aux abords de l&rsquo;\u00e9tablissement. <\/p>\n<p>L&rsquo;ann\u00e9e 2024 a \u00e9t\u00e9 marqu\u00e9e par de nombreux tirs, en lien avec des trafics de stup\u00e9fiants et des points de deal connus dans la ville. Ces deux derni\u00e8res ann\u00e9es, une trentaine de fusillades a \u00e9t\u00e9 recens\u00e9e. <\/p>\n<p><strong>A lire aussi : <\/strong><a href=\"https:\/\/france3-regions.franceinfo.fr\/bretagne\/ille-et-vilaine\/rennes\/fusillades-en-serie-a-rennes-deux-ans-de-guerre-de-la-drogue-dans-les-quartiers-3140759.html\" target=\"_blank\" rel=\"noopener noreferrer nofollow\" data-tooltip-url=\"https:\/\/france3-regions.franceinfo.fr\/bretagne\/ille-et-vilaine\/rennes\/fusillades-en-serie-a-rennes-deux-ans-de-guerre-de-la-drogue-dans-les-quartiers-3140759.html\"><strong>Fusillades en s\u00e9rie \u00e0 Rennes : deux ans de guerre de la drogue dans les quartiers<\/strong><\/a><\/p>\n","protected":false},"excerpt":{"rendered":"Deux personnes circulant \u00e0 scooter ont \u00e9t\u00e9 vis\u00e9es par des tirs \u00e0 l&rsquo;arme \u00e0 feu, hier, lundi 13&hellip;\n","protected":false},"author":2,"featured_media":462318,"comment_status":"","ping_status":"","sticky":false,"template":"","format":"standard","meta":{"footnotes":""},"categories":[2821],"tags":[1111,11,829,1777,674,1011,27,12,584,25],"class_list":{"0":"post-462317","1":"post","2":"type-post","3":"status-publish","4":"format-standard","5":"has-post-thumbnail","7":"category-rennes","8":"tag-actu","9":"tag-actualites","10":"tag-bretagne","11":"tag-eu","12":"tag-europe","13":"tag-fr","14":"tag-france","15":"tag-news","16":"tag-rennes","17":"tag-republique-francaise"},"share_on_mastodon":{"url":"https:\/\/pubeurope.com\/@fr\/115372480492656053","error":""},"_links":{"self":[{"href":"https:\/\/www.europesays.com\/fr\/wp-json\/wp\/v2\/posts\/462317","targetHints":{"allow":["GET"]}}],"collection":[{"href":"https:\/\/www.europesays.com\/fr\/wp-json\/wp\/v2\/posts"}],"about":[{"href":"https:\/\/www.europesays.com\/fr\/wp-json\/wp\/v2\/types\/post"}],"author":[{"embeddable":true,"href":"https:\/\/www.europesays.com\/fr\/wp-json\/wp\/v2\/users\/2"}],"replies":[{"embeddable":true,"href":"https:\/\/www.europesays.com\/fr\/wp-json\/wp\/v2\/comments?post=462317"}],"version-history":[{"count":0,"href":"https:\/\/www.europesays.com\/fr\/wp-json\/wp\/v2\/posts\/462317\/revisions"}],"wp:featuredmedia":[{"embeddable":true,"href":"https:\/\/www.europesays.com\/fr\/wp-json\/wp\/v2\/media\/462318"}],"wp:attachment":[{"href":"https:\/\/www.europesays.com\/fr\/wp-json\/wp\/v2\/media?parent=462317"}],"wp:term":[{"taxonomy":"category","embeddable":true,"href":"https:\/\/www.europesays.com\/fr\/wp-json\/wp\/v2\/categories?post=462317"},{"taxonomy":"post_tag","embeddable":true,"href":"https:\/\/www.europesays.com\/fr\/wp-json\/wp\/v2\/tags?post=462317"}],"curies":[{"name":"wp","href":"https:\/\/api.w.org\/{rel}","templated":true}]}}