{"id":462320,"date":"2025-10-14T12:19:10","date_gmt":"2025-10-14T12:19:10","guid":{"rendered":"https:\/\/www.europesays.com\/fr\/462320\/"},"modified":"2025-10-14T12:19:10","modified_gmt":"2025-10-14T12:19:10","slug":"absence-de-taille-cote-alsacien-ce-vendredi","status":"publish","type":"post","link":"https:\/\/www.europesays.com\/fr\/462320\/","title":{"rendered":"Absence de taille c\u00f4t\u00e9 Alsacien ce vendredi"},"content":{"rendered":"<p><img width=\"780\" height=\"470\" src=\"https:\/\/www.europesays.com\/fr\/wp-content\/uploads\/2025\/10\/emmanuel-emegha-qui-echappe-au-parisien-willian-pacho-postule-a-une-place-dans-le-groupe-dimanche-ph.jpeg\" class=\"attachment-jannah-image-post size-jannah-image-post wp-post-image\" alt=\"Emmanuel Emegha vs PSG\" is_main_img=\"1\" decoding=\"async\" fetchpriority=\"high\"\/><\/p>\n<p>Ce vendredi, le <strong>PSG<\/strong> re\u00e7oit le <strong>RC<br \/>\nStrasbourg<\/strong> pour le compte de la 8e journ\u00e9e de<br \/>\n<strong>Ligue 1<\/strong> (20h45 sur Ligue 1 +). Les hommes de<br \/>\n<strong>Liam Rosenior<\/strong> feront face \u00e0 ceux de <strong>Luis<br \/>\nEnrique<\/strong> avec une tendance invers\u00e9e du c\u00f4t\u00e9 de<br \/>\nl\u2019infirmerie.<\/p>\n<p>Apr\u00e8s la deuxi\u00e8me tr\u00eave internationale de la saison 2025 \/ 2026,<br \/>\nle <strong><a href=\"https:\/\/canal-supporters.com\/psg-linfirmerie-devrait-se-vider-pour-la-reception-du-rc-strasbourg\/\" target=\"_blank\" rel=\"noopener\"><br \/>\nPSG<\/a><\/strong> pourrait vider son infirmerie et retrouver<br \/>\n<strong>Khvicha Kvaratskhelia<\/strong>, <strong>Joao<br \/>\nNeves<\/strong>, <strong>Senny Mayulu<\/strong>, <strong>Ousmane<br \/>\nDemb\u00e9l\u00e9<\/strong>, <strong>D\u00e9sir\u00e9 Dou\u00e9<\/strong>, en attendant encore<br \/>\nun peu de r\u00e9int\u00e9grer au groupe <strong>Marquinhos<\/strong>. Des<br \/>\nretours qui pourraient \u00eatre enregistr\u00e9s face au <strong>RC<br \/>\nStrasbourg<\/strong> ce vendredi au <strong>Parc des<br \/>\nPrinces<\/strong> pour le compte de la 8e journ\u00e9e de <strong>Ligue<br \/>\n1<\/strong>. Un <strong>RC Strasbourg<\/strong> qui lui arriverait<br \/>\nsur la capitale avec des absences notables. En effet, selon les<br \/>\nderni\u00e8res indiscr\u00e9tions de nos confr\u00e8res de <a href=\"https:\/\/www.lequipe.fr\/Football\/Actualites\/Strasbourg-sans-emmanuel-emegha-ni-mamadou-sarr-face-au-psg\/1601340\" target=\"_blank\" rel=\"noopener\"><br \/>\nL\u2019Equipe<\/a>, les Alsaciens, face aux champions d\u2019Europe,<br \/>\nseront toujours priv\u00e9s de leur capitaine et attaquant star,<br \/>\n<strong>Emmanuel Emegha<\/strong>. Le n\u00e9erlandais \u00ab\u00a0est<br \/>\nbless\u00e9 aux ischios\u00a0depuis la rencontre perdue contre l\u2019OM<br \/>\n(1-2, le 26\u00a0septembre) [\u2026] et aucune date de retour n\u2019est<br \/>\npr\u00e9vue pour le moment\u00ab\u00a0. L\u2019actuel troisi\u00e8me de Ligue 1 \u00e0<br \/>\nune longueur du leader qu\u2019est le <strong>PSG<\/strong>, devra<br \/>\n\u00e9galement composer sans <strong>Mamadou Sarr<\/strong>, son<br \/>\nd\u00e9fenseur central. Ce dernier, pr\u00eat\u00e9 par <strong>Chelsea<\/strong>,<br \/>\nest touch\u00e9 \u00e0 la cuisse depuis le 30 septembre dernier et reste en<br \/>\nphase de reprise.<\/p>\n<p>Touch\u00e9 \u00e0 l\u2019\u00e9paule et sur le carreau depuis un mois,<br \/>\n<strong>Sebastian Nanasi<\/strong> devrait lui faire son retour dans<br \/>\nle groupe de <strong>Liam Rosenior<\/strong> pour le d\u00e9placement \u00e0<br \/>\nParis.<\/p>\n<\/p>\n<p>YouTube : <a href=\"https:\/\/www.youtube.com\/watch?v=ES7hIw-0CvI&amp;t=38s\" target=\"_blank\" rel=\"noopener\">Canal<br \/>\nSupporters Paris<\/a><\/p>\n","protected":false},"excerpt":{"rendered":"Ce vendredi, le PSG re\u00e7oit le RC Strasbourg pour le compte de la 8e journ\u00e9e de Ligue 1&hellip;\n","protected":false},"author":2,"featured_media":462321,"comment_status":"","ping_status":"","sticky":false,"template":"","format":"standard","meta":{"footnotes":""},"categories":[2820],"tags":[1111,11,81,52286,58665,58666,1777,674,1011,27,775,66,12,91,92,93,57394,4448,25,640,96],"class_list":{"0":"post-462320","1":"post","2":"type-post","3":"status-publish","4":"format-standard","5":"has-post-thumbnail","7":"category-strasbourg","8":"tag-actu","9":"tag-actualites","10":"tag-canal-supporters","11":"tag-emegha","12":"tag-emegha-vs-psg","13":"tag-emmanuel-emegha","14":"tag-eu","15":"tag-europe","16":"tag-fr","17":"tag-france","18":"tag-grand-est","19":"tag-ligue-1","20":"tag-news","21":"tag-paris-saint-germain","22":"tag-paris-sg","23":"tag-psg","24":"tag-psg-rcsa","25":"tag-rc-strasbourg","26":"tag-republique-francaise","27":"tag-strasbourg","28":"tag-une"},"share_on_mastodon":{"url":"https:\/\/pubeurope.com\/@fr\/115372488937642991","error":""},"_links":{"self":[{"href":"https:\/\/www.europesays.com\/fr\/wp-json\/wp\/v2\/posts\/462320","targetHints":{"allow":["GET"]}}],"collection":[{"href":"https:\/\/www.europesays.com\/fr\/wp-json\/wp\/v2\/posts"}],"about":[{"href":"https:\/\/www.europesays.com\/fr\/wp-json\/wp\/v2\/types\/post"}],"author":[{"embeddable":true,"href":"https:\/\/www.europesays.com\/fr\/wp-json\/wp\/v2\/users\/2"}],"replies":[{"embeddable":true,"href":"https:\/\/www.europesays.com\/fr\/wp-json\/wp\/v2\/comments?post=462320"}],"version-history":[{"count":0,"href":"https:\/\/www.europesays.com\/fr\/wp-json\/wp\/v2\/posts\/462320\/revisions"}],"wp:featuredmedia":[{"embeddable":true,"href":"https:\/\/www.europesays.com\/fr\/wp-json\/wp\/v2\/media\/462321"}],"wp:attachment":[{"href":"https:\/\/www.europesays.com\/fr\/wp-json\/wp\/v2\/media?parent=462320"}],"wp:term":[{"taxonomy":"category","embeddable":true,"href":"https:\/\/www.europesays.com\/fr\/wp-json\/wp\/v2\/categories?post=462320"},{"taxonomy":"post_tag","embeddable":true,"href":"https:\/\/www.europesays.com\/fr\/wp-json\/wp\/v2\/tags?post=462320"}],"curies":[{"name":"wp","href":"https:\/\/api.w.org\/{rel}","templated":true}]}}