{"id":462322,"date":"2025-10-14T12:20:13","date_gmt":"2025-10-14T12:20:13","guid":{"rendered":"https:\/\/www.europesays.com\/fr\/462322\/"},"modified":"2025-10-14T12:20:13","modified_gmt":"2025-10-14T12:20:13","slug":"ia-et-cybersecurite-duo-gagnant-ou-double-risque-cci-nice-cote-dazur","status":"publish","type":"post","link":"https:\/\/www.europesays.com\/fr\/462322\/","title":{"rendered":"IA et cybers\u00e9curit\u00e9\u00a0: duo gagnant ou double risque\u00a0? &#8211; CCI Nice C\u00f4te d&rsquo;Azur"},"content":{"rendered":"<p><img alt=\"\" loading=\"lazy\" decoding=\"async\" width=\"500\" height=\"300\" src=\"https:\/\/www.europesays.com\/fr\/wp-content\/uploads\/2025\/10\/chambre-de-commerce-et-d-industrie-nice-cote-d-azur_cci_site_e54cbca0-bf2c-4e01-b1a3-722f5b922517.pn.png\" class=\"wp-image-13260\" style=\"width:400px\"  \/><\/p>\n<p class=\"tribe-events-schedule__datetime\">\n<p>\t\t\t15 octobre\t\t<\/p>\n<p>\t\t\t\t| \t\t\t<\/p>\n<p>\t\t\t\t11h00\t\t\t<\/p>\n<p>\t\t\t\t\t \u2013 \t\t\t\t<\/p>\n<p>\t\t\t\t\t12h00\t\t\t\t<\/p>\n<p>IA et cybers\u00e9curit\u00e9\u00a0: duo gagnant ou double risque\u00a0? Webinaire anim\u00e9 par Thierry Piton (r\u00e9f\u00e9rent national souscription risques cyber \u2013 AXA) et Marjorie Billaud (responsable p\u00f4le transition num\u00e9rique et intelligence \u00e9conomique \u2013 CCI Nice C\u00f4te d\u2019Azur). <\/p>\n","protected":false},"excerpt":{"rendered":"15 octobre | 11h00 \u2013 12h00 IA et cybers\u00e9curit\u00e9\u00a0: duo gagnant ou double risque\u00a0? Webinaire anim\u00e9 par Thierry&hellip;\n","protected":false},"author":2,"featured_media":460499,"comment_status":"","ping_status":"","sticky":false,"template":"","format":"standard","meta":{"footnotes":""},"categories":[2819],"tags":[1111,11,1777,674,1011,27,12,2401,882,25],"class_list":{"0":"post-462322","1":"post","2":"type-post","3":"status-publish","4":"format-standard","5":"has-post-thumbnail","7":"category-nice","8":"tag-actu","9":"tag-actualites","10":"tag-eu","11":"tag-europe","12":"tag-fr","13":"tag-france","14":"tag-news","15":"tag-nice","16":"tag-provence-alpes-cote-dazur","17":"tag-republique-francaise"},"share_on_mastodon":{"url":"https:\/\/pubeurope.com\/@fr\/115372492772962523","error":""},"_links":{"self":[{"href":"https:\/\/www.europesays.com\/fr\/wp-json\/wp\/v2\/posts\/462322","targetHints":{"allow":["GET"]}}],"collection":[{"href":"https:\/\/www.europesays.com\/fr\/wp-json\/wp\/v2\/posts"}],"about":[{"href":"https:\/\/www.europesays.com\/fr\/wp-json\/wp\/v2\/types\/post"}],"author":[{"embeddable":true,"href":"https:\/\/www.europesays.com\/fr\/wp-json\/wp\/v2\/users\/2"}],"replies":[{"embeddable":true,"href":"https:\/\/www.europesays.com\/fr\/wp-json\/wp\/v2\/comments?post=462322"}],"version-history":[{"count":0,"href":"https:\/\/www.europesays.com\/fr\/wp-json\/wp\/v2\/posts\/462322\/revisions"}],"wp:featuredmedia":[{"embeddable":true,"href":"https:\/\/www.europesays.com\/fr\/wp-json\/wp\/v2\/media\/460499"}],"wp:attachment":[{"href":"https:\/\/www.europesays.com\/fr\/wp-json\/wp\/v2\/media?parent=462322"}],"wp:term":[{"taxonomy":"category","embeddable":true,"href":"https:\/\/www.europesays.com\/fr\/wp-json\/wp\/v2\/categories?post=462322"},{"taxonomy":"post_tag","embeddable":true,"href":"https:\/\/www.europesays.com\/fr\/wp-json\/wp\/v2\/tags?post=462322"}],"curies":[{"name":"wp","href":"https:\/\/api.w.org\/{rel}","templated":true}]}}