{"id":462323,"date":"2025-10-14T12:21:11","date_gmt":"2025-10-14T12:21:11","guid":{"rendered":"https:\/\/www.europesays.com\/fr\/462323\/"},"modified":"2025-10-14T12:21:11","modified_gmt":"2025-10-14T12:21:11","slug":"policier-elu-a-la-securite-conseiller-general-jean-hanot-ex-m-securite-de-la-ville-de-nice-est-decede","status":"publish","type":"post","link":"https:\/\/www.europesays.com\/fr\/462323\/","title":{"rendered":"Policier, \u00e9lu \u00e0 la S\u00e9curit\u00e9, conseiller g\u00e9n\u00e9ral&#8230; Jean Hanot, ex-M. S\u00e9curit\u00e9 de la Ville de Nice, est d\u00e9c\u00e9d\u00e9"},"content":{"rendered":"<p class=\"fs-5 \">Jean Hanot est d\u00e9c\u00e9d\u00e9, ce lundi, \u00e0 l\u2019\u00e2ge de 94 ans. Cet <strong>ancien officier de l\u2019arm\u00e9e<\/strong>, qui a fait l\u2019essentiel de sa carri\u00e8re dans la police nationale, a \u00e9t\u00e9 durant <strong>treize ans maire-adjoint \u00e0 la S\u00e9curit\u00e9 de la Ville de Nice<\/strong>.<\/p>\n<p class=\"fs-5 \">En 1995, quatre ans apr\u00e8s avoir pris sa retraite du minist\u00e8re de l\u2019Int\u00e9rieur, Jean Hanot avait rejoint <strong>la liste de Jacques Peyrat<\/strong>. Les deux hommes s\u2019\u00e9taient connus bien des ann\u00e9es plus t\u00f4t, sur les bancs du lyc\u00e9e Mass\u00e9na.<\/p>\n<p class=\"fs-5 \">L\u2019ancien camarade de classe \u00e9tait ainsi devenu l\u2019un des plus proches \u00e9lus du pr\u00e9c\u00e9dent maire de Nice. Il est rest\u00e9 en charge de la S\u00e9curit\u00e9 jusqu\u2019aux \u00e9lections de 2008.<\/p>\n<p>                                                                                \u00ab Un homme droit \u00bb<\/p>\n<p class=\"fs-5 \">Daniel V\u00e9ran se souvient de sa premi\u00e8re rencontre avec ce fonctionnaire \u00ab droit jusqu\u2019au bout des ongles \u00bb : \u00ab Nous \u00e9tions quelques-uns dans l\u2019armurerie. \u00c0 l\u2019\u00e9poque, nous avions le droit de fabriquer nos propres cartouches et nous les conservions dans de petites caisses militaires. Jean Hanot nous a demand\u00e9 combien nous en avions. Un policier municipal lui a r\u00e9pondu qu\u2019il y en avait \u00e0 peu pr\u00e8s 5 000\u2026 Monsieur Hanot a alors renvers\u00e9 la caisse en lui disant : \u2018\u2019\u00e0 peu pr\u00e8s, \u00e7a ne veut rien dire. Je veux un chiffre pr\u00e9cis\u2019\u2019. On s\u2019est mis \u00e0 compter\u2026 \u00bb, souffle l\u2019ancien commandant de la police municipale, pour qui cette anecdote d\u00e9montre la \u00ab rigueur \u00bb toute militaire de cet ancien \u00e9lu.<\/p>\n<p class=\"fs-5 \">Un \u00e9lu pas vraiment taill\u00e9 pour la politique, d\u2019ailleurs. M\u00eame si, au-del\u00e0 de ses fonctions municipales, Jean Hanot a \u00e9galement exerc\u00e9 <strong>un mandat de conseiller g\u00e9n\u00e9ral dans le quartier de Cimiez-Rimiez-Gairaut <\/strong>qu\u2019il connaissait bien pour avoir dirig\u00e9 l\u2019\u00e9cole des officiers de la police nationale, qui se trouvait \u00e0 l\u2019\u00e9poque \u00e0 Brancolar.<\/p>\n<p>                                                                                L\u2019affaire du micro\u2026 et celle du mont Chauve<\/p>\n<p class=\"fs-5 \">Jean Hanot a aussi \u00e9t\u00e9 <strong>directeur de la police des Hauts-de-Seine<\/strong> \u00e0 l\u2019\u00e9poque o\u00f9 le chef-lieu de ce d\u00e9partement, Neuilly-sur-Seine, venait d\u2019\u00eatre conquis par un jeune politicien nomm\u00e9\u2026 Nicolas Sarkozy.<\/p>\n<p class=\"fs-5 \">Le commissaire Hanot, avant de finir <strong>inspecteur g\u00e9n\u00e9ral de la police nationale<\/strong>, est aussi pass\u00e9 par la Direction de la surveillance du territoire (DST), les services de contre-espionnage fran\u00e7ais.<\/p>\n<p class=\"fs-5 \">C\u2019est d\u2019ailleurs lui qui, en 1995, avait <strong>d\u00e9busqu\u00e9 un micro-espion cach\u00e9 dans le bureau du nouveau maire de Nice<\/strong> <a href=\"https:\/\/www.nicematin.com\/societe\/politique\/il-etait-temps-de-mettre-fin-a-une-guerre-fratricide-jacques-peyrat-confie-les-dessous-de-son-rapprochement-soudain-avec-christian-estrosi-823474\" rel=\"nofollow noopener\" target=\"_blank\">Jacques Peyrat<\/a>. Lui aussi qui, pour d\u00e9barrasser les rues de la ville de ses mendiants, avait eu <a href=\"https:\/\/www.nicematin.com\/sports\/equitation\/l-arrete-anti-mendicite-agressive-prend-fin-a-nice-notre-historien-revient-sur-l-affaire-des-sdf-du-mont-chauve-265322\" rel=\"nofollow noopener\" target=\"_blank\">la mauvaise id\u00e9e de les rel\u00e9guer au mont Chauve<\/a>. Ce qui lui avait valu d\u2019\u00eatre mis en examen\u2026<\/p>\n<p class=\"fs-5 \">Lui qui avait \u00e9t\u00e9 le directeur national adjoint de la police des polices. Au terme d\u2019une carri\u00e8re tout enti\u00e8re d\u00e9di\u00e9e \u00e0 la s\u00e9curit\u00e9, jusqu\u2019apr\u00e8s sa reconversion politique. Ce qui lui a valu de recevoir la L\u00e9gion d\u2019Honneur et d\u2019\u00eatre distingu\u00e9 par l\u2019Ordre national du M\u00e9rite.<\/p>\n","protected":false},"excerpt":{"rendered":"Jean Hanot est d\u00e9c\u00e9d\u00e9, ce lundi, \u00e0 l\u2019\u00e2ge de 94 ans. Cet ancien officier de l\u2019arm\u00e9e, qui a&hellip;\n","protected":false},"author":2,"featured_media":462324,"comment_status":"","ping_status":"","sticky":false,"template":"","format":"standard","meta":{"footnotes":""},"categories":[2819],"tags":[1111,11,1777,674,1011,27,12,2401,882,25],"class_list":{"0":"post-462323","1":"post","2":"type-post","3":"status-publish","4":"format-standard","5":"has-post-thumbnail","7":"category-nice","8":"tag-actu","9":"tag-actualites","10":"tag-eu","11":"tag-europe","12":"tag-fr","13":"tag-france","14":"tag-news","15":"tag-nice","16":"tag-provence-alpes-cote-dazur","17":"tag-republique-francaise"},"share_on_mastodon":{"url":"https:\/\/pubeurope.com\/@fr\/115372496385110532","error":""},"_links":{"self":[{"href":"https:\/\/www.europesays.com\/fr\/wp-json\/wp\/v2\/posts\/462323","targetHints":{"allow":["GET"]}}],"collection":[{"href":"https:\/\/www.europesays.com\/fr\/wp-json\/wp\/v2\/posts"}],"about":[{"href":"https:\/\/www.europesays.com\/fr\/wp-json\/wp\/v2\/types\/post"}],"author":[{"embeddable":true,"href":"https:\/\/www.europesays.com\/fr\/wp-json\/wp\/v2\/users\/2"}],"replies":[{"embeddable":true,"href":"https:\/\/www.europesays.com\/fr\/wp-json\/wp\/v2\/comments?post=462323"}],"version-history":[{"count":0,"href":"https:\/\/www.europesays.com\/fr\/wp-json\/wp\/v2\/posts\/462323\/revisions"}],"wp:featuredmedia":[{"embeddable":true,"href":"https:\/\/www.europesays.com\/fr\/wp-json\/wp\/v2\/media\/462324"}],"wp:attachment":[{"href":"https:\/\/www.europesays.com\/fr\/wp-json\/wp\/v2\/media?parent=462323"}],"wp:term":[{"taxonomy":"category","embeddable":true,"href":"https:\/\/www.europesays.com\/fr\/wp-json\/wp\/v2\/categories?post=462323"},{"taxonomy":"post_tag","embeddable":true,"href":"https:\/\/www.europesays.com\/fr\/wp-json\/wp\/v2\/tags?post=462323"}],"curies":[{"name":"wp","href":"https:\/\/api.w.org\/{rel}","templated":true}]}}