{"id":462325,"date":"2025-10-14T12:22:12","date_gmt":"2025-10-14T12:22:12","guid":{"rendered":"https:\/\/www.europesays.com\/fr\/462325\/"},"modified":"2025-10-14T12:22:12","modified_gmt":"2025-10-14T12:22:12","slug":"40-ans-apres-lappel-de-coluche-une-exposition-photographique-inedite","status":"publish","type":"post","link":"https:\/\/www.europesays.com\/fr\/462325\/","title":{"rendered":"40 ans apr\u00e8s l&rsquo;appel de Coluche, une exposition photographique in\u00e9dite"},"content":{"rendered":"<p>            Par<br \/>\n        <strong><br \/>\n            <a href=\"https:\/\/actu.fr\/auteur\/redaction-nantes\" title=\"Consulter tous les articles de R\u00e9daction Nantes\" target=\"_blank\" rel=\"noopener\">R\u00e9daction Nantes<\/a><br \/>\n        <\/strong><\/p>\n<p>        Publi\u00e9 le<\/p>\n<p>            14 oct. 2025 \u00e0 11h56        <\/p>\n<p>\u00c0 l\u2019occasion du 40e anniversaire des Restos du C\u0153ur, l\u2019Agence France Presse (AFP) propose <strong>une exposition photographique itin\u00e9rante in\u00e9dite, intitul\u00e9e<\/strong>\u2009: \u00ab\u2009C\u2019est l\u2019histoire d\u2019un pauvre\u2026 Les Restos du C\u0153ur 1985-1989\u2009\u00bb. Une expo d\u00e9di\u00e9e aux visages de la pr\u00e9carit\u00e9 dans les ann\u00e9es 1980.<\/p>\n<p class=\" wall-content\">Apr\u00e8s Paris, Lille, Bordeaux et Marseille, l\u2019exposition s\u2019installe \u00e0 <a href=\"https:\/\/www.loire-atlantique.fr\/44\/insertion-emploi\/exposition-c-est-l-histoire-d-un-pauvre-les-restos-du-coeur-1985-1989\/c_1494964\" target=\"_blank\" rel=\"noopener\">l\u2019H\u00f4tel du D\u00e9partement de Loire-Atlantique<\/a>, Quai Ceineray \u00e0 Nantes, <strong>du 13\u00a0octobre au 22\u00a0novembre 2025<\/strong>.<\/p>\n<p>    <a href=\"https:\/\/www.facebook.com\/plugins\/post.php?href=https%3A%2F%2Fwww.facebook.com%2Fphoto%2F%3Ffbid%3D770723199290169%26set%3Da.171621869200308&amp;show_text=true&amp;width=350\" title=\"Ouvrie le lien\" target=\"_blank\" rel=\"noopener\">Cliquez ici pour visualiser le contenu<\/a><\/p>\n<p>Quarante images<\/p>\n<p class=\" wall-content\">Quarante images issues du fonds photographique de l\u2019AFP ainsi que des objets et fac-simil\u00e9s de documents d\u2019\u00e9poque tracent un portrait de la pr\u00e9carit\u00e9 dans la France des ann\u00e9es 1980.<\/p>\n<p class=\" wall-content\">\u00ab\u2009Face \u00e0 ces images d\u2019archives, une s\u00e9rie de portraits d\u2019aujourd\u2019hui vient souligner<strong> que la situation n\u2019a gu\u00e8re chang\u00e9, qu\u2019elle s\u2019est m\u00eame accentu\u00e9e et presque banalis\u00e9e\u2009\u00bb<\/strong>, rel\u00e8ve Marielle Eudes, directrice photo \u00ab\u2009Projets sp\u00e9ciaux\u2009\u00bb de l\u2019AFP et co-commissaire de l\u2019exposition. \u00ab\u2009Une s\u00e9rie qui permet aussi de s\u2019interroger sur le regard que l\u2019on pose 40\u00a0ans plus tard sur la pauvret\u00e9 et la pr\u00e9carit\u00e9.\u2009\u00bb<\/p>\n<p>Une conf\u00e9rence-d\u00e9bat<\/p>\n<p class=\" wall-content\">La premi\u00e8re campagne de l\u2019association en 1985 mobilisait 5\u2009000\u00a0b\u00e9n\u00e9voles et permettait de distribuer 8,5\u00a0millions de repas. En 2023-2024, plus de 75\u2009000\u00a0b\u00e9n\u00e9voles r\u00e9guliers ont distribu\u00e9 163\u00a0millions de repas. Soit pr\u00e8s de vingt fois plus.<\/p>\n<p class=\" wall-content\">En 2023-2024, <strong>l\u2019association de Loire-Atlantique a accueilli plus de 20\u2009000\u00a0personnes dans ses 34 centres de distribution.<\/strong><\/p>\n<p>Votre r\u00e9gion, votre actu !<\/p>\n<p>Recevez chaque jour les infos qui comptent pour vous.<\/p>\n<p>\t<a href=\"https:\/\/actu.fr\/newsletter\" class=\"ac-btn ac-btn--corner ac-btn--medium ac-btn--blue800\" target=\"_blank\" rel=\"noopener\">S&rsquo;incrire<\/a><\/p>\n<p class=\" wall-content\">En compl\u00e9ment de l\u2019exposition, le D\u00e9partement organise, <strong>le jeudi 16\u00a0octobre \u00e0 19h<\/strong>, une conf\u00e9rence (gratuite) sur \u00ab\u2009les nouveaux visages de la pauvret\u00e9\u2009\u00bb. Anne Brunner, responsable des \u00e9tudes \u00e0 l\u2019Observatoire des in\u00e9galit\u00e9s, de Christophe Robert, d\u00e9l\u00e9gu\u00e9 g\u00e9n\u00e9ral de la Fondation pour le Logement des D\u00e9favoris\u00e9s et Michel M\u00e9nard, pr\u00e9sident du D\u00e9partement, interviendront.<\/p>\n<p><strong>Infos pratiques<\/strong>\u2009:<br \/>\nExposition \u00ab\u2009C\u2019est l\u2019histoire d\u2019un pauvre\u2026 Les Restos du C\u0153ur 1985-1989\u2009\u00bb, du 13\u00a0octobre au 22\u00a0novembre 2025, \u00e0 l\u2019H\u00f4tel du D\u00e9partement de Loire-Atlantique, 3 quai Ceineray \u00e0 Nantes.<br \/>\nDu lundi au samedi, de 10h \u00e0 18h (ferm\u00e9 les 1er et 11\u00a0novembre).<br \/>\nAcc\u00e8s gratuit.<br \/>\nPossibilit\u00e9 d\u2019accueil de groupes (30\u00a0personnes max) sur r\u00e9servation\u2009:<br \/>\n<a href=\"https:\/\/actu.fr\/cdn-cgi\/l\/email-protection\" class=\"__cf_email__\" data-cfemail=\"7e1f1a4a4a50131f1017181b0d0a1f0a1711100d3e0c1b0d0a110d1a0b1d111b0b0c50110c19\" target=\"_blank\" rel=\"noopener\">[email\u00a0protected]<\/a><\/p>\n<p class=\" wall-content\">Personnalisez votre actualit\u00e9 en ajoutant vos villes et m\u00e9dias en favori avec <a href=\"https:\/\/moncompte.actu.fr\" title=\"D\u00e9couvez Mon Actu\" rel=\"nofollow noopener\" data-trk=\"{&quot;cta&quot;:{&quot;action&quot;:&quot;https:\\\/\\\/moncompte.actu.fr&quot;,&quot;category&quot;:&quot;mon compte&quot;,&quot;from&quot;:&quot;article footer&quot;,&quot;name&quot;:&quot;Mon actu&quot;,&quot;type&quot;:&quot;cta&quot;}}\" target=\"_blank\">Mon Actu<\/a>.<\/p>\n","protected":false},"excerpt":{"rendered":"Par R\u00e9daction Nantes Publi\u00e9 le 14 oct. 2025 \u00e0 11h56 \u00c0 l\u2019occasion du 40e anniversaire des Restos du&hellip;\n","protected":false},"author":2,"featured_media":462326,"comment_status":"","ping_status":"","sticky":false,"template":"","format":"standard","meta":{"footnotes":""},"categories":[2818],"tags":[1111,11,1777,674,1349,1011,27,1652,766,12,2636,25,15710,3400],"class_list":{"0":"post-462325","1":"post","2":"type-post","3":"status-publish","4":"format-standard","5":"has-post-thumbnail","7":"category-nantes","8":"tag-actu","9":"tag-actualites","10":"tag-eu","11":"tag-europe","12":"tag-expositions","13":"tag-fr","14":"tag-france","15":"tag-loisirs-culture","16":"tag-nantes","17":"tag-news","18":"tag-pays-de-la-loire","19":"tag-republique-francaise","20":"tag-restos-du-coeur","21":"tag-solidarite"},"share_on_mastodon":{"url":"https:\/\/pubeurope.com\/@fr\/115372500189944075","error":""},"_links":{"self":[{"href":"https:\/\/www.europesays.com\/fr\/wp-json\/wp\/v2\/posts\/462325","targetHints":{"allow":["GET"]}}],"collection":[{"href":"https:\/\/www.europesays.com\/fr\/wp-json\/wp\/v2\/posts"}],"about":[{"href":"https:\/\/www.europesays.com\/fr\/wp-json\/wp\/v2\/types\/post"}],"author":[{"embeddable":true,"href":"https:\/\/www.europesays.com\/fr\/wp-json\/wp\/v2\/users\/2"}],"replies":[{"embeddable":true,"href":"https:\/\/www.europesays.com\/fr\/wp-json\/wp\/v2\/comments?post=462325"}],"version-history":[{"count":0,"href":"https:\/\/www.europesays.com\/fr\/wp-json\/wp\/v2\/posts\/462325\/revisions"}],"wp:featuredmedia":[{"embeddable":true,"href":"https:\/\/www.europesays.com\/fr\/wp-json\/wp\/v2\/media\/462326"}],"wp:attachment":[{"href":"https:\/\/www.europesays.com\/fr\/wp-json\/wp\/v2\/media?parent=462325"}],"wp:term":[{"taxonomy":"category","embeddable":true,"href":"https:\/\/www.europesays.com\/fr\/wp-json\/wp\/v2\/categories?post=462325"},{"taxonomy":"post_tag","embeddable":true,"href":"https:\/\/www.europesays.com\/fr\/wp-json\/wp\/v2\/tags?post=462325"}],"curies":[{"name":"wp","href":"https:\/\/api.w.org\/{rel}","templated":true}]}}