{"id":462329,"date":"2025-10-14T12:24:14","date_gmt":"2025-10-14T12:24:14","guid":{"rendered":"https:\/\/www.europesays.com\/fr\/462329\/"},"modified":"2025-10-14T12:24:14","modified_gmt":"2025-10-14T12:24:14","slug":"a-bordeaux-un-couple-de-producteurs-de-cinema-influents-accuse-de-violences-sexuelles","status":"publish","type":"post","link":"https:\/\/www.europesays.com\/fr\/462329\/","title":{"rendered":"A Bordeaux, un couple de producteurs de cin\u00e9ma influents accus\u00e9 de violences sexuelles"},"content":{"rendered":"<p class=\"wp-block-post-excerpt__excerpt\">Douze femmes accusent les producteurs Thierry Lounas et Claire Bonnefoy de violences sexuelles, selon une enqu\u00eate du m\u00e9dia Les Jours. Les faits pr\u00e9sum\u00e9s s\u2019\u00e9tendent sur plusieurs ann\u00e9es, notamment \u00e0 Bordeaux o\u00f9 leurs maisons de production Capricci et Bobi Lux \u00e9tait install\u00e9e. <\/p>\n<p>Walid Salem<\/p>\n<p>Publi\u00e9 le 14 octobre 2025\u00a0\u00a0\u00b7\u00a0\u00a0<\/p>\n<p>Imprim\u00e9 le 14 octobre 2025 \u00e0 14h24\u00a0\u00a0\u00b7\u00a0\u00a0<\/p>\n<p>\t\t\t\t\t3\u00a0minutes\n<\/p>\n<p>Figure du cin\u00e9ma ind\u00e9pendant, Thierry Lounas est d\u00e9sormais au c\u0153ur d\u2019une nouvelle affaire qui secoue ce milieu. Fondateur de la soci\u00e9t\u00e9 Capricci, install\u00e9e \u00e0 Bordeaux jusqu\u2019en avril dernier, le producteur de 54 ans, est accus\u00e9 avec sa compagne Claire Bonnefoy, 36 ans, \u00e0 la t\u00eate de Bobi Lux, d\u2019avoir exerc\u00e9 des violences sexistes et sexuelles sur une douzaine de jeunes femmes, <a href=\"https:\/\/lesjours.fr\/obsessions\/systeme-lounas\/ep1-violences-sexistes-sexuelles\/\" target=\"_blank\" rel=\"noreferrer noopener\">r\u00e9v\u00e8le Les Jours<\/a>.<\/p>\n<p>\u00ab\u00a0Des \u00ab\u00a0producteurs accus\u00e9s d\u2019\u00eatre des \u00ab pr\u00e9dateurs \u00bb\u00a0\u00bb, titre le m\u00e9dia en ligne qui a interrog\u00e9 une quarantaine de personnes pour cette enqu\u00eate. Les t\u00e9moignages recueillis \u00e9voquent un climat d\u2019emprise et de domination, des jeux impos\u00e9s, des gestes non consentis, des situations ambigu\u00ebs dans lesquelles le pouvoir professionnel se m\u00eale au chantage affectif. <\/p>\n<p class=\"has-warning-color has-text-color\">\n\t\t\t<strong> Cet article fait partie de l\u2019\u00e9dition abonn\u00e9s.<\/strong><br \/>\n\t\t\t| D\u00e9j\u00e0 abonn\u00e9\u00a0?<br \/>\n\t\t\t<a href=\"https:\/\/rue89bordeaux.com\/user\/login\/\" data-type=\"page\" data-id=\"26256\" target=\"_blank\" rel=\"noopener\">Connectez-vous<\/a>\n\t\t<\/p>\n<p>Abonnez-vous maintenant pour poursuivre votre lecture<\/p>\n<p><img loading=\"lazy\" decoding=\"async\" width=\"607\" height=\"480\" src=\"https:\/\/www.europesays.com\/fr\/wp-content\/uploads\/2025\/04\/1744387698_768_04-paywall.png\" alt=\"Abonnez-vous\" class=\"wp-image-128438\"  \/><\/p>\n<p>\t\t\t<a href=\"https:\/\/rue89bordeaux.com\/\" class=\"custom-logo-link\" rel=\"home noopener\" target=\"_blank\"><img loading=\"lazy\" decoding=\"async\" width=\"290\" height=\"49\" src=\"https:\/\/www.europesays.com\/fr\/wp-content\/uploads\/2025\/04\/logo.png\" class=\"custom-logo\" alt=\"Rue89Bordeaux Enqu\u00eates et informations de proximit\u00e9\"  \/><\/a><\/p>\n<p>\n\t\t\t\tAbonnez-vous maintenant pour suivre l\u2019actualit\u00e9 locale.\t\t\t<\/p>\n<p class=\"font-bold font-serif-heading mb-2 text-4xl\">\n\t\t\t\t\t\tL\u2019investigation locale \u00e0 port\u00e9e de main.\n\t\t\t\t\t<\/p>\n<p>\n\t\t\t\t\t\tAbonnez-vous et profitez d\u2019un acc\u00e8s illimit\u00e9 \u00e0 Rue89Bordeaux. Annulez quand vous voulez.\n\t\t\t\t\t<\/p>\n<p class=\"xl:text-sm\">\n\t\t\t\t\tD\u00e9j\u00e0 abonn\u00e9\u00a0?<br \/>\n\t\t\t\t\t<a class=\"border border-transparent text-center transition-colors duration-instant focus:border-info focus:rounded focus:shadow-focus cursor-pointer text-black hover:text-gray-700 active:bg-black-700 font-semibold inline-block\" href=\"https:\/\/rue89bordeaux.com\/user\/login\/?redirect=\/2025\/10\/a-bordeaux-un-couple-de-producteurs-de-cinema-influents-accuse-de-violences-sexuelles\/\" target=\"_blank\" rel=\"noopener\">Connectez-vous<\/a>\t\t\t\t<\/p>\n<p>\n\t\t\t\tChoisissez votre formule\u00a0:\n\t\t\t<\/p>\n<p>\t\t\t\tFermer<\/p>\n","protected":false},"excerpt":{"rendered":"Douze femmes accusent les producteurs Thierry Lounas et Claire Bonnefoy de violences sexuelles, selon une enqu\u00eate du m\u00e9dia&hellip;\n","protected":false},"author":2,"featured_media":462330,"comment_status":"","ping_status":"","sticky":false,"template":"","format":"standard","meta":{"footnotes":""},"categories":[2817],"tags":[1111,11,1997,650,1777,674,1011,27,12,2219,25,58667,799],"class_list":{"0":"post-462329","1":"post","2":"type-post","3":"status-publish","4":"format-standard","5":"has-post-thumbnail","7":"category-bordeaux","8":"tag-actu","9":"tag-actualites","10":"tag-bordeaux","11":"tag-cinema","12":"tag-eu","13":"tag-europe","14":"tag-fr","15":"tag-france","16":"tag-news","17":"tag-nouvelle-aquitaine","18":"tag-republique-francaise","19":"tag-vigie","20":"tag-violences-sexuelles"},"share_on_mastodon":{"url":"https:\/\/pubeurope.com\/@fr\/115372508701437523","error":""},"_links":{"self":[{"href":"https:\/\/www.europesays.com\/fr\/wp-json\/wp\/v2\/posts\/462329","targetHints":{"allow":["GET"]}}],"collection":[{"href":"https:\/\/www.europesays.com\/fr\/wp-json\/wp\/v2\/posts"}],"about":[{"href":"https:\/\/www.europesays.com\/fr\/wp-json\/wp\/v2\/types\/post"}],"author":[{"embeddable":true,"href":"https:\/\/www.europesays.com\/fr\/wp-json\/wp\/v2\/users\/2"}],"replies":[{"embeddable":true,"href":"https:\/\/www.europesays.com\/fr\/wp-json\/wp\/v2\/comments?post=462329"}],"version-history":[{"count":0,"href":"https:\/\/www.europesays.com\/fr\/wp-json\/wp\/v2\/posts\/462329\/revisions"}],"wp:featuredmedia":[{"embeddable":true,"href":"https:\/\/www.europesays.com\/fr\/wp-json\/wp\/v2\/media\/462330"}],"wp:attachment":[{"href":"https:\/\/www.europesays.com\/fr\/wp-json\/wp\/v2\/media?parent=462329"}],"wp:term":[{"taxonomy":"category","embeddable":true,"href":"https:\/\/www.europesays.com\/fr\/wp-json\/wp\/v2\/categories?post=462329"},{"taxonomy":"post_tag","embeddable":true,"href":"https:\/\/www.europesays.com\/fr\/wp-json\/wp\/v2\/tags?post=462329"}],"curies":[{"name":"wp","href":"https:\/\/api.w.org\/{rel}","templated":true}]}}