{"id":462339,"date":"2025-10-14T12:30:13","date_gmt":"2025-10-14T12:30:13","guid":{"rendered":"https:\/\/www.europesays.com\/fr\/462339\/"},"modified":"2025-10-14T12:30:13","modified_gmt":"2025-10-14T12:30:13","slug":"le-trafic-des-trains-a-repris-gare-saint-charles-a-marseille-apres-plus-dune-heure-dinterruption","status":"publish","type":"post","link":"https:\/\/www.europesays.com\/fr\/462339\/","title":{"rendered":"le trafic des trains a repris gare Saint-Charles \u00e0 Marseille apr\u00e8s plus d\u2019une heure d\u2019interruption"},"content":{"rendered":"<p>La gare Saint-Charles de Marseille a \u00e9t\u00e9 ferm\u00e9e aux voyageurs, entre 11h30 et 12h50. Et ce en raison d\u2019un bagage suspect qui se trouvait dans un train \u00e0 l\u2019arr\u00eat dans la cit\u00e9 phoc\u00e9enne.<\/p>\n<p>Les d\u00e9mineurs se sont rendus sur place et plus aucun train n\u2019a pu rentrer en gare ou partir durant leur intervention.<\/p>\n<p>Des retards importants sont toujours en cours\u00a0: de 20 \u00e0 60 minutes. Il est fort utile de vous renseigner avant de vous rendre en gare afin de savoir si votre train n\u2019a pas \u00e9t\u00e9 supprim\u00e9 en raison des retards qui s\u2019accumulent. Notamment sur le site de <a href=\"https:\/\/www.garesetconnexions.sncf\/fr\/gares-services\/marseille-saint-charles\" target=\"_blank\" rel=\"noopener\">Gare \u00a7\u00a0connexion<\/a>\u00a0<a href=\"https:\/\/www.sncf-connect.com\/catalogue\/regions\/sud-provence-alpes-cote-azur\/produits?esl-k=google-ads|ng|c720333198848|mb|kzou|p|t|dc|a170230052072|g21853956693&amp;gclsrc=aw.ds&amp;&amp;prex=SEA&amp;gad_source=1&amp;gad_campaignid=21853956693&amp;gbraid=0AAAAAD3I9ua9jsed5GQ3G436HQVkUEUfI&amp;gclid=Cj0KCQjw6bfHBhDNARIsAIGsqLgx_T3MC9bhXGahLrDUsPnO7kOPWJspx4DH0sRhpkObyEV_zXVUB2AaAgzKEALw_wcB\" target=\"_blank\" rel=\"noopener\">TER Zou<\/a> ou encore <a href=\"https:\/\/www.sncf-connect.com\/\" target=\"_blank\" rel=\"noopener\">SNCFconnect.<\/a><\/p>\n","protected":false},"excerpt":{"rendered":"La gare Saint-Charles de Marseille a \u00e9t\u00e9 ferm\u00e9e aux voyageurs, entre 11h30 et 12h50. Et ce en raison&hellip;\n","protected":false},"author":2,"featured_media":462340,"comment_status":"","ping_status":"","sticky":false,"template":"","format":"standard","meta":{"footnotes":""},"categories":[2814],"tags":[17,1111,11,12784,154,1777,674,1011,27,7533,884,12,882,16,13253,25,16022,1097,5811],"class_list":{"0":"post-462339","1":"post","2":"type-post","3":"status-publish","4":"format-standard","5":"has-post-thumbnail","7":"category-marseille","8":"tag-17","9":"tag-actu","10":"tag-actualites","11":"tag-colis","12":"tag-des","13":"tag-eu","14":"tag-europe","15":"tag-fr","16":"tag-france","17":"tag-gare","18":"tag-marseille","19":"tag-news","20":"tag-provence-alpes-cote-dazur","21":"tag-region","22":"tag-repris","23":"tag-republique-francaise","24":"tag-suspect","25":"tag-trafic","26":"tag-trains"},"share_on_mastodon":{"url":"https:\/\/pubeurope.com\/@fr\/115372531733805016","error":""},"_links":{"self":[{"href":"https:\/\/www.europesays.com\/fr\/wp-json\/wp\/v2\/posts\/462339","targetHints":{"allow":["GET"]}}],"collection":[{"href":"https:\/\/www.europesays.com\/fr\/wp-json\/wp\/v2\/posts"}],"about":[{"href":"https:\/\/www.europesays.com\/fr\/wp-json\/wp\/v2\/types\/post"}],"author":[{"embeddable":true,"href":"https:\/\/www.europesays.com\/fr\/wp-json\/wp\/v2\/users\/2"}],"replies":[{"embeddable":true,"href":"https:\/\/www.europesays.com\/fr\/wp-json\/wp\/v2\/comments?post=462339"}],"version-history":[{"count":0,"href":"https:\/\/www.europesays.com\/fr\/wp-json\/wp\/v2\/posts\/462339\/revisions"}],"wp:featuredmedia":[{"embeddable":true,"href":"https:\/\/www.europesays.com\/fr\/wp-json\/wp\/v2\/media\/462340"}],"wp:attachment":[{"href":"https:\/\/www.europesays.com\/fr\/wp-json\/wp\/v2\/media?parent=462339"}],"wp:term":[{"taxonomy":"category","embeddable":true,"href":"https:\/\/www.europesays.com\/fr\/wp-json\/wp\/v2\/categories?post=462339"},{"taxonomy":"post_tag","embeddable":true,"href":"https:\/\/www.europesays.com\/fr\/wp-json\/wp\/v2\/tags?post=462339"}],"curies":[{"name":"wp","href":"https:\/\/api.w.org\/{rel}","templated":true}]}}