{"id":462343,"date":"2025-10-14T12:32:09","date_gmt":"2025-10-14T12:32:09","guid":{"rendered":"https:\/\/www.europesays.com\/fr\/462343\/"},"modified":"2025-10-14T12:32:09","modified_gmt":"2025-10-14T12:32:09","slug":"les-nouveaux-velov-electriques-sont-ils-deja-uses","status":"publish","type":"post","link":"https:\/\/www.europesays.com\/fr\/462343\/","title":{"rendered":"les nouveaux V\u00e9lo&rsquo;v \u00e9lectriques sont-ils d\u00e9j\u00e0 us\u00e9s\u00a0?"},"content":{"rendered":"<p>            Par<br \/>\n        <strong><br \/>\n            <a href=\"https:\/\/actu.fr\/auteur\/ludivine-caporal\" title=\"Consulter tous les articles de Ludivine Caporal\" target=\"_blank\" rel=\"noopener\">Ludivine Caporal<\/a><br \/>\n        <\/strong><\/p>\n<p>        Publi\u00e9 le<\/p>\n<p>            14 oct. 2025 \u00e0 13h48        <\/p>\n<p>L\u2019offre a s\u00e9duit de nombreux usagers. Peut-\u00eatre m\u00eame trop.<br \/>Depuis son <a href=\"https:\/\/actu.fr\/auvergne-rhone-alpes\/lyon_69123\/lyon-on-a-teste-les-nouveaux-velo-v-electriques-et-verts-voici-ce-qu-on-en-a-pense_62120394.html\" target=\"_blank\" rel=\"noopener\">lancement en janvier\u00a02025<\/a>, le nouveau service <a href=\"https:\/\/actu.fr\/tag\/velo-v\" target=\"_blank\" rel=\"noopener\">V\u00e9lo\u2019v<\/a> \u00e9lectrique op\u00e9r\u00e9 par JCDecaux est en effet <a href=\"https:\/\/actu.fr\/auvergne-rhone-alpes\/lyon_69123\/lyon-derriere-le-triomphe-des-nouveaux-velo-v-de-nombreux-usagers-frustres-dechantent_62957442.html\" target=\"_blank\" rel=\"noopener\">\u00ab\u2009un tr\u00e8s grand succ\u00e8s\u2009\u00bb<\/a>. \u00c0 tel point que la flotte verte, extr\u00eamement utilis\u00e9e, a commenc\u00e9 \u00e0 montrer des signes de faiblesse ces derni\u00e8res semaines en effectuant un bruit assourdissant \u00e0 chaque freinage, allant parfois jusqu\u2019\u00e0 <strong>r\u00e9sonner \u00e0 plusieurs centaines de m\u00e8tres.<\/strong><\/p>\n<p>Record absolu de locations en septembre<\/p>\n<p class=\" wall-content\">D\u00e9faut de fabrication\u2009? Usage trop important et non anticip\u00e9\u2009?<\/p>\n<p class=\" wall-content\">Pour conna\u00eetre les raisons de cette r\u00e9cente probl\u00e9matique, dont s\u2019est par ailleurs empar\u00e9 le maire du 2\u1d49 arrondissement de <a href=\"https:\/\/actu.fr\/auvergne-rhone-alpes\/lyon_69123\" target=\"_blank\" rel=\"noopener\">Lyon<\/a> Pierre Oliver (LR) afin de tacler ses adversaires dans une vid\u00e9o Instagram, nous avons directement contact\u00e9 JCDecaux, en charge des V\u00e9lo\u2019v de leur construction \u00e0 leur r\u00e9paration.<\/p>\n<p class=\" wall-content\">L\u2019op\u00e9rateur a d\u2019abord r\u00e9pondu en mettant en avant les solides chiffres du service au global, t\u00e9moins d\u2019un engouement certain pour les v\u00e9los en libre-service \u00e0 Lyon\u2009: <strong>1,680\u00a0million de locations<\/strong> en septembre\u00a02025, soit \u00ab\u2009un record absolu et une augmentation de 70\u2009% par rapport \u00e0 septembre\u00a02024\u2009\u00bb, mais aussi un nombre d\u2019abonn\u00e9s atteignant aujourd\u2019hui les <strong>104\u2009000<\/strong>\u00a0contre 92\u2009000 au d\u00e9but de l\u2019ann\u00e9e.<\/p>\n<p class=\" wall-content\"><a href=\"https:\/\/www.instagram.com\/p\/DPRbtq9DIrP\/embed\" title=\"Ouvrir le lien sur Instagram\" target=\"_blank\" rel=\"noopener\">Visualiser le contenu sur Instagram<\/a><\/p>\n<p>Une \u00ab\u2009mont\u00e9e en temp\u00e9rature\u2009\u00bb des freins<\/p>\n<p class=\" wall-content\">Concernant les soucis sonores, JCDecaux a finalement expliqu\u00e9 que cela serait d\u00fb \u00e0 \u00ab\u2009une mont\u00e9e en temp\u00e9rature\u2009\u00bb des freins des \u00ab\u2009v\u00e9los fortement utilis\u00e9s\u2009\u00bb et a assur\u00e9 mener actuellement \u00ab\u2009une op\u00e9ration corrective qui consiste \u00e0 <strong>graisser le m\u00e9canisme interne<\/strong> des freins\u2009\u00bb.<\/p>\n<p class=\" wall-content\">\u00ab\u2009\u00c0 ce jour, la quasi-totalit\u00e9 des v\u00e9los a b\u00e9n\u00e9fici\u00e9 de cette op\u00e9ration et les v\u00e9los concern\u00e9s ne font plus de bruit\u2009\u00bb, a affirm\u00e9 l\u2019op\u00e9rateur, avant de poursuivre\u2009: \u00ab\u2009nos dispositifs de freinage font l\u2019objet d\u2019une surveillance particuli\u00e8re et d\u2019actions de maintenance pr\u00e9ventive [\u2026] Nous avons <strong>renforc\u00e9 nos op\u00e9rations<\/strong> afin de garantir un syst\u00e8me performant et s\u00fbr aux utilisateurs de V\u00e9lo\u2019v.\u2009\u00bb<\/p>\n<p class=\" wall-content\">Un probl\u00e8me qui risque en tout cas de persister, la fr\u00e9quence d\u2019utilisation des V\u00e9lo\u2019v \u00e9lectriques n\u2019\u00e9tant sans doute pas pr\u00eate de baisser\u2026<\/p>\n<p class=\" wall-content\">Personnalisez votre actualit\u00e9 en ajoutant vos villes et m\u00e9dias en favori avec <a href=\"https:\/\/moncompte.actu.fr\" title=\"D\u00e9couvez Mon Actu\" rel=\"nofollow noopener\" data-trk=\"{&quot;cta&quot;:{&quot;action&quot;:&quot;https:\\\/\\\/moncompte.actu.fr&quot;,&quot;category&quot;:&quot;mon compte&quot;,&quot;from&quot;:&quot;article footer&quot;,&quot;name&quot;:&quot;Mon actu&quot;,&quot;type&quot;:&quot;cta&quot;}}\" target=\"_blank\">Mon Actu<\/a>.<\/p>\n<p>                    <script async src=\"\/\/www.instagram.com\/embed.js\"><\/script><\/p>\n","protected":false},"excerpt":{"rendered":"Par Ludivine Caporal Publi\u00e9 le 14 oct. 2025 \u00e0 13h48 L\u2019offre a s\u00e9duit de nombreux usagers. Peut-\u00eatre m\u00eame&hellip;\n","protected":false},"author":2,"featured_media":462344,"comment_status":"","ping_status":"","sticky":false,"template":"","format":"standard","meta":{"footnotes":""},"categories":[1889],"tags":[1111,11,2430,1777,674,1011,27,2428,12,25,104,208,3459,11091],"class_list":{"0":"post-462343","1":"post","2":"type-post","3":"status-publish","4":"format-standard","5":"has-post-thumbnail","7":"category-lyon","8":"tag-actu","9":"tag-actualites","10":"tag-auvergne-rhone-alpes","11":"tag-eu","12":"tag-europe","13":"tag-fr","14":"tag-france","15":"tag-lyon","16":"tag-news","17":"tag-republique-francaise","18":"tag-societe","19":"tag-velo","20":"tag-velo-electrique","21":"tag-velov"},"share_on_mastodon":{"url":"https:\/\/pubeurope.com\/@fr\/115372539536511630","error":""},"_links":{"self":[{"href":"https:\/\/www.europesays.com\/fr\/wp-json\/wp\/v2\/posts\/462343","targetHints":{"allow":["GET"]}}],"collection":[{"href":"https:\/\/www.europesays.com\/fr\/wp-json\/wp\/v2\/posts"}],"about":[{"href":"https:\/\/www.europesays.com\/fr\/wp-json\/wp\/v2\/types\/post"}],"author":[{"embeddable":true,"href":"https:\/\/www.europesays.com\/fr\/wp-json\/wp\/v2\/users\/2"}],"replies":[{"embeddable":true,"href":"https:\/\/www.europesays.com\/fr\/wp-json\/wp\/v2\/comments?post=462343"}],"version-history":[{"count":0,"href":"https:\/\/www.europesays.com\/fr\/wp-json\/wp\/v2\/posts\/462343\/revisions"}],"wp:featuredmedia":[{"embeddable":true,"href":"https:\/\/www.europesays.com\/fr\/wp-json\/wp\/v2\/media\/462344"}],"wp:attachment":[{"href":"https:\/\/www.europesays.com\/fr\/wp-json\/wp\/v2\/media?parent=462343"}],"wp:term":[{"taxonomy":"category","embeddable":true,"href":"https:\/\/www.europesays.com\/fr\/wp-json\/wp\/v2\/categories?post=462343"},{"taxonomy":"post_tag","embeddable":true,"href":"https:\/\/www.europesays.com\/fr\/wp-json\/wp\/v2\/tags?post=462343"}],"curies":[{"name":"wp","href":"https:\/\/api.w.org\/{rel}","templated":true}]}}