{"id":462360,"date":"2025-10-14T12:43:10","date_gmt":"2025-10-14T12:43:10","guid":{"rendered":"https:\/\/www.europesays.com\/fr\/462360\/"},"modified":"2025-10-14T12:43:10","modified_gmt":"2025-10-14T12:43:10","slug":"cinq-ans-de-prison-pour-un-migrant-qui-avait-menace-de-mort-le-chef-du-parti-dextreme-droite-au-royaume-uni","status":"publish","type":"post","link":"https:\/\/www.europesays.com\/fr\/462360\/","title":{"rendered":"Cinq ans de prison pour un migrant qui avait menac\u00e9 de mort le chef du parti d&rsquo;extr\u00eame droite au Royaume-Uni"},"content":{"rendered":"<p>Un migrant afghan qui avait menac\u00e9 de mort <a href=\"https:\/\/www.laprovence.com\/article\/france-monde\/3470199495495114\/plus-populaire-que-jamais-le-parti-de-nigel-farage-reform-uk-ouvre-son-congres-annuel\" target=\"_blank\" rel=\"noopener\">le chef du parti d&rsquo;extr\u00eame droite Reform UK Nigel Farage<\/a> sur le r\u00e9seau social TikTok, a \u00e9t\u00e9 condamn\u00e9 mardi \u00e0 cinq ans d&#8217;emprisonnement par la justice britannique. Le tribunal de Southwark \u00e0 Londres l&rsquo;a condamn\u00e9 pour avoir prof\u00e9r\u00e9 ces menaces et pour \u00eatre entr\u00e9 de fa\u00e7on irr\u00e9guli\u00e8re au Royaume-Uni, \u00e0 bord d&rsquo;un petit bateau.<\/p>\n<p>L&rsquo;homme, qui s&rsquo;est pr\u00e9sent\u00e9 aux autorit\u00e9s britanniques comme Fayaz Khan, 26 ans, avait post\u00e9 \u00e0 l&rsquo;automne 2024 plusieurs vid\u00e9os sur ses tentatives de gagner le Royaume-Uni en traversant ill\u00e9galement la Manche, et s&rsquo;en \u00e9tait pris \u00e0 Nigel Farage dans l&rsquo;une d&rsquo;elles.<\/p>\n<p>Dans sa vid\u00e9o, il avait affirm\u00e9 : \u00ab\u00a0Nigel l&rsquo;Anglais, ne dis pas n&rsquo;importe quoi sur moi. Tu ne me connais pas. Je viens en Angleterre parce que je veux me marier avec ta s\u0153ur\u00a0\u00bb. Et il ajoutait \u00ab\u00a0je vais te pop, pop, pop\u00a0\u00bb en faisant, avec sa main, le geste d&rsquo;un pistolet point\u00e9 vers sa t\u00eate.<\/p>\n<p>Nigel Farage, dont le parti d&rsquo;extr\u00eame droite est en t\u00eate des sondages d&rsquo;opinion, \u00e9tait venu t\u00e9moigner la semaine derni\u00e8re au proc\u00e8s, racontant l'\u00a0\u00bbinqui\u00e9tude\u00a0\u00bb provoqu\u00e9e chez lui par cette vid\u00e9o. L&rsquo;homme a auparavant v\u00e9cu en Su\u00e8de, et les autorit\u00e9s de ce pays pensent qu&rsquo;ils s&rsquo;appelle en r\u00e9alit\u00e9 Fayaz Husseini et qu&rsquo;il est \u00e2g\u00e9 de 31 ans.<\/p>\n","protected":false},"excerpt":{"rendered":"Un migrant afghan qui avait menac\u00e9 de mort le chef du parti d&rsquo;extr\u00eame droite Reform UK Nigel Farage&hellip;\n","protected":false},"author":2,"featured_media":462361,"comment_status":"","ping_status":"","sticky":false,"template":"","format":"standard","meta":{"footnotes":""},"categories":[1588],"tags":[17,11,1764,8851,3216,1777,674,274,28428,12,471,806,3583,473,1853,1851,1850,1852],"class_list":{"0":"post-462360","1":"post","2":"type-post","3":"status-publish","4":"format-standard","5":"has-post-thumbnail","7":"category-royaume-uni","8":"tag-17","9":"tag-actualites","10":"tag-ans","11":"tag-avait","12":"tag-cinq","13":"tag-eu","14":"tag-europe","15":"tag-faits-divers-justice","16":"tag-migrant","17":"tag-news","18":"tag-pour","19":"tag-prison","20":"tag-qui","21":"tag-royaume-uni","22":"tag-royaume-uni-de-grande-bretagne-et-dirlande-du-nord","23":"tag-uk","24":"tag-united-kingdom","25":"tag-united-kingdom-of-great-britain-and-northern-ireland"},"share_on_mastodon":{"url":"https:\/\/pubeurope.com\/@fr\/115372582756321222","error":""},"_links":{"self":[{"href":"https:\/\/www.europesays.com\/fr\/wp-json\/wp\/v2\/posts\/462360","targetHints":{"allow":["GET"]}}],"collection":[{"href":"https:\/\/www.europesays.com\/fr\/wp-json\/wp\/v2\/posts"}],"about":[{"href":"https:\/\/www.europesays.com\/fr\/wp-json\/wp\/v2\/types\/post"}],"author":[{"embeddable":true,"href":"https:\/\/www.europesays.com\/fr\/wp-json\/wp\/v2\/users\/2"}],"replies":[{"embeddable":true,"href":"https:\/\/www.europesays.com\/fr\/wp-json\/wp\/v2\/comments?post=462360"}],"version-history":[{"count":0,"href":"https:\/\/www.europesays.com\/fr\/wp-json\/wp\/v2\/posts\/462360\/revisions"}],"wp:featuredmedia":[{"embeddable":true,"href":"https:\/\/www.europesays.com\/fr\/wp-json\/wp\/v2\/media\/462361"}],"wp:attachment":[{"href":"https:\/\/www.europesays.com\/fr\/wp-json\/wp\/v2\/media?parent=462360"}],"wp:term":[{"taxonomy":"category","embeddable":true,"href":"https:\/\/www.europesays.com\/fr\/wp-json\/wp\/v2\/categories?post=462360"},{"taxonomy":"post_tag","embeddable":true,"href":"https:\/\/www.europesays.com\/fr\/wp-json\/wp\/v2\/tags?post=462360"}],"curies":[{"name":"wp","href":"https:\/\/api.w.org\/{rel}","templated":true}]}}