{"id":462370,"date":"2025-10-14T12:48:23","date_gmt":"2025-10-14T12:48:23","guid":{"rendered":"https:\/\/www.europesays.com\/fr\/462370\/"},"modified":"2025-10-14T12:48:23","modified_gmt":"2025-10-14T12:48:23","slug":"une-adolescente-se-suicide-quelques-heures-apres-avoir-porte-plainte-pour-harcelement","status":"publish","type":"post","link":"https:\/\/www.europesays.com\/fr\/462370\/","title":{"rendered":"Une adolescente se suicide quelques heures apr\u00e8s avoir port\u00e9 plainte pour harc\u00e8lement"},"content":{"rendered":"<p>Drame \u00e0 <a href=\"https:\/\/www.20minutes.fr\/societe\/mulhouse\/\" class=\"c-link c-link--is-underlined\" rel=\"nofollow noopener\" target=\"_blank\">Mulhouse<\/a>. Une adolescente de 17 ans s\u2019est suicid\u00e9e dans la nuit de dimanche \u00e0 lundi au domicile familial de la ville du <a href=\"https:\/\/www.20minutes.fr\/dossier\/haut-rhin\" class=\"c-link c-link--is-underlined\" rel=\"nofollow noopener\" target=\"_blank\">Haut-Rhin<\/a>, quelques heures apr\u00e8s avoir port\u00e9 plainte pour violences et <a href=\"https:\/\/www.20minutes.fr\/dossier\/harcelement-moral\" class=\"c-link c-link--is-underlined\" rel=\"nofollow noopener\" target=\"_blank\">harc\u00e8lement moral<\/a>, a indiqu\u00e9 mardi le procureur. Selon les \u00ab\u00a0premiers \u00e9l\u00e9ments de l\u2019enqu\u00eate, il s\u2019agirait d\u2019un d\u00e9c\u00e8s \u00e0 la suite d\u2019un suicide\u00a0\u00bb, a d\u00e9clar\u00e9 le <a href=\"https:\/\/www.20minutes.fr\/dossier\/procureur_de_la_republique\" class=\"c-link c-link--is-underlined\" rel=\"nofollow noopener\" target=\"_blank\">procureur de la R\u00e9publique<\/a>, Nicolas Heitz, dans un communiqu\u00e9.<\/p>\n<p>L\u2019<a href=\"https:\/\/www.20minutes.fr\/dossier\/adolescent\" class=\"c-link c-link--is-underlined\" rel=\"nofollow noopener\" target=\"_blank\">adolescente<\/a> avait d\u00e9pos\u00e9 plainte au commissariat central dimanche peu avant 23 heures, expliquant avoir \u00e9t\u00e9 victime d\u2019une rixe dans l\u2019apr\u00e8s-midi, dans le centre-ville de Mulhouse. Elle a \u00ab\u00a0d\u00e9nonc\u00e9 des faits de violences en r\u00e9union venant de se produire, d\u2019appels t\u00e9l\u00e9phoniques malveillants et de harc\u00e8lement moral\u00a0\u00bb, indique le communiqu\u00e9 du procureur qui pr\u00e9cise que selon \u00ab\u00a0les premiers \u00e9l\u00e9ments de l\u2019enqu\u00eate, les faits d\u00e9nonc\u00e9s n\u2019auraient pas \u00e9t\u00e9 commis dans un cadre scolaire\u00a0\u00bb.<\/p>\n<\/p>\n<p>Une enqu\u00eate, confi\u00e9e par le parquet de Mulhouse, a \u00e9t\u00e9 ouverte pour d\u00e9terminer les causes de la mort. Le service local de police judiciaire du commissariat de police de Mulhouse a \u00e9t\u00e9 saisi de l\u2019enqu\u00eate afin d\u2019\u00e9tablir les conditions du d\u00e9c\u00e8s et les \u00e9ventuelles infractions commises au pr\u00e9judice de cette adolescente. Des bandes de la vid\u00e9osurveillance ont \u00e9t\u00e9 saisies pour \u00eatre exploit\u00e9es.<\/p>\n","protected":false},"excerpt":{"rendered":"Drame \u00e0 Mulhouse. Une adolescente de 17 ans s\u2019est suicid\u00e9e dans la nuit de dimanche \u00e0 lundi au&hellip;\n","protected":false},"author":2,"featured_media":462371,"comment_status":"","ping_status":"","sticky":false,"template":"","format":"standard","meta":{"footnotes":""},"categories":[2],"tags":[47,11,2389,118,1011,27,775,3668,28741,1637,1634,12,3764,25],"class_list":{"0":"post-462370","1":"post","2":"type-post","3":"status-publish","4":"format-standard","5":"has-post-thumbnail","7":"category-actualites","8":"tag-actualite","9":"tag-actualites","10":"tag-alsace","11":"tag-faits-divers","12":"tag-fr","13":"tag-france","14":"tag-grand-est","15":"tag-harcelement","16":"tag-harcelement-moral","17":"tag-haut-rhin","18":"tag-mulhouse","19":"tag-news","20":"tag-procureur-de-la-republique","21":"tag-republique-francaise"},"share_on_mastodon":{"url":"https:\/\/pubeurope.com\/@fr\/115372602439123234","error":""},"_links":{"self":[{"href":"https:\/\/www.europesays.com\/fr\/wp-json\/wp\/v2\/posts\/462370","targetHints":{"allow":["GET"]}}],"collection":[{"href":"https:\/\/www.europesays.com\/fr\/wp-json\/wp\/v2\/posts"}],"about":[{"href":"https:\/\/www.europesays.com\/fr\/wp-json\/wp\/v2\/types\/post"}],"author":[{"embeddable":true,"href":"https:\/\/www.europesays.com\/fr\/wp-json\/wp\/v2\/users\/2"}],"replies":[{"embeddable":true,"href":"https:\/\/www.europesays.com\/fr\/wp-json\/wp\/v2\/comments?post=462370"}],"version-history":[{"count":0,"href":"https:\/\/www.europesays.com\/fr\/wp-json\/wp\/v2\/posts\/462370\/revisions"}],"wp:featuredmedia":[{"embeddable":true,"href":"https:\/\/www.europesays.com\/fr\/wp-json\/wp\/v2\/media\/462371"}],"wp:attachment":[{"href":"https:\/\/www.europesays.com\/fr\/wp-json\/wp\/v2\/media?parent=462370"}],"wp:term":[{"taxonomy":"category","embeddable":true,"href":"https:\/\/www.europesays.com\/fr\/wp-json\/wp\/v2\/categories?post=462370"},{"taxonomy":"post_tag","embeddable":true,"href":"https:\/\/www.europesays.com\/fr\/wp-json\/wp\/v2\/tags?post=462370"}],"curies":[{"name":"wp","href":"https:\/\/api.w.org\/{rel}","templated":true}]}}