{"id":462377,"date":"2025-10-14T12:53:10","date_gmt":"2025-10-14T12:53:10","guid":{"rendered":"https:\/\/www.europesays.com\/fr\/462377\/"},"modified":"2025-10-14T12:53:10","modified_gmt":"2025-10-14T12:53:10","slug":"atp-bruxelles-absent-de-la-tournee-asiatique-joao-fonseca-donne-de-ses-nouvelles-jai-prefere-etre-prudent","status":"publish","type":"post","link":"https:\/\/www.europesays.com\/fr\/462377\/","title":{"rendered":"ATP &#8211; Bruxelles > Absent de la tourn\u00e9e asiatique, Joao Fonseca donne de ses nouvelles : \u00ab\u00a0J&rsquo;ai pr\u00e9f\u00e9r\u00e9 \u00eatre prudent\u00a0\u00bb"},"content":{"rendered":"<p>Joao Fonseca n\u2019est pas du genre \u00e0 prendre des risques avec son\u00a0corps.<\/p>\n<p>Alors qu\u2019il aurait pu tr\u00e8s bien parti\u00adciper \u00e0 la tourn\u00e9e asia\u00adtique malgr\u00e9 une sinu\u00adsite, le jeune br\u00e9si\u00adlien de 19 ans a pr\u00e9f\u00e9r\u00e9 se reposer et privi\u00adl\u00e9\u00adgier la derni\u00e8re ligne droite de la saison\u00a0: les tour\u00adnois euro\u00adp\u00e9ens en int\u00e9rieur.\u00a0<\/p>\n<p>C\u2019est notam\u00adment ce qu\u2019il a d\u00e9clar\u00e9 lors de son passage devant la presse avant ses d\u00e9buts sur l\u2019ATP 250 de Bruxelles. <strong>\u00ab\u202fJe souf\u00adfrais d\u2019une sinu\u00adsite et j\u2019ai pr\u00e9f\u00e9r\u00e9 \u00eatre prudent afin que je puisse bien me r\u00e9ta\u00adblir et \u00eatre \u00e0 100\u202f% pour la tourn\u00e9e indoor euro\u00adp\u00e9enne. Je suis main\u00adte\u00adnant compl\u00e8\u00adte\u00adment r\u00e9tabli et impa\u00adtient de montrer mon meilleur tennis ici.\u202f\u00bb<\/strong><\/p>\n<p class=\"post-published-date\" style=\"color: silver; font-size: 75%; text-align: left;\">Publi\u00e9 le mardi 14 octobre 2025 \u00e0 13:36<\/p>\n","protected":false},"excerpt":{"rendered":"Joao Fonseca n\u2019est pas du genre \u00e0 prendre des risques avec son\u00a0corps. Alors qu\u2019il aurait pu tr\u00e8s bien&hellip;\n","protected":false},"author":2,"featured_media":393853,"comment_status":"","ping_status":"","sticky":false,"template":"","format":"standard","meta":{"footnotes":""},"categories":[1415],"tags":[1011,27,60,1467],"class_list":{"0":"post-462377","1":"post","2":"type-post","3":"status-publish","4":"format-standard","5":"has-post-thumbnail","7":"category-tennis","8":"tag-fr","9":"tag-france","10":"tag-sports","11":"tag-tennis"},"share_on_mastodon":{"url":"https:\/\/pubeurope.com\/@fr\/115372622046553950","error":""},"_links":{"self":[{"href":"https:\/\/www.europesays.com\/fr\/wp-json\/wp\/v2\/posts\/462377","targetHints":{"allow":["GET"]}}],"collection":[{"href":"https:\/\/www.europesays.com\/fr\/wp-json\/wp\/v2\/posts"}],"about":[{"href":"https:\/\/www.europesays.com\/fr\/wp-json\/wp\/v2\/types\/post"}],"author":[{"embeddable":true,"href":"https:\/\/www.europesays.com\/fr\/wp-json\/wp\/v2\/users\/2"}],"replies":[{"embeddable":true,"href":"https:\/\/www.europesays.com\/fr\/wp-json\/wp\/v2\/comments?post=462377"}],"version-history":[{"count":0,"href":"https:\/\/www.europesays.com\/fr\/wp-json\/wp\/v2\/posts\/462377\/revisions"}],"wp:featuredmedia":[{"embeddable":true,"href":"https:\/\/www.europesays.com\/fr\/wp-json\/wp\/v2\/media\/393853"}],"wp:attachment":[{"href":"https:\/\/www.europesays.com\/fr\/wp-json\/wp\/v2\/media?parent=462377"}],"wp:term":[{"taxonomy":"category","embeddable":true,"href":"https:\/\/www.europesays.com\/fr\/wp-json\/wp\/v2\/categories?post=462377"},{"taxonomy":"post_tag","embeddable":true,"href":"https:\/\/www.europesays.com\/fr\/wp-json\/wp\/v2\/tags?post=462377"}],"curies":[{"name":"wp","href":"https:\/\/api.w.org\/{rel}","templated":true}]}}