{"id":462378,"date":"2025-10-14T12:55:12","date_gmt":"2025-10-14T12:55:12","guid":{"rendered":"https:\/\/www.europesays.com\/fr\/462378\/"},"modified":"2025-10-14T12:55:12","modified_gmt":"2025-10-14T12:55:12","slug":"assure-la-flucidite-du-reseau-motogp-de-mandalika-2025-kemkomdigi-trafficked-team-de-controle-de-frequences","status":"publish","type":"post","link":"https:\/\/www.europesays.com\/fr\/462378\/","title":{"rendered":"Assure la flucidit\u00e9 du r\u00e9seau MotoGP de Mandalika 2025, Kemkomdigi Trafficked Team de contr\u00f4le de fr\u00e9quences"},"content":{"rendered":"<p>ARTA &#8211; Le minist\u00e8re de la Communication et du Digital (Kemkomdigi) veille \u00e0 ce que la mise en \u0153uvre de l\u2019\u00e9v\u00e9nement international MotoGP Mandalika 2025 sur le circuit international Pertamina Mandalika, Lombok du 3 au 3 octobre 2025 se d\u00e9roule sans perturbation du r\u00e9seau de communication.<\/p>\n<p>man Toni Supriyanto, directeur g\u00e9n\u00e9ral des infrastructures num\u00e9riques de Kemkomdigi, a expliqu\u00e9 que l\u2019\u00e9quipe de contr\u00f4le des fr\u00e9quences radio\u00e9lectriques (PFR) de la Direction g\u00e9n\u00e9rale des infrastructures num\u00e9riques de Kemkomdigi travaille derri\u00e8re les \u00e9crans pour assurer la stabilit\u00e9 du r\u00e9seau d\u2019op\u00e9rateurs et l\u2019ordre d\u2019utilisation du spectre des fr\u00e9quences radio pendant l\u2019\u00e9v\u00e9nement.<\/p>\n<p>\u00ab Comme pour le titre pr\u00e9c\u00e9dent MotoGP, nous nous assurons que toute utilisation des fr\u00e9quences est sur la bonne voie et ne se perturbe pas. La stabilit\u00e9 des r\u00e9seaux de t\u00e9l\u00e9communications est un facteur important dans le succ\u00e8s des \u00e9v\u00e9nements de classe mondiale tels que le MotoGP \u00bb, a d\u00e9clar\u00e9 Wayan dans son communiqu\u00e9 \u00e0 Jakarta mardi, cit\u00e9 par Antara.<\/p>\n<p>Wayan a d\u00e9clar\u00e9 que cette \u00e9tape faisait partie de l\u2019engagement du minist\u00e8re des Affaires \u00e9trang\u00e8res pour s\u2019assurer que le public peut b\u00e9n\u00e9ficier de services de communication sans perturbation, en particulier lors d\u2019\u00e9v\u00e9nements internationaux tels que le MotoGP.<\/p>\n<p>raman, dirig\u00e9e par le directeur du contr\u00f4le des infrastructures num\u00e9riques, Ervan Fathurokhman, comprend des \u00e9l\u00e9ments de la Direction du contr\u00f4le des infrastructures num\u00e9riques, du centre de surveillance du spectre des fr\u00e9quences radio\u00e9lectriques de classe II de Mataram (SFR) et du centre de surveillance SFR de classe I de Jakarta.<\/p>\n<p>ar sur la page du gouverneur du gouverneur du Commerce, sur le site du gouverneur du Commerce, sur le site du gouverneur du Commerce, sur le site du gouverneur du Commerce, sur le site du gouverneur du Commerce, sur le site du gouverneur du Commerce, sur le site du gouverneur du Commerce, sur le site du gouverneur du Commerce, sur le site du gouverneur du Commerce, sur le site du gouverneur du Commerce, sur le site du gouverneur du Commerce, sur le site du gouverneur du Commerce, sur le site du gouverneur du Commerce, sur le site du gouverneur du Commerce, sur le site du Commerce, sur le site du gouverneur du Commerce, sur le site du gouverneur du Commerce, sur le site du gouverneur du Commerce, sur le site du gouverneur du Commerce.<\/p>\n<p>Tout au long de l\u2019\u00e9v\u00e9nement, l\u2019\u00e9quipe PFR surveille le spectre des fr\u00e9quences des organisateurs et veille \u00e0 ce que la qualit\u00e9 des services des op\u00e9rateurs reste optimale.<\/p>\n<p>an selon Wayan, le succ\u00e8s de la mise en \u0153uvre du MotoGP de Mandalika 2025 sans perturbation du r\u00e9seau de communication est le r\u00e9sultat du travail acharn\u00e9 de tous les officiers sur le terrain qui ont travaill\u00e9 professionnellement.<\/p>\n<p>Gr\u00e2ce au travail de l\u2019\u00e9quipe PFR, a-t-il d\u00e9clar\u00e9, tous les participants et le comit\u00e9 MotoGP de Mandalika 2025 peuvent communiquer sans heurts et les spectateurs peuvent profiter de l\u2019\u00e9v\u00e9nement international de course tout en partageant sans aucun probl\u00e8me photos et vid\u00e9os.<\/p>\n<p>ronyme : \u00ab Ce succ\u00e8s confirme que l\u2019Indon\u00e9sie est pr\u00eate \u00e0 accueillir d\u2019autres \u00e9v\u00e9nements internationaux avec une infrastructure num\u00e9rique fiable et s\u00fbre pour tous \u00bb, a d\u00e9clar\u00e9 Wayan.<\/p>\n<p>The English, Chinese, Japanese, Arabic, and French versions are automatically generated by the AI. So there may still be inaccuracies in translating, please always see Indonesian as our main language.<br \/>\n                                    (system supported by DigitalSiber.id)<\/p>\n","protected":false},"excerpt":{"rendered":"ARTA &#8211; Le minist\u00e8re de la Communication et du Digital (Kemkomdigi) veille \u00e0 ce que la mise en&hellip;\n","protected":false},"author":2,"featured_media":462379,"comment_status":"","ping_status":"","sticky":false,"template":"","format":"standard","meta":{"footnotes":""},"categories":[1413],"tags":[58669,58668,1011,27,1457,1456,58670,60],"class_list":{"0":"post-462378","1":"post","2":"type-post","3":"status-publish","4":"format-standard","5":"has-post-thumbnail","7":"category-moto","8":"tag-a-lombok-du-3-au-3-octobre-2025","9":"tag-du-ministere-de-la-communication-et-du-digital-kemkomdigi-veille-a-ce-que-la-mise-en-oeuvre-de-levenement-international-motogp-mandalika-2025-sur-le-circuit-international-pertamina-mandalik","10":"tag-fr","11":"tag-france","12":"tag-moto","13":"tag-motocycle","14":"tag-se-deroule-sans-perturbation-du-reseau-de-communication","15":"tag-sports"},"share_on_mastodon":{"url":"https:\/\/pubeurope.com\/@fr\/115372630017586434","error":""},"_links":{"self":[{"href":"https:\/\/www.europesays.com\/fr\/wp-json\/wp\/v2\/posts\/462378","targetHints":{"allow":["GET"]}}],"collection":[{"href":"https:\/\/www.europesays.com\/fr\/wp-json\/wp\/v2\/posts"}],"about":[{"href":"https:\/\/www.europesays.com\/fr\/wp-json\/wp\/v2\/types\/post"}],"author":[{"embeddable":true,"href":"https:\/\/www.europesays.com\/fr\/wp-json\/wp\/v2\/users\/2"}],"replies":[{"embeddable":true,"href":"https:\/\/www.europesays.com\/fr\/wp-json\/wp\/v2\/comments?post=462378"}],"version-history":[{"count":0,"href":"https:\/\/www.europesays.com\/fr\/wp-json\/wp\/v2\/posts\/462378\/revisions"}],"wp:featuredmedia":[{"embeddable":true,"href":"https:\/\/www.europesays.com\/fr\/wp-json\/wp\/v2\/media\/462379"}],"wp:attachment":[{"href":"https:\/\/www.europesays.com\/fr\/wp-json\/wp\/v2\/media?parent=462378"}],"wp:term":[{"taxonomy":"category","embeddable":true,"href":"https:\/\/www.europesays.com\/fr\/wp-json\/wp\/v2\/categories?post=462378"},{"taxonomy":"post_tag","embeddable":true,"href":"https:\/\/www.europesays.com\/fr\/wp-json\/wp\/v2\/tags?post=462378"}],"curies":[{"name":"wp","href":"https:\/\/api.w.org\/{rel}","templated":true}]}}