{"id":462382,"date":"2025-10-14T12:57:15","date_gmt":"2025-10-14T12:57:15","guid":{"rendered":"https:\/\/www.europesays.com\/fr\/462382\/"},"modified":"2025-10-14T12:57:15","modified_gmt":"2025-10-14T12:57:15","slug":"cyclisme-transfert-mavi-garcia-revient-chez-uae-team-adq-avant-la-retraite","status":"publish","type":"post","link":"https:\/\/www.europesays.com\/fr\/462382\/","title":{"rendered":"Cyclisme. Transfert &#8211; Mavi Garcia revient chez UAE Team ADQ&#8230; avant la retraite"},"content":{"rendered":"<p>L\u2019une des figures majeures du cyclisme espagnol f\u00e9minin tirera sa r\u00e9v\u00e9rence. <strong>Mavi Garcia<\/strong>, 41 ans, a annonc\u00e9 qu\u2019elle prendrait sa retraite \u00e0 l\u2019issue de la saison 2026. La Majorquine disputera une derni\u00e8re ann\u00e9e de comp\u00e9tition sous les couleurs d\u2019<strong>UAE Team ADQ<\/strong>, formation qu\u2019elle retrouvera apr\u00e8s trois saisons pass\u00e9es chez <strong>Liv Jayco AlUla<\/strong>.<\/p>\n<p>Vid\u00e9o &#8211; Mavi Garcia, 3e des Mondiaux au Rwanda Lire la suite de l&rsquo;article&#13;<\/p>\n<p>\u00a0<\/p>\n<p>&#13;<br \/>\nMavi Garcia&#8230; 41 ans et toujours au top&#13;<\/p>\n<p><strong>Garcia <\/strong>avait rejoint l\u2019\u00e9quipe <strong>Al\u00e9 BTC Ljubljana <\/strong>en 2020, avant que celle-ci ne devienne<strong> UAE Team ADQ<\/strong> en 2022. Elle avait ensuite opt\u00e9 pour un nouveau d\u00e9fi en 2023 en s\u2019engageant avec<strong> Liv Jayco AlUla <\/strong>(alors <strong>Liv Racing TeqFind<\/strong>), o\u00f9 elle a enrichi son palmar\u00e8s. Sous ce maillot, elle a notamment d\u00e9croch\u00e9 le titre de championne d\u2019Espagne sur route en 2023 et s\u2019est offert une prestigieuse victoire d\u2019\u00e9tape sur le <strong>Tour de France<\/strong> en 2025.<\/p>\n<p>&#13;<\/p>\n<p>Toujours aussi comp\u00e9titive malgr\u00e9 les ann\u00e9es, <strong>Garcia <\/strong>a encore d\u00e9montr\u00e9 son niveau au plus haut rang international lors des <strong>Mondiaux <\/strong>de Kigali, au Rwanda. Elle y a d\u00e9croch\u00e9 la m\u00e9daille de bronze. Dans la foul\u00e9e, elle a sign\u00e9 une solide 7e place lors des <strong>Championnats d\u2019Europe<\/strong> disput\u00e9s en France.<\/p>\n","protected":false},"excerpt":{"rendered":"L\u2019une des figures majeures du cyclisme espagnol f\u00e9minin tirera sa r\u00e9v\u00e9rence. Mavi Garcia, 41 ans, a annonc\u00e9 qu\u2019elle&hellip;\n","protected":false},"author":2,"featured_media":462383,"comment_status":"","ping_status":"","sticky":false,"template":"","format":"standard","meta":{"footnotes":""},"categories":[1411],"tags":[1154,207,211,1011,27,209,60,210,969,212,208,213],"class_list":{"0":"post-462382","1":"post","2":"type-post","3":"status-publish","4":"format-standard","5":"has-post-thumbnail","7":"category-cyclisme","8":"tag-cycling","9":"tag-cyclisme","10":"tag-ffc","11":"tag-fr","12":"tag-france","13":"tag-route","14":"tag-sports","15":"tag-tour-de-france","16":"tag-transfert","17":"tag-uci","18":"tag-velo","19":"tag-world-tour"},"share_on_mastodon":{"url":"https:\/\/pubeurope.com\/@fr\/115372637908940018","error":""},"_links":{"self":[{"href":"https:\/\/www.europesays.com\/fr\/wp-json\/wp\/v2\/posts\/462382","targetHints":{"allow":["GET"]}}],"collection":[{"href":"https:\/\/www.europesays.com\/fr\/wp-json\/wp\/v2\/posts"}],"about":[{"href":"https:\/\/www.europesays.com\/fr\/wp-json\/wp\/v2\/types\/post"}],"author":[{"embeddable":true,"href":"https:\/\/www.europesays.com\/fr\/wp-json\/wp\/v2\/users\/2"}],"replies":[{"embeddable":true,"href":"https:\/\/www.europesays.com\/fr\/wp-json\/wp\/v2\/comments?post=462382"}],"version-history":[{"count":0,"href":"https:\/\/www.europesays.com\/fr\/wp-json\/wp\/v2\/posts\/462382\/revisions"}],"wp:featuredmedia":[{"embeddable":true,"href":"https:\/\/www.europesays.com\/fr\/wp-json\/wp\/v2\/media\/462383"}],"wp:attachment":[{"href":"https:\/\/www.europesays.com\/fr\/wp-json\/wp\/v2\/media?parent=462382"}],"wp:term":[{"taxonomy":"category","embeddable":true,"href":"https:\/\/www.europesays.com\/fr\/wp-json\/wp\/v2\/categories?post=462382"},{"taxonomy":"post_tag","embeddable":true,"href":"https:\/\/www.europesays.com\/fr\/wp-json\/wp\/v2\/tags?post=462382"}],"curies":[{"name":"wp","href":"https:\/\/api.w.org\/{rel}","templated":true}]}}