{"id":462392,"date":"2025-10-14T13:02:22","date_gmt":"2025-10-14T13:02:22","guid":{"rendered":"https:\/\/www.europesays.com\/fr\/462392\/"},"modified":"2025-10-14T13:02:22","modified_gmt":"2025-10-14T13:02:22","slug":"ulysse-est-vivant-ophelie-a-peur-quhugo-la-tue-mirta-et-yolande-sauvent-baptiste-le-resume-de-lepisode-442-du-mercredi-15-octobre-2025","status":"publish","type":"post","link":"https:\/\/www.europesays.com\/fr\/462392\/","title":{"rendered":"Ulysse est vivant ! Oph\u00e9lie a peur qu&rsquo;Hugo la tue, Mirta et Yolande sauvent Baptiste&#8230; Le r\u00e9sum\u00e9 de l\u2019\u00e9pisode 442 du mercredi 15 octobre 2025"},"content":{"rendered":"<p>Dans l&rsquo;\u00e9pisode 442 de <a href=\"https:\/\/www.programme-tv.net\/news\/series-tv\/332492-plus-belle-la-vie-date-de-retour-horaire-casting-intrigue-tout-ce-quil-faut-savoir-sur-la-nouvelle-serie-de-tf1\/\" data-api-deeplink=\"teleloisirs:\/\/news\/332492\" target=\"_blank\" rel=\"noopener\">Plus belle la vie, encore plus belle<\/a>, diffus\u00e9 ce mercredi 15 octobre, d\u00e9j\u00e0 <a href=\"https:\/\/www.programme-tv.net\/news\/series-tv\/344072-plus-belle-la-vie-encore-plus-belle-en-streaming-ou-regarder-la-nouvelle-serie-de-tf1-en-replay\/\" data-api-deeplink=\"teleloisirs:\/\/news\/344072\" target=\"_blank\" rel=\"noopener\">disponible sur TF1+<\/a>, Vanessa re\u00e7oit un appel urgent : la police l&rsquo;attend dans les locaux du groupe Kepler. La femme d&rsquo;affaires du Mistral d\u00e9barque et d\u00e9couvre qu&rsquo;un homme est au sol dans un sac mortuaire. Elle pense imm\u00e9diatement \u00e0 son fils Ulysse. L&rsquo;avocat surgit au m\u00eame moment : \u00ab\u00a0Maman ! Je n&rsquo;ai rien !\u00a0\u00bb Bien qu&rsquo;ils \u00e9taient en froid ces derni\u00e8res semaines, Vanessa et Ulysse sont soulag\u00e9s, et finissent par se serrer dans les bras l&rsquo;un de l&rsquo;autre.<\/p>\n<p>Quelques instants plus tard, le grand fr\u00e8re d&rsquo;Oph\u00e9lie confie \u00e0 sa m\u00e8re : \u00ab\u00a0Je suis rentr\u00e9 r\u00e9cup\u00e9rer mon dossier et j&rsquo;ai surpris deux hommes qui \u00e9taient rentr\u00e9s par effraction. Ils ont vol\u00e9 l&rsquo;argent de la ran\u00e7on. L&rsquo;un d&rsquo;eux a m\u00eame vol\u00e9 ton arme cach\u00e9e dans le coffre et il a abattu l&rsquo;autre. Moi, je me suis planqu\u00e9 et il ne m&rsquo;a pas cherch\u00e9. Il a imm\u00e9diatement pris la fuite&#8230;\u00a0\u00bb Vanessa est sous le choc !<\/p>\n<p>                        Plus belle la vie en avance : Ulysse n&rsquo;a presque aucun souvenir&#8230;<\/p>\n<p>Idriss et Ulysse d\u00e9barquent au commissariat. Ariane interpelle aussit\u00f4t l&rsquo;avocat du cabinet Kepler : \u00ab\u00a0Comment vous sentez-vous ?\u00a0\u00bb L&rsquo;homme lui r\u00e9pond qu&rsquo;il n&rsquo;a pas encore r\u00e9ussi \u00e0 fermer l&rsquo;\u0153il de la nuit. Quelques minutes plus tard, les deux policiers du Mistral prennent Ulysse \u00e0 part pour l\u2019interroger, esp\u00e9rant ainsi recueillir des indices sur l\u2019enl\u00e8vement de <a href=\"https:\/\/www.programme-tv.net\/news\/series-tv\/347844-plus-belle-la-vie-je-voulais-vraiment-montrer-la-realite-morgane-frioux-se-confie-sur-lagoraphobie-de-son-personnage-dophelie-kepler\/\" data-api-deeplink=\"teleloisirs:\/\/news\/347844\" target=\"_blank\" rel=\"noopener\">sa petite s\u0153ur atteinte d&rsquo;agoraphobie<\/a>&#8230; Malheureusement, l&rsquo;avocat n&rsquo;a aucun souvenir pr\u00e9cis, mais confie avoir terriblement peur pour Oph\u00e9lie : \u00ab\u00a0Vous pensez qu&rsquo;il a d\u00e9j\u00e0 quitt\u00e9 Marseille ? On est d&rsquo;accord qu&rsquo;il y a peu de chance qu&rsquo;il ait emmen\u00e9 ma s\u0153ur ?\u00a0\u00bb Ariane et Idriss bottent en touche : ils expliquent que la police a fait installer plusieurs barrages.<\/p>\n<p>            Plus belle la vie en avance : Oph\u00e9lie a peur d&rsquo;Hugo&#8230;<\/p>\n<p>Parall\u00e8lement, Oph\u00e9lie et Hugo sont au bord de la mer. L&rsquo;homme est heureux avec ses liasses de billets. Oph\u00e9lie est craintive. Elle interpelle Hugo : \u00ab\u00a0Est-ce que tu vas me tuer comme tu as tu\u00e9 Florian ?\u00a0\u00bb Hugo r\u00e9pond : \u00ab\u00a0Ce gars, c&rsquo;\u00e9tait une planche pourrie, il aurait fini par faire un truc qui nous aurait grill\u00e9s.\u00a0\u00bb La fille de Vanessa semble quelque peu rassur\u00e9e par les propos de son charmant bourreau&#8230; Pour la rendre heureuse, Hugo lui propose de partir en voyage \u00e0 Bali, mais la jeune femme est peu emball\u00e9e par l&rsquo;id\u00e9e : \u00ab\u00a0Je connais d\u00e9j\u00e0, du coup, on ne va pas juste aller \u00e0 Bali, on va faire toute l&rsquo;Asie.\u00a0\u00bb Les deux tourtereaux en fuite s&#8217;embrassent en jetant des liasses de grosses coupures en l&rsquo;air !  Quelques instants plus tard, Oph\u00e9lie sort de l&rsquo;appartement o\u00f9 elle se trouve, ferme la baie vitr\u00e9e et observe l\u2019horizon avec le visage grave&#8230;<\/p>\n<p>                        Plus belle la vie en avance : Steve et Vadim d\u00e9couvrent le secret de No\u00e9mie !<\/p>\n<p>Vadim est sous le charme de No\u00e9mie. Il en touche quelques mots \u00e0 Steve : \u00ab\u00a0Elle a eu une vie de fou. Elle a tellement morfl\u00e9. Elle a l&rsquo;air solide. Elle a tenu gr\u00e2ce \u00e0 un livre : Les m\u00e9moires d&rsquo;Hadrien. Elle l&rsquo;a lu plusieurs fois et c&rsquo;est ce qui lui a permis de garder une force de vivre. Ce n&rsquo;est pas une dinguerie ?\u00a0\u00bb Steve est sceptique. Il trouve qu&rsquo;il est trop \u00e0 fond sur elle ! Et cette histoire lui rappelle quelque chose&#8230; Il fait quelques recherches sur internet et d\u00e9couvre que l&rsquo;\u00e9tudiante en criminologie a menti \u00e0 Vadim ! L&rsquo;histoire est inspir\u00e9e d&rsquo;un roman d&rsquo;un \u00e9crivain Ukrainien. Malgr\u00e9 cet \u00e9norme mensonge, Vadim reste sous le charme de la jeune femme, et lance : \u00ab\u00a0Elle n&rsquo;a aucune limite. J&rsquo;adore \u00e7a pu***n !\u00a0\u00bb<\/p>\n<p>            Plus belle la vie en avance : Mirta et Yolande sauvent Baptiste !<\/p>\n<p>Baptiste est \u00e0 la recherche d&rsquo;une personne pour garder son fils pendant qu&rsquo;il travaille sur les chantiers&#8230; Il trouve que les prix des agences de garde d&rsquo;enfants sont exorbitants. Aya lui sugg\u00e8re une id\u00e9e : \u00ab\u00a0D\u00e9pose une annonce \u00e0 la r\u00e9sidence ?\u00a0\u00bb Un peu plus tard, Baptiste et Mathis d\u00e9barquent au Massalia, pour d\u00e9poser une annonce. Mirta et Yolande, l&rsquo;accueillent, et se proposent pour s\u2019occuper de l\u2019arri\u00e8re-petit-fils du <a href=\"https:\/\/www.programme-tv.net\/news\/series-tv\/310579-michel-cordes-plus-belle-la-vie-reagit-a-la-mort-de-roland-marci-cest-logique\/\" data-api-deeplink=\"teleloisirs:\/\/news\/310579\" target=\"_blank\" rel=\"noopener\">regrett\u00e9 Roland Marci<\/a>. Baptiste accepte avec soulagement cette proposition !<\/p>\n","protected":false},"excerpt":{"rendered":"Dans l&rsquo;\u00e9pisode 442 de Plus belle la vie, encore plus belle, diffus\u00e9 ce mercredi 15 octobre, d\u00e9j\u00e0 disponible&hellip;\n","protected":false},"author":2,"featured_media":462393,"comment_status":"","ping_status":"","sticky":false,"template":"","format":"standard","meta":{"footnotes":""},"categories":[1356],"tags":[244,58,1367,7313,7312,7314,7315,7316,59,1011,27,5249,1368,7309,7311,7310,252,199,2175,1364],"class_list":{"0":"post-462392","1":"post","2":"type-post","3":"status-publish","4":"format-standard","5":"has-post-thumbnail","7":"category-television","8":"tag-commentaire","9":"tag-divertissement","10":"tag-encore-plus-belle","11":"tag-encore-plus-belle-182024-0120-pm-plug-rtl","12":"tag-encore-plus-belle-192024-1145-am-rts-un","13":"tag-encore-plus-belle-saison-1-52152789","14":"tag-encore-plus-belle-su00e9rie-52152788","15":"tag-encore-plus-belle-le-doc-u00e9vu00e8nement-292024-0905-pm-tfx","16":"tag-entertainment","17":"tag-fr","18":"tag-france","19":"tag-mytf1-max","20":"tag-plus-belle-la-vie","21":"tag-plus-belle-la-vie-en-avance","22":"tag-ru00e9sumu00e9-plus-belle-la-vie","23":"tag-ru00e9sumu00e9-plus-belle-la-vie-en-avance","24":"tag-television","25":"tag-tf1","26":"tag-tl-story","27":"tag-tv"},"share_on_mastodon":{"url":"","error":"Validation failed: Text character limit of 500 exceeded"},"_links":{"self":[{"href":"https:\/\/www.europesays.com\/fr\/wp-json\/wp\/v2\/posts\/462392","targetHints":{"allow":["GET"]}}],"collection":[{"href":"https:\/\/www.europesays.com\/fr\/wp-json\/wp\/v2\/posts"}],"about":[{"href":"https:\/\/www.europesays.com\/fr\/wp-json\/wp\/v2\/types\/post"}],"author":[{"embeddable":true,"href":"https:\/\/www.europesays.com\/fr\/wp-json\/wp\/v2\/users\/2"}],"replies":[{"embeddable":true,"href":"https:\/\/www.europesays.com\/fr\/wp-json\/wp\/v2\/comments?post=462392"}],"version-history":[{"count":0,"href":"https:\/\/www.europesays.com\/fr\/wp-json\/wp\/v2\/posts\/462392\/revisions"}],"wp:featuredmedia":[{"embeddable":true,"href":"https:\/\/www.europesays.com\/fr\/wp-json\/wp\/v2\/media\/462393"}],"wp:attachment":[{"href":"https:\/\/www.europesays.com\/fr\/wp-json\/wp\/v2\/media?parent=462392"}],"wp:term":[{"taxonomy":"category","embeddable":true,"href":"https:\/\/www.europesays.com\/fr\/wp-json\/wp\/v2\/categories?post=462392"},{"taxonomy":"post_tag","embeddable":true,"href":"https:\/\/www.europesays.com\/fr\/wp-json\/wp\/v2\/tags?post=462392"}],"curies":[{"name":"wp","href":"https:\/\/api.w.org\/{rel}","templated":true}]}}