{"id":462412,"date":"2025-10-14T13:16:13","date_gmt":"2025-10-14T13:16:13","guid":{"rendered":"https:\/\/www.europesays.com\/fr\/462412\/"},"modified":"2025-10-14T13:16:13","modified_gmt":"2025-10-14T13:16:13","slug":"loire-emilie-se-bat-pour-revoir-son-fils-concu-avec-son-ex-compagne-par-pma-en-espagne","status":"publish","type":"post","link":"https:\/\/www.europesays.com\/fr\/462412\/","title":{"rendered":"Loire. \u00c9milie se bat pour revoir son \u00ab\u00a0fils\u00a0\u00bb con\u00e7u avec son ex-compagne par PMA en Espagne"},"content":{"rendered":"<p>            Par<br \/>\n        <strong><br \/>\n            <a href=\"https:\/\/actu.fr\/auteur\/mathias-souteyrat\" title=\"Consulter tous les articles de Mathias Souteyrat\" rel=\"nofollow noopener\" target=\"_blank\">Mathias Souteyrat<\/a><br \/>\n        <\/strong><\/p>\n<p>        Publi\u00e9 le<\/p>\n<p>            14 oct. 2025 \u00e0 15h07        <\/p>\n<p>\u00c9milie, 34\u00a0ans, habitante de Ch\u00e2teauneuf (Loire), \u00e0 25\u00a0km de <a href=\"https:\/\/actu.fr\/saint-etienne\/\" rel=\"nofollow noopener\" target=\"_blank\">Saint-Etienne<\/a>, se bat pour revoir son \u00ab\u2009fils\u2009\u00bb Carl, \u00e2g\u00e9 de 2\u00a0ans, qu\u2019elle a eu avec son ex-compagne gr\u00e2ce \u00e0 une PMA en Espagne. Pour comprendre ce combat, il faut remonter \u00e0 l\u2019ann\u00e9e 2019 avec la naissance de son premier fils Ethan, n\u00e9 gr\u00e2ce \u00e0 une Procr\u00e9ation m\u00e9dicalement assist\u00e9e (PMA) qu\u2019elle a r\u00e9alis\u00e9e seule en Espagne. \u00ab\u2009Ce fut une aventure incroyable, un choix m\u00fbrement r\u00e9fl\u00e9chi, port\u00e9 par ce besoin de devenir m\u00e8re. Depuis toujours, j\u2019ai r\u00eav\u00e9 d\u2019une grande famille\u2009\u00bb, nous raconte-t-elle par t\u00e9l\u00e9phone le 14\u00a0octobre.<\/p>\n<p>L\u2019ins\u00e9mination en Espagne, l\u2019accouchement \u00e0 Saint-Etienne<\/p>\n<p class=\" wall-content\">Pourquoi l\u2019Espagne\u2009? Les d\u00e9lais sont plus rapides (un mois en moyenne contre 2\u00a0ans en France). Mais pour exercer une quelconque autorit\u00e9 parentale en France, <strong>la deuxi\u00e8me personne doit adopter l\u2019enfant<\/strong> dans l\u2019Hexagone. Dans ce cas pr\u00e9cis \u00e0 Saint-Etienne, lieu de l\u2019accouchement.<\/p>\n<p class=\" wall-content\">En janvier\u00a02022, elle fait la rencontre de Sophie (*), qui devient sa compagne. \u00ab\u2009Quand ma sant\u00e9 m\u2019a enfin permis d\u2019envisager une nouvelle grossesse, nous avons d\u00e9cid\u00e9 ensemble de poursuivre ce r\u00eave. <strong>Je lui ai propos\u00e9 de porter notre enfant<\/strong>. Apr\u00e8s plusieurs essais en Espagne, notre petit Carl est arriv\u00e9 en septembre\u00a02023.\u2009\u00bb<\/p>\n<blockquote class=\"ac-article-quote wall-content\">\n<p>J\u2019ai eu la chance de vivre les premiers instants avec lui, de le tenir contre moi, de sentir son souffle\u2026 C\u2019\u00e9tait la concr\u00e9tisation d\u2019un r\u00eave, la naissance de mon deuxi\u00e8me enfant, celui d\u2019une famille que j\u2019imaginais soud\u00e9e et pleine de tendresse.<\/p>\n<p>    <strong>Emilie<\/strong>\n            <\/p><\/blockquote>\n<p class=\" wall-content\">La PMA a un co\u00fbt\u2009: <strong>10\u2009000\u00a0euros<\/strong>, qu\u2019elle d\u00e9cide de payer la moiti\u00e9 chacune.<\/p>\n<p>Que dit la loi ?<\/p>\n<p>La loi du 2 ao\u00fbt 2021 relative \u00e0 la bio\u00e9thique a \u00e9largi la procr\u00e9ation m\u00e9dicalement assist\u00e9e \u00e0 toutes les femmes qui ont un projet parental, aux couples homosexuels comme aux c\u00e9libataires. Le crit\u00e8re m\u00e9dical d&rsquo;infertilit\u00e9, qui conditionnait l&rsquo;acc\u00e8s \u00e0 la PMA, a donc \u00e9t\u00e9 supprim\u00e9. Une femme a la possibilit\u00e9 de congeler ses ovocytes, sans motif m\u00e9dical, pour pr\u00e9server la possibilit\u00e9 de devenir m\u00e8re. <br \/>La loi institue un nouveau mode de filiation permettant la reconnaissance conjointe de l&rsquo;enfant issu d&rsquo;une PMA pour les couples de femmes. Par ailleurs, un nouveau droit est cr\u00e9\u00e9 pour les enfants n\u00e9s d\u2019une PMA : le droit d\u2019acc\u00e8s \u00e0 des informations non identifiantes (\u00e2ge, caract\u00e9ristiques physiques&#8230;) et \u00e0 l&rsquo;identit\u00e9 du donneur \u00e0 l\u2019origine de leur conception.<\/p>\n<p class=\" wall-content\">Mal inform\u00e9e du changement de loi du 2\u00a0ao\u00fbt 2021 (voir encadr\u00e9), \u00c9milie aurait pu, avant le d\u00e9but des ins\u00e9minations, faire une reconnaissance conjointe anticip\u00e9e devant le notaire fran\u00e7ais en stipulant que l\u2019enfant aura deux m\u00e8res.<\/p>\n<p>Votre r\u00e9gion, votre actu !<\/p>\n<p>Recevez chaque jour les infos qui comptent pour vous.<\/p>\n<p>\t<a href=\"https:\/\/actu.fr\/newsletter\" class=\"ac-btn ac-btn--corner ac-btn--medium ac-btn--blue800\" rel=\"nofollow noopener\" target=\"_blank\">S&rsquo;incrire<\/a><br \/>\n\u00ab\u2009Je ne t\u2019octroierai jamais de droit avec Carl\u2009\u00bb<\/p>\n<p class=\" wall-content\">Mais au fil du temps, leur amour s\u2019effrite. \u00ab\u2009Nous r\u00eavions d\u2019avoir plusieurs enfants, et nous avions convenu que je porterais le troisi\u00e8me. Nous sommes donc retourn\u00e9es en Espagne, dans cette m\u00eame clinique qui avait d\u00e9j\u00e0 fait partie de notre histoire. Sophie m\u2019a accompagn\u00e9e lors des deux premi\u00e8res ins\u00e9minations, mais \u00e0 mesure que les tentatives \u00e9chouaient, je sentais son d\u00e9tachement grandir. Pour la troisi\u00e8me tentative, elle ne souhaitait m\u00eame plus venir. Apr\u00e8s de longues discussions, elle a finalement accept\u00e9, mais je sentais que le c\u0153ur n\u2019y \u00e9tait plus.\u2009\u00bb<\/p>\n<p><a class=\"jo-module-caroussel__img-container\" href=\"https:\/\/static.actu.fr\/uploads\/2025\/10\/whatsapp-image-2025-10-14-a-104837-a9cce2ea.jpg\" title=\"Agrandir la photo Apr\u00e8s plusieurs essais en Espagne, le petit Carl est arriv\u00e9 en septembre 2023. (\u00a9 Photo transmise \u00e0 actu.fr)\" data-idx=\"1\" rel=\"nofollow noopener\" target=\"_blank\"><br \/>\n    <img decoding=\"async\" class=\"jo-module-caroussel__img\" loading=\"lazy\" src=\"https:\/\/www.europesays.com\/fr\/wp-content\/uploads\/2025\/10\/whatsapp-image-2025-10-14-a-104837-a9cce2ea-640x427.jpg\" alt=\"Apr\u00e8s plusieurs essais en Espagne, le petit Carl est arriv\u00e9 en septembre 2023. (\u00a9 Photo transmise \u00e0 actu.fr)\" width=\"640\" height=\"427\"\/><\/a><\/p>\n<p class=\" wall-content\">Le temps passe. Sophie reporte la question de l\u2019adoption. \u00c9milie n\u2019a toujours aucune filiation officielle avec l\u2019enfant quand vient le coup de massue\u2009: \u00ab\u2009Je ne t\u2019octroierai jamais de droit avec Carl\u2009\u00bb, lui dit sa compagne.<\/p>\n<p>Plus de nouvelle de Carl depuis le 19\u00a0juin<\/p>\n<p class=\" wall-content\">Le jeudi 19\u00a0juin 2025, Sophie fait ses valises et part avec son enfant. \u00c9milie n\u2019a plus aucune nouvelle depuis.<\/p>\n<blockquote class=\"ac-article-quote wall-content\">\n<p>J&rsquo;ai \u00e9t\u00e9 na\u00efve, je lui ai fait confiance. Mon fils Ethan a perdu une maman du jour au lendemain. Il croit que son petit fr\u00e8re est parti au ciel.<\/p>\n<p>    <strong>Emilie<\/strong>\n            <\/p><\/blockquote>\n<p class=\" wall-content\">\u00ab\u2009J\u2019ai tout tent\u00e9 pour recr\u00e9er un lien\u2009: des messages, des propositions de m\u00e9diation, apporter des couches, partager les comptes rendus m\u00e9dicaux de ma grossesse, l\u2019inviter aux \u00e9chographies. J\u2019ai m\u00eame essay\u00e9 de passer par sa famille, ses proches\u2026\u2009\u00bb Sans r\u00e9ponse.<\/p>\n<p>Enceinte d\u2019un troisi\u00e8me enfant<\/p>\n<p class=\" wall-content\">Peu apr\u00e8s cette rupture, apr\u00e8s deux \u00e9checs, elle apprend qu\u2019elle est enceinte d\u2019une petite fille.<\/p>\n<p class=\" wall-content\">\u00ab\u2009Ce fut un choc. J\u2019\u00e9tais \u00e0 la fois boulevers\u00e9e et d\u00e9stabilis\u00e9e, car nos derniers \u00e9changes et le d\u00e9sint\u00e9r\u00eat de Sophie pour ce troisi\u00e8me enfant ne correspondaient plus du tout \u00e0 l\u2019image de la famille que j\u2019avais tant r\u00eav\u00e9e.\u2009\u00bb<\/p>\n<p>Obtenir un droit de visite et d\u2019h\u00e9bergement<\/p>\n<p class=\" wall-content\">\u00ab\u2009J\u2019ai entam\u00e9 une proc\u00e9dure aupr\u00e8s du tribunal de Saint-Etienne et du juge aux affaires familiales pour obtenir un droit de visite et d\u2019h\u00e9bergement, afin que Carl puisse retrouver son grand fr\u00e8re et que nous puissions, un jour, reformer ce lien bris\u00e9.<strong> Mais les d\u00e9lais sont longs. Et le temps joue contre moi.<\/strong>\u2009\u00bb<\/p>\n<p class=\" wall-content\">En attendant l\u2019arriv\u00e9e de cette petite fille dans trois mois, c\u2019est une bataille d\u2019avocats qui se joue. Une premi\u00e8re audience a d\u00e9j\u00e0 \u00e9t\u00e9 report\u00e9e, une autre est pr\u00e9vue le 21\u00a0novembre. \u00ab\u2009Mon dossier est complet avec les preuves du lien que j\u2019ai avec Carl et de l\u2019int\u00e9r\u00eat pour lui qu\u2019il ne soit pas s\u00e9par\u00e9 de nous\u2009\u00bb, pr\u00e9cise-t-elle.<\/p>\n<p class=\" wall-content\">\u00c9milie ne perd pas espoir. Sans col\u00e8re, ni animosit\u00e9, elle se veut \u00e9galement la porte-parole des femmes qui sont dans le m\u00eame cas qu\u2019elle.<\/p>\n<p class=\" wall-content\">(*) pr\u00e9nom d\u2019emprunt<\/p>\n<p class=\" wall-content\">Personnalisez votre actualit\u00e9 en ajoutant vos villes et m\u00e9dias en favori avec <a href=\"https:\/\/moncompte.actu.fr\" title=\"D\u00e9couvez Mon Actu\" rel=\"nofollow noopener\" data-trk=\"{&quot;cta&quot;:{&quot;action&quot;:&quot;https:\\\/\\\/moncompte.actu.fr&quot;,&quot;category&quot;:&quot;mon compte&quot;,&quot;from&quot;:&quot;article footer&quot;,&quot;name&quot;:&quot;Mon actu&quot;,&quot;type&quot;:&quot;cta&quot;}}\" target=\"_blank\">Mon Actu<\/a>.<\/p>\n","protected":false},"excerpt":{"rendered":"Par Mathias Souteyrat Publi\u00e9 le 14 oct. 2025 \u00e0 15h07 \u00c9milie, 34\u00a0ans, habitante de Ch\u00e2teauneuf (Loire), \u00e0 25\u00a0km&hellip;\n","protected":false},"author":2,"featured_media":462413,"comment_status":"","ping_status":"","sticky":false,"template":"","format":"standard","meta":{"footnotes":""},"categories":[9653],"tags":[1111,11,2430,1719,123,1777,674,1011,27,303,12,25,4001,104],"class_list":{"0":"post-462412","1":"post","2":"type-post","3":"status-publish","4":"format-standard","5":"has-post-thumbnail","7":"category-saint-etienne","8":"tag-actu","9":"tag-actualites","10":"tag-auvergne-rhone-alpes","11":"tag-enfants","12":"tag-espagne","13":"tag-eu","14":"tag-europe","15":"tag-fr","16":"tag-france","17":"tag-justice","18":"tag-news","19":"tag-republique-francaise","20":"tag-saint-etienne","21":"tag-societe"},"share_on_mastodon":{"url":"https:\/\/pubeurope.com\/@fr\/115372713119452682","error":""},"_links":{"self":[{"href":"https:\/\/www.europesays.com\/fr\/wp-json\/wp\/v2\/posts\/462412","targetHints":{"allow":["GET"]}}],"collection":[{"href":"https:\/\/www.europesays.com\/fr\/wp-json\/wp\/v2\/posts"}],"about":[{"href":"https:\/\/www.europesays.com\/fr\/wp-json\/wp\/v2\/types\/post"}],"author":[{"embeddable":true,"href":"https:\/\/www.europesays.com\/fr\/wp-json\/wp\/v2\/users\/2"}],"replies":[{"embeddable":true,"href":"https:\/\/www.europesays.com\/fr\/wp-json\/wp\/v2\/comments?post=462412"}],"version-history":[{"count":0,"href":"https:\/\/www.europesays.com\/fr\/wp-json\/wp\/v2\/posts\/462412\/revisions"}],"wp:featuredmedia":[{"embeddable":true,"href":"https:\/\/www.europesays.com\/fr\/wp-json\/wp\/v2\/media\/462413"}],"wp:attachment":[{"href":"https:\/\/www.europesays.com\/fr\/wp-json\/wp\/v2\/media?parent=462412"}],"wp:term":[{"taxonomy":"category","embeddable":true,"href":"https:\/\/www.europesays.com\/fr\/wp-json\/wp\/v2\/categories?post=462412"},{"taxonomy":"post_tag","embeddable":true,"href":"https:\/\/www.europesays.com\/fr\/wp-json\/wp\/v2\/tags?post=462412"}],"curies":[{"name":"wp","href":"https:\/\/api.w.org\/{rel}","templated":true}]}}