{"id":462414,"date":"2025-10-14T13:17:15","date_gmt":"2025-10-14T13:17:15","guid":{"rendered":"https:\/\/www.europesays.com\/fr\/462414\/"},"modified":"2025-10-14T13:17:15","modified_gmt":"2025-10-14T13:17:15","slug":"voici-ce-quelle-va-devenir","status":"publish","type":"post","link":"https:\/\/www.europesays.com\/fr\/462414\/","title":{"rendered":"voici ce qu&rsquo;elle va devenir"},"content":{"rendered":"<p>            Par<br \/>\n        <strong><br \/>\n            <a href=\"https:\/\/actu.fr\/auteur\/pierre-emile-bouchy-actu-fr\" title=\"Consulter tous les articles de Paul-Emile Bouchy\" target=\"_blank\" rel=\"noopener\">Paul-Emile Bouchy<\/a><br \/>\n        <\/strong><\/p>\n<p>        Publi\u00e9 le<\/p>\n<p>            14 oct. 2025 \u00e0 14h55        <\/p>\n<p>Depuis d\u00e9cembre 2022, les portes de la <strong>pharmacie du Point-Central<\/strong> de <a href=\"https:\/\/actu.fr\/grand-est\/nancy_54395\" target=\"_blank\" rel=\"noopener\">Nancy<\/a> restent closes. Situ\u00e9e \u00e0 l\u2019angle de la <a href=\"https:\/\/actu.fr\/grand-est\/nancy_54395\/la-ville-de-nancy-veut-interdire-les-voitures-dans-cette-rue-tres-frequentee-on-vous-explique-pourquoi_62942369.html\" target=\"_blank\" rel=\"noopener\">rue Saint-Dizier<\/a> et de la rue Saint-Georges, cette pharmacie historique est pr\u00e9sente depuis 1922 avec <strong>sa fa\u00e7ade en mosa\u00efque, typique de l\u2019\u00e9poque Art d\u00e9co<\/strong>.<\/p>\n<p class=\" wall-content\">D\u2019ici quelques mois, ce local va ouvrir un nouveau chapitre avec l\u2019arriv\u00e9e d\u2019une nouvelle activit\u00e9 commerciale. Voici laquelle.<\/p>\n<p>Une future enseigne de boulangerie-viennoiserie \u00e0 la place de la pharmacie<\/p>\n<p class=\" wall-content\">Contact\u00e9, Dorian Manzoli, agent immobilier pour R\u00e9seaux Brokers, indique que le nouveau locataire sera <strong>une \u00ab\u00a0enseigne nationale de boulangerie, viennoiserie et snacking\u00a0\u00bb<\/strong>. Pour le moment, son nom n\u2019a pas encore \u00e9t\u00e9 d\u00e9voil\u00e9.<\/p>\n<p class=\" wall-content\">De nombreux travaux doivent \u00eatre effectu\u00e9s au sein du local : \u00ab\u00a0Si cela avance bien, <strong>l\u2019ouverture pourrait avoir lieu en mars 2026<\/strong>.\u00a0\u00bb<\/p>\n<p class=\" wall-content\">Pour ceux qui sont attach\u00e9s \u00e0 sa fa\u00e7ade color\u00e9e, ils pourront toujours l\u2019observer. Dans le cadre de cette reprise, les mosa\u00efques et l\u2019aspect d\u2019origine vont \u00eatre conserv\u00e9s.<\/p>\n<p class=\" wall-content\">Personnalisez votre actualit\u00e9 en ajoutant vos villes et m\u00e9dias en favori avec <a href=\"https:\/\/moncompte.actu.fr\" title=\"D\u00e9couvez Mon Actu\" rel=\"nofollow noopener\" data-trk=\"{&quot;cta&quot;:{&quot;action&quot;:&quot;https:\\\/\\\/moncompte.actu.fr&quot;,&quot;category&quot;:&quot;mon compte&quot;,&quot;from&quot;:&quot;article footer&quot;,&quot;name&quot;:&quot;Mon actu&quot;,&quot;type&quot;:&quot;cta&quot;}}\" target=\"_blank\">Mon Actu<\/a>.<\/p>\n","protected":false},"excerpt":{"rendered":"Par Paul-Emile Bouchy Publi\u00e9 le 14 oct. 2025 \u00e0 14h55 Depuis d\u00e9cembre 2022, les portes de la pharmacie&hellip;\n","protected":false},"author":2,"featured_media":462415,"comment_status":"","ping_status":"","sticky":false,"template":"","format":"standard","meta":{"footnotes":""},"categories":[9635],"tags":[1111,11,215,1777,674,1011,27,775,1702,12,3147,25,104],"class_list":{"0":"post-462414","1":"post","2":"type-post","3":"status-publish","4":"format-standard","5":"has-post-thumbnail","7":"category-nancy","8":"tag-actu","9":"tag-actualites","10":"tag-commerce","11":"tag-eu","12":"tag-europe","13":"tag-fr","14":"tag-france","15":"tag-grand-est","16":"tag-nancy","17":"tag-news","18":"tag-nouveaux-commerces","19":"tag-republique-francaise","20":"tag-societe"},"share_on_mastodon":{"url":"https:\/\/pubeurope.com\/@fr\/115372716434484346","error":""},"_links":{"self":[{"href":"https:\/\/www.europesays.com\/fr\/wp-json\/wp\/v2\/posts\/462414","targetHints":{"allow":["GET"]}}],"collection":[{"href":"https:\/\/www.europesays.com\/fr\/wp-json\/wp\/v2\/posts"}],"about":[{"href":"https:\/\/www.europesays.com\/fr\/wp-json\/wp\/v2\/types\/post"}],"author":[{"embeddable":true,"href":"https:\/\/www.europesays.com\/fr\/wp-json\/wp\/v2\/users\/2"}],"replies":[{"embeddable":true,"href":"https:\/\/www.europesays.com\/fr\/wp-json\/wp\/v2\/comments?post=462414"}],"version-history":[{"count":0,"href":"https:\/\/www.europesays.com\/fr\/wp-json\/wp\/v2\/posts\/462414\/revisions"}],"wp:featuredmedia":[{"embeddable":true,"href":"https:\/\/www.europesays.com\/fr\/wp-json\/wp\/v2\/media\/462415"}],"wp:attachment":[{"href":"https:\/\/www.europesays.com\/fr\/wp-json\/wp\/v2\/media?parent=462414"}],"wp:term":[{"taxonomy":"category","embeddable":true,"href":"https:\/\/www.europesays.com\/fr\/wp-json\/wp\/v2\/categories?post=462414"},{"taxonomy":"post_tag","embeddable":true,"href":"https:\/\/www.europesays.com\/fr\/wp-json\/wp\/v2\/tags?post=462414"}],"curies":[{"name":"wp","href":"https:\/\/api.w.org\/{rel}","templated":true}]}}