{"id":462416,"date":"2025-10-14T13:18:20","date_gmt":"2025-10-14T13:18:20","guid":{"rendered":"https:\/\/www.europesays.com\/fr\/462416\/"},"modified":"2025-10-14T13:18:20","modified_gmt":"2025-10-14T13:18:20","slug":"nouveaux-maneges-horaires-dates-voici-tout-ce-que-vous-devez-savoir","status":"publish","type":"post","link":"https:\/\/www.europesays.com\/fr\/462416\/","title":{"rendered":"nouveaux man\u00e8ges, horaires, dates\u2026 voici tout ce que vous devez savoir"},"content":{"rendered":"<p>            Par<br \/>\n        <strong><br \/>\n            <a href=\"https:\/\/actu.fr\/auteur\/amandine-mehl\" title=\"Consulter tous les articles de Amandine Mehl\" target=\"_blank\" rel=\"noopener\">Amandine Mehl<\/a><br \/>\n        <\/strong><\/p>\n<p>        Publi\u00e9 le<\/p>\n<p>            14 oct. 2025 \u00e0 13h51        <\/p>\n<p>Organis\u00e9e au <a href=\"https:\/\/actu.fr\/tag\/parc-de-la-pepiniere\" target=\"_blank\" rel=\"noopener\">parc de la P\u00e9pini\u00e8re<\/a>, la <a href=\"https:\/\/actu.fr\/grand-est\/nancy_54395\/retour-de-la-foire-d-automne-a-nancy-ce-que-l-on-sait-deja-de-l-edition-2025_63170349.html\" target=\"_blank\" rel=\"noopener\">Foire d\u2019Automne<\/a> de Nancy est attendue pour une nouvelle \u00e9dition <strong>du jeudi 23 octobre au 16 novembre 2025 inclus<\/strong>.<\/p>\n<p class=\" wall-content\">Voici ce que vous devez savoir autour de cet <strong>\u00e9v\u00e9nement<\/strong> qui conserve son <strong>caract\u00e8re familial<\/strong> et <strong>s\u2019adresse essentiellement aux enfants<\/strong>.<\/p>\n<p>Plus de 50 m\u00e9tiers et des nouveaux man\u00e8ges attendus \u00e0 la Foire d\u2019Automne<\/p>\n<p class=\" wall-content\">Cette ann\u00e9e, <strong>plus de 50 m\u00e9tiers<\/strong> appartenant \u00e0 six types de m\u00e9tiers, pour en assurer la diversit\u00e9, seront au rendez-vous sur le champ de foire. Au programme : des <strong>attractions destin\u00e9es aux enfants<\/strong>, des<strong> jeux d\u2019adresse et de petites boutiques<\/strong>, <strong>bo\u00eete \u00e0 rire<\/strong>, <strong>palais des glaces <\/strong>et\u00a0<strong>boutiques de confiseries et snacks sal\u00e9s\/sucr\u00e9s<\/strong>.<\/p>\n<p class=\" wall-content\">On note d\u2019ailleurs <strong>plusieurs nouveaut\u00e9s<\/strong>. \u00c0 savoir, <strong>une chenille<\/strong>, <strong>un petit train sur rails<\/strong> \u00e0 sensations douces pour les petits ainsi qu\u2019<strong>un ascenseur de type \u00ab\u00a0chute libre\u00a0\u00bb<\/strong> pour les enfants et les adolescents.<\/p>\n<p>Les horaires de la Foire d\u2019Automne 2025 de Nancy<\/p>\n<p class=\" wall-content\">S\u2019agissant des <strong>horaires d\u2019ouverture<\/strong>, la foire sera accessible <strong>tous les jours de 13h30 \u00e0 20h<\/strong> <strong>du 23 au 31 octobre inclus<\/strong>. <strong>Du 1er au 16 novembre<\/strong>, elle le sera <strong>de 15h30 \u00e0 19h les lundis, mardis, jeudis et vendredis<\/strong> (hors jours f\u00e9ri\u00e9s et vacances scolaires) et les <strong>mercredis<\/strong> (hors jours f\u00e9ri\u00e9s et vacances scolaires) <strong>de 14h \u00e0 19h<\/strong>.<\/p>\n<p class=\" wall-content\">Les <strong>samedis<\/strong>, <strong>dimanches<\/strong> et <strong>jours f\u00e9ri\u00e9s<\/strong>, il sera possible d\u2019arpenter le champ de foire <strong>de 13h30 \u00e0 19h<\/strong>.<\/p>\n<p class=\" wall-content\">Personnalisez votre actualit\u00e9 en ajoutant vos villes et m\u00e9dias en favori avec <a href=\"https:\/\/moncompte.actu.fr\" title=\"D\u00e9couvez Mon Actu\" rel=\"nofollow noopener\" data-trk=\"{&quot;cta&quot;:{&quot;action&quot;:&quot;https:\\\/\\\/moncompte.actu.fr&quot;,&quot;category&quot;:&quot;mon compte&quot;,&quot;from&quot;:&quot;article footer&quot;,&quot;name&quot;:&quot;Mon actu&quot;,&quot;type&quot;:&quot;cta&quot;}}\" target=\"_blank\">Mon Actu<\/a>.<\/p>\n","protected":false},"excerpt":{"rendered":"Par Amandine Mehl Publi\u00e9 le 14 oct. 2025 \u00e0 13h51 Organis\u00e9e au parc de la P\u00e9pini\u00e8re, la Foire&hellip;\n","protected":false},"author":2,"featured_media":462417,"comment_status":"","ping_status":"","sticky":false,"template":"","format":"standard","meta":{"footnotes":""},"categories":[9635],"tags":[1111,11,1777,674,1011,27,775,1652,1702,12,11014,25],"class_list":{"0":"post-462416","1":"post","2":"type-post","3":"status-publish","4":"format-standard","5":"has-post-thumbnail","7":"category-nancy","8":"tag-actu","9":"tag-actualites","10":"tag-eu","11":"tag-europe","12":"tag-fr","13":"tag-france","14":"tag-grand-est","15":"tag-loisirs-culture","16":"tag-nancy","17":"tag-news","18":"tag-parc-de-la-pepiniere","19":"tag-republique-francaise"},"share_on_mastodon":{"url":"https:\/\/pubeurope.com\/@fr\/115372720379013503","error":""},"_links":{"self":[{"href":"https:\/\/www.europesays.com\/fr\/wp-json\/wp\/v2\/posts\/462416","targetHints":{"allow":["GET"]}}],"collection":[{"href":"https:\/\/www.europesays.com\/fr\/wp-json\/wp\/v2\/posts"}],"about":[{"href":"https:\/\/www.europesays.com\/fr\/wp-json\/wp\/v2\/types\/post"}],"author":[{"embeddable":true,"href":"https:\/\/www.europesays.com\/fr\/wp-json\/wp\/v2\/users\/2"}],"replies":[{"embeddable":true,"href":"https:\/\/www.europesays.com\/fr\/wp-json\/wp\/v2\/comments?post=462416"}],"version-history":[{"count":0,"href":"https:\/\/www.europesays.com\/fr\/wp-json\/wp\/v2\/posts\/462416\/revisions"}],"wp:featuredmedia":[{"embeddable":true,"href":"https:\/\/www.europesays.com\/fr\/wp-json\/wp\/v2\/media\/462417"}],"wp:attachment":[{"href":"https:\/\/www.europesays.com\/fr\/wp-json\/wp\/v2\/media?parent=462416"}],"wp:term":[{"taxonomy":"category","embeddable":true,"href":"https:\/\/www.europesays.com\/fr\/wp-json\/wp\/v2\/categories?post=462416"},{"taxonomy":"post_tag","embeddable":true,"href":"https:\/\/www.europesays.com\/fr\/wp-json\/wp\/v2\/tags?post=462416"}],"curies":[{"name":"wp","href":"https:\/\/api.w.org\/{rel}","templated":true}]}}