{"id":462424,"date":"2025-10-14T13:22:12","date_gmt":"2025-10-14T13:22:12","guid":{"rendered":"https:\/\/www.europesays.com\/fr\/462424\/"},"modified":"2025-10-14T13:22:12","modified_gmt":"2025-10-14T13:22:12","slug":"un-homme-et-une-femme-interpelles-apres-avoir-insulte-et-menace-des-passants","status":"publish","type":"post","link":"https:\/\/www.europesays.com\/fr\/462424\/","title":{"rendered":"Un homme et une femme interpell\u00e9s apr\u00e8s avoir insult\u00e9 et menac\u00e9 des passants"},"content":{"rendered":"<p>Les policiers ont d\u00fb intervenir aupr\u00e8s de deux individus instables ce vendredi 10\u00a0octobre \u00e0 Montpellier (<a href=\"https:\/\/www.20minutes.fr\/societe\/herault\/\" class=\"c-link c-link--is-underlined\" target=\"_blank\" rel=\"noopener\">H\u00e9rault<\/a>). Alors que cet homme et cette femme n\u2019ont ni lien de parent\u00e9 ni d\u2019amiti\u00e9, ils ont, selon <a href=\"https:\/\/www.herault-tribune.com\/articles\/montpellier-deux-personnes-interpellees-pour-avoir-menace-passants-et-policiers\/\" target=\"_blank\" class=\"c-link c-link--is-underlined\" rel=\"noopener\">H\u00e9rault Tribune<\/a>, apostroph\u00e9 et menac\u00e9 plusieurs personnes, dont une patrouille de policiers municipaux, dans la journ\u00e9e, en pleine ville.<\/p>\n<p>La premi\u00e8re alerte a \u00e9t\u00e9 donn\u00e9e dans la matin\u00e9e, pr\u00e8s de l\u2019avenue du Pic-Saint-Loup. Plusieurs passants ont \u00e9t\u00e9 insult\u00e9s par un homme qui lan\u00e7ait \u00ab\u00a0Allah Akbar\u00a0\u00bb entre deux injures. Une jeune fille aurait \u00e9t\u00e9 bouscul\u00e9e. Arriv\u00e9s sur place, les <a href=\"https:\/\/www.20minutes.fr\/dossier\/policier\" class=\"c-link c-link--is-underlined\" target=\"_blank\" rel=\"noopener\">policiers<\/a> ont \u00e9t\u00e9 pris \u00e0 partie physiquement par le suspect avant de r\u00e9ussir \u00e0 l\u2019interpeller.<\/p>\n<p>Une seconde arrestation en fin de journ\u00e9e<\/p>\n<p>Le deuxi\u00e8me incident s\u2019est produit place de la Com\u00e9die, vers 18h30. Il s\u2019agissait cette fois d\u2019une femme, visiblement perturb\u00e9e, qui s\u2019en est prise \u00e0 des policiers municipaux. L\u00e0 encore, elle a cri\u00e9 \u00e0 plusieurs reprises \u00ab\u00a0Allah Akbar\u00a0\u00bb, en <a href=\"https:\/\/www.20minutes.fr\/dossier\/menaces_de_mort\" class=\"c-link c-link--is-underlined\" target=\"_blank\" rel=\"noopener\">mena\u00e7ant de mort<\/a> les agents, tout en gardant une main dissimul\u00e9e dans son sac. Finalement non arm\u00e9e, elle a rapidement \u00e9t\u00e9 ma\u00eetris\u00e9e.<\/p>\n<\/p>\n<p>Les deux affaires ne semblent pas li\u00e9es. L\u2019homme interpell\u00e9 le matin est un Alg\u00e9rien de 28 ans en situation irr\u00e9guli\u00e8re, qui n\u2019a pas pu expliquer son attitude. Il a \u00e9t\u00e9 transf\u00e9r\u00e9 au centre de r\u00e9tention administrative (CRA) de <a href=\"https:\/\/www.20minutes.fr\/toulouse\/\" class=\"c-link c-link--is-underlined\" target=\"_blank\" rel=\"noopener\">Toulouse<\/a>. Quant \u00e0 la femme, qui n\u2019a pas pu se justifier non plus, son discours incoh\u00e9rent en garde \u00e0 vue a conduit \u00e0 une \u00e9valuation psychiatrique. Elle a \u00e9t\u00e9 prise en charge \u00e0 l\u2019h\u00f4pital La Colombi\u00e8re, en service de psychiatrie.<\/p>\n","protected":false},"excerpt":{"rendered":"Les policiers ont d\u00fb intervenir aupr\u00e8s de deux individus instables ce vendredi 10\u00a0octobre \u00e0 Montpellier (H\u00e9rault). Alors que&hellip;\n","protected":false},"author":2,"featured_media":462425,"comment_status":"","ping_status":"","sticky":false,"template":"","format":"standard","meta":{"footnotes":""},"categories":[9599],"tags":[1111,47,11,1777,674,118,1011,27,7089,2681,2208,12,2680,1072,25],"class_list":{"0":"post-462424","1":"post","2":"type-post","3":"status-publish","4":"format-standard","5":"has-post-thumbnail","7":"category-montpellier","8":"tag-actu","9":"tag-actualite","10":"tag-actualites","11":"tag-eu","12":"tag-europe","13":"tag-faits-divers","14":"tag-fr","15":"tag-france","16":"tag-herault","17":"tag-languedoc-roussillon","18":"tag-montpellier","19":"tag-news","20":"tag-occitanie","21":"tag-police","22":"tag-republique-francaise"},"share_on_mastodon":{"url":"https:\/\/pubeurope.com\/@fr\/115372736264292099","error":""},"_links":{"self":[{"href":"https:\/\/www.europesays.com\/fr\/wp-json\/wp\/v2\/posts\/462424","targetHints":{"allow":["GET"]}}],"collection":[{"href":"https:\/\/www.europesays.com\/fr\/wp-json\/wp\/v2\/posts"}],"about":[{"href":"https:\/\/www.europesays.com\/fr\/wp-json\/wp\/v2\/types\/post"}],"author":[{"embeddable":true,"href":"https:\/\/www.europesays.com\/fr\/wp-json\/wp\/v2\/users\/2"}],"replies":[{"embeddable":true,"href":"https:\/\/www.europesays.com\/fr\/wp-json\/wp\/v2\/comments?post=462424"}],"version-history":[{"count":0,"href":"https:\/\/www.europesays.com\/fr\/wp-json\/wp\/v2\/posts\/462424\/revisions"}],"wp:featuredmedia":[{"embeddable":true,"href":"https:\/\/www.europesays.com\/fr\/wp-json\/wp\/v2\/media\/462425"}],"wp:attachment":[{"href":"https:\/\/www.europesays.com\/fr\/wp-json\/wp\/v2\/media?parent=462424"}],"wp:term":[{"taxonomy":"category","embeddable":true,"href":"https:\/\/www.europesays.com\/fr\/wp-json\/wp\/v2\/categories?post=462424"},{"taxonomy":"post_tag","embeddable":true,"href":"https:\/\/www.europesays.com\/fr\/wp-json\/wp\/v2\/tags?post=462424"}],"curies":[{"name":"wp","href":"https:\/\/api.w.org\/{rel}","templated":true}]}}