{"id":462426,"date":"2025-10-14T13:23:12","date_gmt":"2025-10-14T13:23:12","guid":{"rendered":"https:\/\/www.europesays.com\/fr\/462426\/"},"modified":"2025-10-14T13:23:12","modified_gmt":"2025-10-14T13:23:12","slug":"les-pompiers-evitent-le-drame","status":"publish","type":"post","link":"https:\/\/www.europesays.com\/fr\/462426\/","title":{"rendered":"les pompiers \u00e9vitent le drame"},"content":{"rendered":"<p>            Par<br \/>\n        <strong><br \/>\n            <a href=\"https:\/\/actu.fr\/auteur\/julien-bouteiller\" title=\"Consulter tous les articles de Julien Bouteiller\" rel=\"nofollow noopener\" target=\"_blank\">Julien Bouteiller<\/a><br \/>\n        <\/strong><\/p>\n<p>        Publi\u00e9 le<\/p>\n<p>            14 oct. 2025 \u00e0 15h14        <\/p>\n<p><strong>Un drame a pu \u00eatre \u00e9vit\u00e9.<\/strong> Ce mardi 14\u00a0octobre 2025, les sapeurs-pompiers ont secouru <strong>une femme qui voulait sauter d\u2019une tour<\/strong> de <a href=\"https:\/\/actu.fr\/normandie\/darnetal_76212\" rel=\"nofollow noopener\" target=\"_blank\">Darn\u00e9tal (Seine-Maritime)<\/a>, pr\u00e8s de Rouen, apprend-on du Service d\u00e9partemental d\u2019incendie et de secours (Sdis).<\/p>\n<p>Elle veut se jeter du 11e \u00e9tage<\/p>\n<p class=\" wall-content\">Les secours sont appel\u00e9s peu apr\u00e8s 14h, pour \u00ab\u2009une personne mena\u00e7ant de se d\u00e9fenestrer du 11e \u00e9tage\u2009\u00bb <strong>de la tour Borrel \u00e0 Darn\u00e9tal. <\/strong>Une fois les pompiers sur place, ils se retrouvent confront\u00e9s, selon le Sdis, \u00e0 une femme de 43\u00a0ans, d\u00e9crite comme \u00ab\u2009agressive\u2009\u00bb.<\/p>\n<p class=\" wall-content\">Un dispositif est mis en place pour permettre un acc\u00e8s par l\u2019ext\u00e9rieur.<strong> Une \u00e9quipe de sauvetage en milieu p\u00e9rilleux<\/strong> est mobilis\u00e9e. Finalement, alors que les fen\u00eatres sont s\u00e9curis\u00e9es, les pompiers parviennent \u00e0 entrer dans l\u2019appartement et <strong>\u00e0 prendre en charge la victime avant un geste d\u00e9sesp\u00e9r\u00e9.<\/strong><\/p>\n<p>Face au d\u00e9sespoir, il ne faut surtout pas rester seul. Des plateformes t\u00e9l\u00e9phoniques d\u2019\u00e9coute et structures d\u2019accueil existent partout sur le territoire normand pour aider les personnes les plus d\u00e9munies. <a href=\"https:\/\/www.normandie.ars.sante.fr\/prevention-du-suicide\" rel=\"nofollow noopener\" target=\"_blank\">Plus d\u2019informations ici<\/a>.Suivez l\u2019actualit\u00e9 de Rouen <a href=\"https:\/\/www.whatsapp.com\/channel\/0029VaKfnf99hXF2ddApFB1D\" rel=\"nofollow noopener\" target=\"_blank\">sur notre cha\u00eene WhatsApp<\/a> et <a href=\"https:\/\/www.tiktok.com\/@76actu.fr?lang=fr\" rel=\"nofollow noopener\" target=\"_blank\">sur notre compte TikTok<\/a><\/p>\n<p class=\" wall-content\">Personnalisez votre actualit\u00e9 en ajoutant vos villes et m\u00e9dias en favori avec <a href=\"https:\/\/moncompte.actu.fr\" title=\"D\u00e9couvez Mon Actu\" rel=\"nofollow noopener\" data-trk=\"{&quot;cta&quot;:{&quot;action&quot;:&quot;https:\\\/\\\/moncompte.actu.fr&quot;,&quot;category&quot;:&quot;mon compte&quot;,&quot;from&quot;:&quot;article footer&quot;,&quot;name&quot;:&quot;Mon actu&quot;,&quot;type&quot;:&quot;cta&quot;}}\" target=\"_blank\">Mon Actu<\/a>.<\/p>\n<p>                    <script async src=\"\/\/www.tiktok.com\/embed.js\"><\/script><\/p>\n","protected":false},"excerpt":{"rendered":"Par Julien Bouteiller Publi\u00e9 le 14 oct. 2025 \u00e0 15h14 Un drame a pu \u00eatre \u00e9vit\u00e9. Ce mardi&hellip;\n","protected":false},"author":2,"featured_media":462427,"comment_status":"","ping_status":"","sticky":false,"template":"","format":"standard","meta":{"footnotes":""},"categories":[9587],"tags":[1111,11,1777,674,118,1011,27,12,5161,1311,25,9590],"class_list":{"0":"post-462426","1":"post","2":"type-post","3":"status-publish","4":"format-standard","5":"has-post-thumbnail","7":"category-rouen","8":"tag-actu","9":"tag-actualites","10":"tag-eu","11":"tag-europe","12":"tag-faits-divers","13":"tag-fr","14":"tag-france","15":"tag-news","16":"tag-normandie","17":"tag-pompiers","18":"tag-republique-francaise","19":"tag-rouen"},"share_on_mastodon":{"url":"https:\/\/pubeurope.com\/@fr\/115372740040809983","error":""},"_links":{"self":[{"href":"https:\/\/www.europesays.com\/fr\/wp-json\/wp\/v2\/posts\/462426","targetHints":{"allow":["GET"]}}],"collection":[{"href":"https:\/\/www.europesays.com\/fr\/wp-json\/wp\/v2\/posts"}],"about":[{"href":"https:\/\/www.europesays.com\/fr\/wp-json\/wp\/v2\/types\/post"}],"author":[{"embeddable":true,"href":"https:\/\/www.europesays.com\/fr\/wp-json\/wp\/v2\/users\/2"}],"replies":[{"embeddable":true,"href":"https:\/\/www.europesays.com\/fr\/wp-json\/wp\/v2\/comments?post=462426"}],"version-history":[{"count":0,"href":"https:\/\/www.europesays.com\/fr\/wp-json\/wp\/v2\/posts\/462426\/revisions"}],"wp:featuredmedia":[{"embeddable":true,"href":"https:\/\/www.europesays.com\/fr\/wp-json\/wp\/v2\/media\/462427"}],"wp:attachment":[{"href":"https:\/\/www.europesays.com\/fr\/wp-json\/wp\/v2\/media?parent=462426"}],"wp:term":[{"taxonomy":"category","embeddable":true,"href":"https:\/\/www.europesays.com\/fr\/wp-json\/wp\/v2\/categories?post=462426"},{"taxonomy":"post_tag","embeddable":true,"href":"https:\/\/www.europesays.com\/fr\/wp-json\/wp\/v2\/tags?post=462426"}],"curies":[{"name":"wp","href":"https:\/\/api.w.org\/{rel}","templated":true}]}}