{"id":462428,"date":"2025-10-14T13:24:20","date_gmt":"2025-10-14T13:24:20","guid":{"rendered":"https:\/\/www.europesays.com\/fr\/462428\/"},"modified":"2025-10-14T13:24:20","modified_gmt":"2025-10-14T13:24:20","slug":"un-club-de-palet-breton-pres-de-rouen","status":"publish","type":"post","link":"https:\/\/www.europesays.com\/fr\/462428\/","title":{"rendered":"Un club de palet breton pr\u00e8s de Rouen\u00a0!"},"content":{"rendered":"<p class=\"paragraph text_align_left lp-f-body-02\">Comme des gosses, ils se retrouvent sous le pr\u00e9au de l\u2019\u00e9cole Prevel \u00e0 Caudebec-l\u00e8s-Elbeuf <a href=\"https:\/\/www.leparisien.fr\/seine-maritime-76\/la-voile-le-projet-xxl-de-rouen-09-10-2025-GSD7264RJFAOHGN3XKOESYQUUY.php\" target=\"_self\" rel=\"noopener\">(Seine-Maritime)<\/a> le mardi de 18h30 \u00e0 20 heures et le samedi de 10 heures \u00e0 11h30. Ce sont les joueurs de la nouvelle <a href=\"https:\/\/www.facebook.com\/profile.php?id=61577941231635#\" target=\"_self\" rel=\"noopener\">Association sportive de palet 276<\/a> (ASDP 276), contraction des num\u00e9ros des d\u00e9partements de l\u2019Eure et de la Seine-Maritime, fond\u00e9e d\u00e9but septembre par Mathieu De Brito fan de ce sport tr\u00e8s pris\u00e9 en Bretagne et en Vend\u00e9e (Contact : a.s.d.p.276@gmail.com\/06 43 56 33 98)<\/p>\n<p>S\u2019approcher au plus pr\u00e8s du ma\u00eetre<\/p>\n<p class=\"paragraph text_align_left lp-f-body-02\">Le palet breton, dont l\u2019origine remonterait au Moyen \u00c2ge, appara\u00eet dans les f\u00eates populaires autour de Rennes d\u00e8s le XVIe si\u00e8cle. \u00c0 cette \u00e9poque, les joueurs tra\u00e7aient un carr\u00e9 sur le sol et lan\u00e7aient des pierres plates. La version actuelle, avec des palets en fonte et une planche en peuplier de 70 cm sur 70, est apparue au d\u00e9but du XIXe si\u00e8cle et s\u2019est r\u00e9pandue entre les deux guerres mondiales. Apr\u00e8s 1945, les premi\u00e8res comp\u00e9titions ont \u00e9t\u00e9 organis\u00e9es.<\/p>\n<p class=\"paragraph text_align_left lp-f-body-02\">Depuis, le jeu, qui est encore majoritairement pratiqu\u00e9 en Bretagne, a vu son nombre de pratiquants augmenter dans plusieurs d\u00e9partements dont la Mayenne, la Manche, etc. et dans la r\u00e9gion \u00cele-de-France. Cette discipline est encadr\u00e9e par la F\u00e9d\u00e9ration Fran\u00e7aise de Palet Breton sur Planche Bois (F.F.P.P.B.), lanc\u00e9e en 2001.<\/p>\n<p class=\"paragraph text_align_left lp-f-body-02\">\u00ab Le but du jeu, explique Mathieu De Brito, est de lancer des palets en fonte de 130 \u00e0 150 grammes sur une planche en bois plac\u00e9e \u00e0 5 m au plus pr\u00e8s du ma\u00eetre, un palet plus petit. Cela demande de la pr\u00e9cision, car le palet ne roule pas et il ne faut pas sortir de l\u2019espace de la planche. \u00bb<\/p>\n<p class=\"paragraph text_align_left lp-f-body-02\">\u00ab En duo, ajoute le pr\u00e9sident de l\u2019ASDP 276, chaque joueur dispose de quatre palets qu\u2019il lance deux par deux. En doublette, chaque joueur dispose de deux palets qu\u2019il lance un par un. Le joueur dont le palet est le plus pr\u00e8s remporte le point. Pour gagner le match, il faut obtenir treize points. \u00bb<\/p>\n<p>Apr\u00e8s le barbecue, la comp\u00e9tition<\/p>\n<p class=\"paragraph text_align_left lp-f-body-02\">Mathieu De Brito a d\u00e9couvert ce jeu il y a une quinzaine d\u2019ann\u00e9es, lors d\u2019un s\u00e9jour dans la Creuse. Depuis, il le pratique r\u00e9guli\u00e8rement avec sa famille et ses amis : \u00ab Je l\u2019appr\u00e9cie particuli\u00e8rement comme divertissement entre l\u2019ap\u00e9ritif et le barbecue. Le mat\u00e9riel est facilement accessible et le jeu peut se pratiquer aussi bien en int\u00e9rieur qu\u2019en ext\u00e9rieur. \u00bb<\/p>\n<p class=\"paragraph text_align_left lp-f-body-02\">L\u2019objectif principal est de permettre aux passionn\u00e9s de se rencontrer, ce qui semble fonctionner puisque plus de 30 adh\u00e9rents se sont inscrits depuis septembre. Le club fonctionnera sous cette forme jusqu\u2019\u00e0 la fin de l\u2019ann\u00e9e, date \u00e0 laquelle une r\u00e9flexion sera men\u00e9e quant \u00e0 une \u00e9ventuelle participation aux comp\u00e9titions pour rejoindre ainsi les quatre autres clubs normands du Calvados et de l\u2019Orne. Pour l\u2019heure, l\u2019accent est mis sur le plaisir du jeu.<\/p>\n","protected":false},"excerpt":{"rendered":"Comme des gosses, ils se retrouvent sous le pr\u00e9au de l\u2019\u00e9cole Prevel \u00e0 Caudebec-l\u00e8s-Elbeuf (Seine-Maritime) le mardi de&hellip;\n","protected":false},"author":2,"featured_media":462429,"comment_status":"","ping_status":"","sticky":false,"template":"","format":"standard","meta":{"footnotes":""},"categories":[9587],"tags":[1111,917,11,459,1777,674,1011,27,12,5161,25,9590,11074,104],"class_list":{"0":"post-462428","1":"post","2":"type-post","3":"status-publish","4":"format-standard","5":"has-post-thumbnail","7":"category-rouen","8":"tag-actu","9":"tag-actu-locale","10":"tag-actualites","11":"tag-departements-horsidfo","12":"tag-eu","13":"tag-europe","14":"tag-fr","15":"tag-france","16":"tag-news","17":"tag-normandie","18":"tag-republique-francaise","19":"tag-rouen","20":"tag-seine-maritime-76","21":"tag-societe"},"share_on_mastodon":{"url":"https:\/\/pubeurope.com\/@fr\/115372744224280023","error":""},"_links":{"self":[{"href":"https:\/\/www.europesays.com\/fr\/wp-json\/wp\/v2\/posts\/462428","targetHints":{"allow":["GET"]}}],"collection":[{"href":"https:\/\/www.europesays.com\/fr\/wp-json\/wp\/v2\/posts"}],"about":[{"href":"https:\/\/www.europesays.com\/fr\/wp-json\/wp\/v2\/types\/post"}],"author":[{"embeddable":true,"href":"https:\/\/www.europesays.com\/fr\/wp-json\/wp\/v2\/users\/2"}],"replies":[{"embeddable":true,"href":"https:\/\/www.europesays.com\/fr\/wp-json\/wp\/v2\/comments?post=462428"}],"version-history":[{"count":0,"href":"https:\/\/www.europesays.com\/fr\/wp-json\/wp\/v2\/posts\/462428\/revisions"}],"wp:featuredmedia":[{"embeddable":true,"href":"https:\/\/www.europesays.com\/fr\/wp-json\/wp\/v2\/media\/462429"}],"wp:attachment":[{"href":"https:\/\/www.europesays.com\/fr\/wp-json\/wp\/v2\/media?parent=462428"}],"wp:term":[{"taxonomy":"category","embeddable":true,"href":"https:\/\/www.europesays.com\/fr\/wp-json\/wp\/v2\/categories?post=462428"},{"taxonomy":"post_tag","embeddable":true,"href":"https:\/\/www.europesays.com\/fr\/wp-json\/wp\/v2\/tags?post=462428"}],"curies":[{"name":"wp","href":"https:\/\/api.w.org\/{rel}","templated":true}]}}