{"id":462432,"date":"2025-10-14T13:26:19","date_gmt":"2025-10-14T13:26:19","guid":{"rendered":"https:\/\/www.europesays.com\/fr\/462432\/"},"modified":"2025-10-14T13:26:19","modified_gmt":"2025-10-14T13:26:19","slug":"un-choc-delocalise-a-rennes","status":"publish","type":"post","link":"https:\/\/www.europesays.com\/fr\/462432\/","title":{"rendered":"un choc d\u00e9localis\u00e9 \u00e0 Rennes ?"},"content":{"rendered":"<p>Le choc de la 11e journ\u00e9e de Pro D2 entre le\u00a0<strong>RC Vannes<\/strong>\u00a0et le\u00a0<strong>FC Grenoble<\/strong>, pr\u00e9vu le\u00a0<strong>dimanche 16 novembre<\/strong>, pourrait bien se d\u00e9rouler dans un cadre inhabituel. <a href=\"https:\/\/www.ouest-france.fr\/sport\/rugby\/rugby-club-vannes\/rugby-le-choc-de-pro-d2-rc-vannes-grenoble-delocalise-a-rennes-des-discussions-en-cours-b28e9160-a8d7-11f0-a84e-0a4f72002724\" target=\"_blank\" rel=\"noopener\">Selon plusieurs sources concordantes,<\/a> la rencontre devrait \u00eatre\u00a0<strong>d\u00e9localis\u00e9e au Roazhon Park<\/strong>, l\u2019enceinte du Stade Rennais, pour offrir au public breton une soir\u00e9e d\u2019exception.<\/p>\n<p>L\u2019affiche,\u00a0<strong>programm\u00e9e \u00e0 21 heures<\/strong>, constituera l\u2019un des \u00e9v\u00e9nements rugby les plus attendus de l\u2019automne, opposant deux formations ambitieuses du championnat, finalistes du dernier exercice.<\/p>\n<p>Mais cet horaire tardif du dimanche soir interroge, voire irrite, nombre de supporters, peu enclins \u00e0 rentrer sur les routes \u00e0 minuit pass\u00e9.<\/p>\n<p><strong>Un pari d\u2019affluence ambitieux<\/strong><\/p>\n<p>Cette d\u00e9localisation permettrait au RCV d\u2019augmenter consid\u00e9rablement sa capacit\u00e9 d\u2019accueil :\u00a0<strong>pr\u00e8s de 30 000 places<\/strong>\u00a0au Roazhon Park contre\u00a0<strong>11 300<\/strong>\u00a0\u00e0 La Rabine.<br \/>Le club morbihannais, soutenu par l\u2019un des publics les plus fervents de France, pourrait ainsi battre son record d\u2019affluence \u2013 \u00e9tabli \u00e0\u00a0<strong>17 000 spectateurs<\/strong>\u00a0lors d\u2019un match amical \u00e0 Guingamp face \u00e0 Toulouse en ao\u00fbt dernier.<br \/>Une belle vitrine pour le rugby breton, et une occasion rare de voir un stade de football se transformer, le temps d\u2019une soir\u00e9e, en temple de l\u2019ovalie.<\/p>\n<p>Si la perspective d\u2019un Roazhon Park plein \u00e0 craquer fait r\u00eaver les dirigeants,\u00a0<strong>le choix du dimanche soir \u00e0 21h<\/strong> laisse un go\u00fbt amer \u00e0 beaucoup de fans. Entre\u00a0<strong>les 109 kilom\u00e8tres<\/strong>\u00a0qui s\u00e9parent Rennes de Vannes et le retour tardif, la logistique promet d\u2019\u00eatre compliqu\u00e9e pour les familles, les clubs amateurs et les habitu\u00e9s de La Rabine.<br \/>\u00ab C\u2019est un bel \u00e9v\u00e9nement, mais un horaire pareil, c\u2019est une punition pour ceux qui travaillent le lundi \u00bb, confie un abonn\u00e9 vannetais.<\/p>\n<p>Le rugby de Pro D2, historiquement enracin\u00e9 dans la convivialit\u00e9 du week-end, semble c\u00e9der ici aux exigences de la t\u00e9l\u00e9vision, au d\u00e9triment du public local.<\/p>\n<p><strong>Des discussions encore en cours<\/strong><\/p>\n<p>Si la\u00a0<strong>Ligue nationale de rugby (LNR)<\/strong>\u00a0a officialis\u00e9 la programmation du match \u00e0 21h, la\u00a0<strong>d\u00e9localisation \u00e0 Rennes<\/strong> n\u2019est pas encore totalement act\u00e9e.<\/p>\n<p>Les n\u00e9gociations entre le\u00a0<strong>RC Vannes<\/strong>\u00a0et le\u00a0<strong>Stade Rennais<\/strong>\u00a0portent encore sur plusieurs points :\u00a0<strong>conditions d\u2019exploitation du stade, entra\u00eenements sur place, aspects financiers et accueil du public<\/strong>.<br \/>La d\u00e9cision d\u00e9finitive devrait tomber d\u2019ici la fin de la semaine.<\/p>\n<p>Ce week-end-l\u00e0,\u00a0<strong>aucun match de Ligue 1<\/strong>\u00a0ne sera programm\u00e9, la comp\u00e9tition observant une\u00a0<strong>pause internationale<\/strong>. Le Stade Rennais ne retrouvera sa pelouse que le\u00a0<strong>22 novembre<\/strong> face \u00e0 Monaco, ce qui laisse une fen\u00eatre id\u00e9ale pour accueillir le rugby breton.<\/p>\n<p>Un symbole fort de coop\u00e9ration entre clubs de Bretagne, m\u00eame si la symbolique ne suffit pas toujours \u00e0 apaiser la frustration d\u2019un public vannetais fid\u00e8le et attach\u00e9 \u00e0 sa ville.<\/p>\n<p>Le RC Vannes, qui affiche complet \u00e0 chaque match depuis plus de deux ans, cherche naturellement \u00e0\u00a0<strong>accompagner sa mont\u00e9e en puissance<\/strong> par une exposition plus large. Mais cette op\u00e9ration, si elle se confirme, pose une question de fond :\u00a0<strong>faut-il privil\u00e9gier l\u2019affluence et les cam\u00e9ras, ou le lien charnel entre un club et son public ?<\/strong><\/p>\n<p style=\"text-align: justify;\">Illustration : DR<\/p>\n<p style=\"text-align: justify;\">[cc] Article relu et corrig\u00e9 (orthographe, syntaxe) par ChatGPT.<\/p>\n<p style=\"text-align: justify;\">Breizh-info.com, 2025, d\u00e9p\u00eaches libres de copie et de diffusion sous r\u00e9serve de mention et de lien vers la source d\u2019origine<\/p>\n","protected":false},"excerpt":{"rendered":"Le choc de la 11e journ\u00e9e de Pro D2 entre le\u00a0RC Vannes\u00a0et le\u00a0FC Grenoble, pr\u00e9vu le\u00a0dimanche 16 novembre,&hellip;\n","protected":false},"author":2,"featured_media":158085,"comment_status":"","ping_status":"","sticky":false,"template":"","format":"standard","meta":{"footnotes":""},"categories":[9566],"tags":[1111,11,2430,1777,674,1011,27,2731,12,3164,25,479],"class_list":{"0":"post-462432","1":"post","2":"type-post","3":"status-publish","4":"format-standard","5":"has-post-thumbnail","7":"category-grenoble","8":"tag-actu","9":"tag-actualites","10":"tag-auvergne-rhone-alpes","11":"tag-eu","12":"tag-europe","13":"tag-fr","14":"tag-france","15":"tag-grenoble","16":"tag-news","17":"tag-rc-vannes","18":"tag-republique-francaise","19":"tag-rugby"},"share_on_mastodon":{"url":"https:\/\/pubeurope.com\/@fr\/115372751800677322","error":""},"_links":{"self":[{"href":"https:\/\/www.europesays.com\/fr\/wp-json\/wp\/v2\/posts\/462432","targetHints":{"allow":["GET"]}}],"collection":[{"href":"https:\/\/www.europesays.com\/fr\/wp-json\/wp\/v2\/posts"}],"about":[{"href":"https:\/\/www.europesays.com\/fr\/wp-json\/wp\/v2\/types\/post"}],"author":[{"embeddable":true,"href":"https:\/\/www.europesays.com\/fr\/wp-json\/wp\/v2\/users\/2"}],"replies":[{"embeddable":true,"href":"https:\/\/www.europesays.com\/fr\/wp-json\/wp\/v2\/comments?post=462432"}],"version-history":[{"count":0,"href":"https:\/\/www.europesays.com\/fr\/wp-json\/wp\/v2\/posts\/462432\/revisions"}],"wp:featuredmedia":[{"embeddable":true,"href":"https:\/\/www.europesays.com\/fr\/wp-json\/wp\/v2\/media\/158085"}],"wp:attachment":[{"href":"https:\/\/www.europesays.com\/fr\/wp-json\/wp\/v2\/media?parent=462432"}],"wp:term":[{"taxonomy":"category","embeddable":true,"href":"https:\/\/www.europesays.com\/fr\/wp-json\/wp\/v2\/categories?post=462432"},{"taxonomy":"post_tag","embeddable":true,"href":"https:\/\/www.europesays.com\/fr\/wp-json\/wp\/v2\/tags?post=462432"}],"curies":[{"name":"wp","href":"https:\/\/api.w.org\/{rel}","templated":true}]}}