{"id":462459,"date":"2025-10-14T13:40:29","date_gmt":"2025-10-14T13:40:29","guid":{"rendered":"https:\/\/www.europesays.com\/fr\/462459\/"},"modified":"2025-10-14T13:40:29","modified_gmt":"2025-10-14T13:40:29","slug":"psg-losc-et-ol-obtiennent-le-label-dor-de-la-restauration","status":"publish","type":"post","link":"https:\/\/www.europesays.com\/fr\/462459\/","title":{"rendered":"PSG, LOSC et OL obtiennent le label d&rsquo;or de la restauration"},"content":{"rendered":"<p><img fetchpriority=\"high\" decoding=\"async\" width=\"620\" height=\"413\" src=\"https:\/\/www.europesays.com\/fr\/wp-content\/uploads\/2025\/10\/Labels-or-restauration-lfp-620x413.jpg\" alt=\"PSG, LOSC et OL obtiennent le label d'or de la restauration\" class=\"wp-image-381610\"  \/>Les laur\u00e9ats du label or des Labels de la Restauration.<\/p>\n<p>La Ligue de Football Professionnel a organis\u00e9 ce lundi; la c\u00e9r\u00e9monie de remise des Labels Restauration pour les clubs de Ligue <a href=\"https:\/\/sportune.20minutes.fr\/ligue-1-l1\" rel=\"nofollow noopener\" target=\"_blank\">Ligue 1<\/a> et de <a href=\"https:\/\/sportune.20minutes.fr\/ligue-2-l2\" rel=\"nofollow noopener\" target=\"_blank\">Ligue 2<\/a>. Pour cette troisi\u00e8me \u00e9dition, 21 clubs ont \u00e9t\u00e9 r\u00e9compens\u00e9s selon trois niveaux d\u2019excellence.<\/p>\n<p>Le label d\u2019or, niveau le plus \u00e9lev\u00e9 de la distinction, a \u00e9t\u00e9 attribu\u00e9 \u00e0 trois clubs : l\u2019<a href=\"https:\/\/sportune.20minutes.fr\/olympique-lyonnais-ol\" rel=\"nofollow noopener\" target=\"_blank\">Olympique Lyonnais<\/a>, le <a href=\"https:\/\/sportune.20minutes.fr\/paris-saint-germain-psg\" rel=\"nofollow noopener\" target=\"_blank\">Paris Saint-Germain<\/a> et le <a href=\"https:\/\/sportune.20minutes.fr\/losc-lille-losc\" rel=\"nofollow noopener\" target=\"_blank\">LOSC Lille<\/a>. Cette r\u00e9compense reconna\u00eet la qualit\u00e9 sup\u00e9rieure de leur offre de restauration grand public dans leurs enceintes respectives. Le label argent a \u00e9t\u00e9 d\u00e9cern\u00e9 \u00e0 treize formations : <a href=\"https:\/\/sportune.20minutes.fr\/rc-strasbourg-rcsa\" rel=\"nofollow noopener\" target=\"_blank\">RC Strasbourg Alsace<\/a>, <a href=\"https:\/\/sportune.20minutes.fr\/ogc-nice-ogcn\" rel=\"nofollow noopener\" target=\"_blank\">OGC Nice<\/a>, <a href=\"https:\/\/sportune.20minutes.fr\/olympique-de-marseille-om\" rel=\"nofollow noopener\" target=\"_blank\">Olympique de Marseille<\/a>, <a href=\"https:\/\/sportune.20minutes.fr\/pau-fc\" rel=\"nofollow noopener\" target=\"_blank\">Pau FC<\/a>, <a href=\"https:\/\/sportune.20minutes.fr\/le-havre-ac-hac\" rel=\"nofollow noopener\" target=\"_blank\">Le Havre AC<\/a>, <a href=\"https:\/\/sportune.20minutes.fr\/fc-nantes\" rel=\"nofollow noopener\" target=\"_blank\">FC Nantes<\/a>, <a href=\"https:\/\/sportune.20minutes.fr\/as-saint-etienne-asse\" rel=\"nofollow noopener\" target=\"_blank\">AS Saint-Etienne<\/a>, <a href=\"https:\/\/sportune.20minutes.fr\/stade-de-reims\" rel=\"nofollow noopener\" target=\"_blank\">Stade de Reims<\/a>, <a href=\"https:\/\/sportune.20minutes.fr\/estac-troyes\" rel=\"nofollow noopener\" target=\"_blank\">ESTAC Troyes<\/a> et <a href=\"https:\/\/sportune.20minutes.fr\/toulouse-fc-tfc\" rel=\"nofollow noopener\" target=\"_blank\">Toulouse FC<\/a>. Et huit clubs ont obtenu le label bronze : <a href=\"https:\/\/sportune.20minutes.fr\/stade-rennais-srfc\" rel=\"nofollow noopener\" target=\"_blank\">Stade Rennais<\/a>, <a href=\"https:\/\/sportune.20minutes.fr\/fc-annecy\" rel=\"nofollow noopener\" target=\"_blank\">FC Annecy<\/a>, <a href=\"https:\/\/sportune.20minutes.fr\/fc-lorient\" rel=\"nofollow noopener\" target=\"_blank\">FC Lorient<\/a>, <a href=\"https:\/\/sportune.20minutes.fr\/montpellier-hsc-mhsc\" rel=\"nofollow noopener\" target=\"_blank\">Montpellier HSC<\/a>, <a href=\"https:\/\/sportune.20minutes.fr\/amiens-sc\" rel=\"nofollow noopener\" target=\"_blank\">Amiens SC<\/a>, <a href=\"https:\/\/sportune.20minutes.fr\/grenoble-foot-38-gf38\" rel=\"nofollow noopener\" target=\"_blank\">Grenoble Foot 38<\/a>, <a href=\"https:\/\/sportune.20minutes.fr\/fc-metz\" rel=\"nofollow noopener\" target=\"_blank\">FC Metz<\/a> et <a href=\"https:\/\/sportune.20minutes.fr\/rc-lens\" rel=\"nofollow noopener\" target=\"_blank\">RC Lens<\/a>.<\/p>\n<p>Cr\u00e9\u00e9 pour r\u00e9compenser et valoriser le travail des clubs en mati\u00e8re de restauration grand public, le Label Restauration \u00e9value annuellement plusieurs crit\u00e8res : les infrastructures, les services, l\u2019hygi\u00e8ne, l\u2019\u00e9coresponsabilit\u00e9, la satisfaction client et la qualit\u00e9 des offres propos\u00e9es. Cette \u00e9valuation est par ailleurs int\u00e9gr\u00e9e dans la Licence Club qui compte pour l\u2019un des crit\u00e8res de la r\u00e9partition finale des droits TV au b\u00e9n\u00e9fice des clubs.<\/p>\n","protected":false},"excerpt":{"rendered":"Les laur\u00e9ats du label or des Labels de la Restauration. La Ligue de Football Professionnel a organis\u00e9 ce&hellip;\n","protected":false},"author":2,"featured_media":462460,"comment_status":"","ping_status":"","sticky":false,"template":"","format":"standard","meta":{"footnotes":""},"categories":[2815],"tags":[1111,11,1777,674,1011,27,811,1307,2267,12,241,93,25,39650],"class_list":{"0":"post-462459","1":"post","2":"type-post","3":"status-publish","4":"format-standard","5":"has-post-thumbnail","7":"category-lille","8":"tag-actu","9":"tag-actualites","10":"tag-eu","11":"tag-europe","12":"tag-fr","13":"tag-france","14":"tag-hauts-de-france","15":"tag-lille","16":"tag-losc","17":"tag-news","18":"tag-ol","19":"tag-psg","20":"tag-republique-francaise","21":"tag-yahoo"},"share_on_mastodon":{"url":"https:\/\/pubeurope.com\/@fr\/115372806900995970","error":""},"_links":{"self":[{"href":"https:\/\/www.europesays.com\/fr\/wp-json\/wp\/v2\/posts\/462459","targetHints":{"allow":["GET"]}}],"collection":[{"href":"https:\/\/www.europesays.com\/fr\/wp-json\/wp\/v2\/posts"}],"about":[{"href":"https:\/\/www.europesays.com\/fr\/wp-json\/wp\/v2\/types\/post"}],"author":[{"embeddable":true,"href":"https:\/\/www.europesays.com\/fr\/wp-json\/wp\/v2\/users\/2"}],"replies":[{"embeddable":true,"href":"https:\/\/www.europesays.com\/fr\/wp-json\/wp\/v2\/comments?post=462459"}],"version-history":[{"count":0,"href":"https:\/\/www.europesays.com\/fr\/wp-json\/wp\/v2\/posts\/462459\/revisions"}],"wp:featuredmedia":[{"embeddable":true,"href":"https:\/\/www.europesays.com\/fr\/wp-json\/wp\/v2\/media\/462460"}],"wp:attachment":[{"href":"https:\/\/www.europesays.com\/fr\/wp-json\/wp\/v2\/media?parent=462459"}],"wp:term":[{"taxonomy":"category","embeddable":true,"href":"https:\/\/www.europesays.com\/fr\/wp-json\/wp\/v2\/categories?post=462459"},{"taxonomy":"post_tag","embeddable":true,"href":"https:\/\/www.europesays.com\/fr\/wp-json\/wp\/v2\/tags?post=462459"}],"curies":[{"name":"wp","href":"https:\/\/api.w.org\/{rel}","templated":true}]}}