{"id":462461,"date":"2025-10-14T13:41:13","date_gmt":"2025-10-14T13:41:13","guid":{"rendered":"https:\/\/www.europesays.com\/fr\/462461\/"},"modified":"2025-10-14T13:41:13","modified_gmt":"2025-10-14T13:41:13","slug":"petite-enfance-a-marseille-10-ans-devolution-des-modes-de-garde","status":"publish","type":"post","link":"https:\/\/www.europesays.com\/fr\/462461\/","title":{"rendered":"Petite enfance \u00e0 Marseille, 10 ans d\u2019\u00e9volution des modes de garde"},"content":{"rendered":"<p>                    <img loading=\"lazy\" decoding=\"async\" src=\"https:\/\/www.europesays.com\/fr\/wp-content\/uploads\/2025\/10\/0d23ca1a39714cfb6b86e8199864f7.png\" class=\"img-responsive post-image\" width=\"680\" height=\"510\" alt=\"Petite enfance \u00e0 Marseill\" title=\"Petite enfance \u00e0 Marseille, 10 ans d'\u00e9volution des modes de garde\"\/><\/p>\n<p class=\"chapo\">En France, l\u2019accueil individuel et collectif des enfants de moins de trois ans rev\u00eat une importance capitale pour les familles. \u00c0 Marseille, comme dans de nombreuses autres villes, la disponibilit\u00e9 et la qualit\u00e9 des modes de garde suscitent des pr\u00e9occupations majeures.<\/p>\n<p>Dans ce contexte, la connaissance fine de l\u2019offre d\u2019accueil, tous modes confondus, est une n\u00e9cessit\u00e9 pour appuyer les politiques publiques de d\u00e9ploiement de l\u2019offre. Depuis une d\u00e9cennie, les \u00e9tudes men\u00e9es dans le cadre du partenariat entre l\u2019AGAM et l\u2019observatoire de la petite enfance de la ville de Marseille jouent un r\u00f4le essentiel dans la planification territoriale de l\u2019accueil des tout-petits. Elles permettent d\u2019identifier les zones d\u00e9ficitaires, favorisant ainsi une meilleure r\u00e9partition des services et des recommandations adapt\u00e9es aux besoins des familles. <strong>Dix ans d\u2019observation, le recul est suffisant pour faire un premier bilan de l\u2019\u00e9volution de l\u2019offre d\u2019accueil mais aussi du recours des familles \u00e0 la garde collective ou individuelle.<\/strong><\/p>\n<p>Durant les dix derni\u00e8res ann\u00e9es, le visage de l\u2019offre d\u2019accueil des 0-2 ans \u00e0 Marseille a chang\u00e9. La capacit\u00e9 th\u00e9orique d\u2019accueil a augment\u00e9 de 5 points et en 2024 c\u2019est 1 enfant sur deux de moins de trois ans qui peut \u00eatre accueilli dans un mode d\u2019accueil formel (accueil en \u00e9tablissement public ou priv\u00e9, accueil chez des assistantes maternelles.<\/p>\n<p>2 500 berceaux<\/p>\n<p>Cette progression est essentiellement due \u00e0 une forte augmentation de l\u2019offre d\u2019accueil collectif. 2 500 berceaux ont \u00e9t\u00e9 cr\u00e9\u00e9s portant la capacit\u00e9 th\u00e9orique d\u2019accueil de 23 berceaux pour 100 enfants \u00e0 30 berceaux pour 100 enfants. Cent trente-huit \u00e9tablissements se sont install\u00e9s \u00e0 Marseille en dix ans, tr\u00e8s majoritairement des micro-cr\u00e8ches priv\u00e9es (81o\/o des \u00e9tablissements nouveaux). Le poids important des structures priv\u00e9es a minimis\u00e9 la cr\u00e9ation de places suppl\u00e9mentaires (10 \u00e0 12 places par \u00e9tablissements). L\u2019offre d\u2019accueil individuel a recul\u00e9 entre 2014 et 2024, dans les m\u00eames proportions que ce qui est observ\u00e9 au niveau national. Marseille a perdu 600 assistantes maternelles et 1700 agr\u00e9ments en dix ans.<\/p>\n<p><strong>La progression de l\u2019offre d\u2019accueil collectif permet de compenser la baisse de l\u2019offre en agr\u00e9ments chez les assistantes maternelles.<\/strong><\/p>\n<p><strong>L\u2019accueil collectif devient le premier mode d\u2019accueil \u00e0 Marseille. <\/strong> Le r\u00f4le jou\u00e9 par les structures associatives pour \u00e9quilibrer une offre \u00e0 destination des familles les moins favoris\u00e9e est primordial. Face \u00e0 la mont\u00e9e des cr\u00e8ches priv\u00e9es (qui sont les plus nombreuses en \u00e9tablissements), le mod\u00e8le de la cr\u00e8che publique doit apporter des r\u00e9ponses pour mieux coller au besoin des familles. La cr\u00e9ation de nouveaux \u00e9quipements doit s\u2019accompagner d\u2019une recherche d\u2019une efficacit\u00e9 maximale des cr\u00e8ches publiques, notamment les cr\u00e8ches municipales. Un red\u00e9ploiement partiel de l\u2019offre municipale pourrait \u00eatre un \u00e9l\u00e9ment de r\u00e9ponse. Le contexte de baisse de la natalit\u00e9 et la perte d\u2019attractivit\u00e9 des m\u00e9tiers de la petite enfance renforcent le challenge pour anticiper les modes d\u2019accueil de demain.<\/p>\n<p>1 700 enfants<\/p>\n<p>Le nombre d\u2019admis dans les \u00e9tablissements publics (associatifs et municipaux) a augment\u00e9 plus fortement que le nombre de places. 1 700 enfants de 0-2 ans ont \u00e9t\u00e9 accueillis en plus dans les \u00e9tablissements. <strong>Parall\u00e8lement les inscrits en liste d\u2019attente sont moins nombreux. <\/strong> Les nouveaux crit\u00e8res d\u2019admission en cr\u00e8ches mis en place en 2021 ont \u00e9t\u00e9 suivis d\u2019une progression de l\u2019accueil des 0-2 ans dans des arrondissements o\u00f9 les taux d\u2019accueil \u00e9taient bas. Dans neufs arrondissements sur seize, la cr\u00e9ation de places de cr\u00e8ches s\u2019accompagne d\u2019une augmentation de la demande. Ce sont les arrondissements o\u00f9 l\u2019action publique est la plus efficace. La baisse du nombre d\u2019enfants n\u2019a eu que peu d\u2019impact sur le d\u00e9veloppement de la demande.<\/p>\n<p>L\u2019augmentation du nombre d\u2019admis dans les arrondissements historiquement les moins dispos\u00e9s \u00e0 aller vers l\u2019accueil collectif montre que la politique d\u2019int\u00e9grer des nouveaux crit\u00e8res d\u2019attributions porte ses fruits.  Ces arrondissements restent cependant encore en dessous des valeurs du reste du territoire marseillais. L\u2019adaptation qualitative l\u2019offre (contrat horaire et hebdomadaire, accueil et prise en charge des familles) peut \u00eatre un levier pour mieux r\u00e9pondre aux attentes.<\/p>\n<p>La cr\u00e8che reste un \u00e9quipement de proximit\u00e9. En 2014 comme en 2024, 2 admis sur 3 l\u2019\u00e9taient dans un \u00e9tablissement de leur arrondissement de r\u00e9sidence.<\/p>\n","protected":false},"excerpt":{"rendered":"En France, l\u2019accueil individuel et collectif des enfants de moins de trois ans rev\u00eat une importance capitale pour&hellip;\n","protected":false},"author":2,"featured_media":462462,"comment_status":"","ping_status":"","sticky":false,"template":"","format":"standard","meta":{"footnotes":""},"categories":[2814],"tags":[1111,11,2408,1777,674,1011,27,884,12,882,25],"class_list":{"0":"post-462461","1":"post","2":"type-post","3":"status-publish","4":"format-standard","5":"has-post-thumbnail","7":"category-marseille","8":"tag-actu","9":"tag-actualites","10":"tag-appels-d","11":"tag-eu","12":"tag-europe","13":"tag-fr","14":"tag-france","15":"tag-marseille","16":"tag-news","17":"tag-provence-alpes-cote-dazur","18":"tag-republique-francaise"},"share_on_mastodon":{"url":"","error":""},"_links":{"self":[{"href":"https:\/\/www.europesays.com\/fr\/wp-json\/wp\/v2\/posts\/462461","targetHints":{"allow":["GET"]}}],"collection":[{"href":"https:\/\/www.europesays.com\/fr\/wp-json\/wp\/v2\/posts"}],"about":[{"href":"https:\/\/www.europesays.com\/fr\/wp-json\/wp\/v2\/types\/post"}],"author":[{"embeddable":true,"href":"https:\/\/www.europesays.com\/fr\/wp-json\/wp\/v2\/users\/2"}],"replies":[{"embeddable":true,"href":"https:\/\/www.europesays.com\/fr\/wp-json\/wp\/v2\/comments?post=462461"}],"version-history":[{"count":0,"href":"https:\/\/www.europesays.com\/fr\/wp-json\/wp\/v2\/posts\/462461\/revisions"}],"wp:featuredmedia":[{"embeddable":true,"href":"https:\/\/www.europesays.com\/fr\/wp-json\/wp\/v2\/media\/462462"}],"wp:attachment":[{"href":"https:\/\/www.europesays.com\/fr\/wp-json\/wp\/v2\/media?parent=462461"}],"wp:term":[{"taxonomy":"category","embeddable":true,"href":"https:\/\/www.europesays.com\/fr\/wp-json\/wp\/v2\/categories?post=462461"},{"taxonomy":"post_tag","embeddable":true,"href":"https:\/\/www.europesays.com\/fr\/wp-json\/wp\/v2\/tags?post=462461"}],"curies":[{"name":"wp","href":"https:\/\/api.w.org\/{rel}","templated":true}]}}