{"id":462510,"date":"2025-10-14T14:10:16","date_gmt":"2025-10-14T14:10:16","guid":{"rendered":"https:\/\/www.europesays.com\/fr\/462510\/"},"modified":"2025-10-14T14:10:16","modified_gmt":"2025-10-14T14:10:16","slug":"je-ne-vais-commencer-maintenant","status":"publish","type":"post","link":"https:\/\/www.europesays.com\/fr\/462510\/","title":{"rendered":"Je ne vais commencer maintenant"},"content":{"rendered":"<p><strong>Volont\u00e9 de fer<\/strong>.\u00a0<a href=\"https:\/\/www.journaldesfemmes.fr\/people\/victoria-beckham\/\" title=\"Victoria Beckham\" rel=\"nofollow noopener\" target=\"_blank\">Victoria Beckham<\/a> a r\u00e9v\u00e9l\u00e9 dans la s\u00e9rie documentaire qui lui est consacr\u00e9e, et qui vient de sortir sur Netflix, qu&rsquo;elle n&rsquo;avait pas touch\u00e9 un aliment depuis bien longtemps.\u00a0Dans un \u00e9pisode, son mari David Beckham lui propose une barre chocolat\u00e9e, mais la styliste de 51\u00a0ans\u00a0refuse en commentant : \u00ab\u00a0Je n&rsquo;ai pas touch\u00e9 de chocolat depuis les ann\u00e9es 90.\u00a0Je ne vais pas commencer maintenant\u00a0\u00bb.<\/p>\n","protected":false},"excerpt":{"rendered":"Volont\u00e9 de fer.\u00a0Victoria Beckham a r\u00e9v\u00e9l\u00e9 dans la s\u00e9rie documentaire qui lui est consacr\u00e9e, et qui vient de&hellip;\n","protected":false},"author":2,"featured_media":462511,"comment_status":"","ping_status":"","sticky":false,"template":"","format":"standard","meta":{"footnotes":""},"categories":[1359],"tags":[58674,51761,58,59,52292,1011,27,51766,1031,973,6482],"class_list":{"0":"post-462510","1":"post","2":"type-post","3":"status-publish","4":"format-standard","5":"has-post-thumbnail","7":"category-people","8":"tag-cms-journaldesfemmes-3244064","9":"tag-controller-content","10":"tag-divertissement","11":"tag-entertainment","12":"tag-format-reportage","13":"tag-fr","14":"tag-france","15":"tag-les-histoires-du-jdf","16":"tag-magazine","17":"tag-people","18":"tag-victoria-beckham"},"share_on_mastodon":{"url":"https:\/\/pubeurope.com\/@fr\/115372925165561015","error":""},"_links":{"self":[{"href":"https:\/\/www.europesays.com\/fr\/wp-json\/wp\/v2\/posts\/462510","targetHints":{"allow":["GET"]}}],"collection":[{"href":"https:\/\/www.europesays.com\/fr\/wp-json\/wp\/v2\/posts"}],"about":[{"href":"https:\/\/www.europesays.com\/fr\/wp-json\/wp\/v2\/types\/post"}],"author":[{"embeddable":true,"href":"https:\/\/www.europesays.com\/fr\/wp-json\/wp\/v2\/users\/2"}],"replies":[{"embeddable":true,"href":"https:\/\/www.europesays.com\/fr\/wp-json\/wp\/v2\/comments?post=462510"}],"version-history":[{"count":0,"href":"https:\/\/www.europesays.com\/fr\/wp-json\/wp\/v2\/posts\/462510\/revisions"}],"wp:featuredmedia":[{"embeddable":true,"href":"https:\/\/www.europesays.com\/fr\/wp-json\/wp\/v2\/media\/462511"}],"wp:attachment":[{"href":"https:\/\/www.europesays.com\/fr\/wp-json\/wp\/v2\/media?parent=462510"}],"wp:term":[{"taxonomy":"category","embeddable":true,"href":"https:\/\/www.europesays.com\/fr\/wp-json\/wp\/v2\/categories?post=462510"},{"taxonomy":"post_tag","embeddable":true,"href":"https:\/\/www.europesays.com\/fr\/wp-json\/wp\/v2\/tags?post=462510"}],"curies":[{"name":"wp","href":"https:\/\/api.w.org\/{rel}","templated":true}]}}