{"id":462512,"date":"2025-10-14T14:11:11","date_gmt":"2025-10-14T14:11:11","guid":{"rendered":"https:\/\/www.europesays.com\/fr\/462512\/"},"modified":"2025-10-14T14:11:11","modified_gmt":"2025-10-14T14:11:11","slug":"le-celebre-autoportrait-le-desespere-de-courbet-est-de-nouveau-visible-apres-17-ans-dabsence","status":"publish","type":"post","link":"https:\/\/www.europesays.com\/fr\/462512\/","title":{"rendered":"Le c\u00e9l\u00e8bre autoportrait \u00ab\u00a0Le d\u00e9sesp\u00e9r\u00e9\u00a0\u00bb, de Courbet, est de nouveau visible apr\u00e8s 17 ans d\u2019absence"},"content":{"rendered":"<p>C\u2019\u00e9tait un retour tr\u00e8s attendu\u00a0: le <a href=\"https:\/\/www.20minutes.fr\/dossier\/musee_d_orsay\" class=\"c-link c-link--is-underlined\" target=\"_blank\" rel=\"noopener\">mus\u00e9e d\u2019Orsay<\/a> expose \u00e0 partir de mardi 14\u00a0octobre 2025 <a href=\"https:\/\/fr.wikipedia.org\/wiki\/Le_D%C3%A9sesp%C3%A9r%C3%A9\" rel=\"nofollow noopener\" target=\"_blank\" class=\"c-link c-link--is-underlined\">Le D\u00e9sesp\u00e9r\u00e9<\/a>, c\u00e9l\u00e8bre autoportrait du <a href=\"https:\/\/www.20minutes.fr\/arts-stars\/culture\/2537035-20190610-ornans-macron-celebre-gustave-courbet-vante-pass-culture\" class=\"c-link c-link--is-underlined\" target=\"_blank\" rel=\"noopener\">peintre fran\u00e7ais Gustave Courbet<\/a> qui n\u2019a pas \u00e9t\u00e9 montr\u00e9 au public fran\u00e7ais depuis pr\u00e8s de vingt ans, a appris l\u2019AFP lundi 13\u00a0octobre aupr\u00e8s de l\u2019\u00e9tablissement parisien.<\/p>\n<\/p>\n<p>Une \u0153uvre tr\u00e8s rarement expos\u00e9e<\/p>\n<p>Repr\u00e9sentant un Courbet au regard hallucin\u00e9, ce chef-d\u2019\u0153uvre de\u00a01844\/45 est pr\u00eat\u00e9 \u00e0 Orsay \u2013 pour au moins cinq ans \u2013 par Qatar Museums, l\u2019organisme de d\u00e9veloppement des mus\u00e9es de <a href=\"https:\/\/www.20minutes.fr\/dossier\/qatar\" class=\"c-link c-link--is-underlined\" target=\"_blank\" rel=\"noopener\">l\u2019\u00e9mirat<\/a>, qui en a fait l\u2019acquisition aupr\u00e8s d\u2019un propri\u00e9taire priv\u00e9 \u00e0 une date et pour un montant inconnus.<\/p>\n<p>Mondialement connue mais tr\u00e8s rarement expos\u00e9e, cette huile sur toile de petit format (45\u00d754\u00a0cm) n\u2019a pas \u00e9t\u00e9 montr\u00e9e au public fran\u00e7ais depuis 2007-2008 lors de la r\u00e9trospective consacr\u00e9e \u00e0 ce ma\u00eetre du r\u00e9alisme (1819-1877) \u00e0 <a href=\"https:\/\/www.20minutes.fr\/paris\/\" class=\"c-link c-link--is-underlined\" target=\"_blank\" rel=\"noopener\">Paris<\/a>, <a href=\"https:\/\/www.20minutes.fr\/dossier\/new_york\" class=\"c-link c-link--is-underlined\" target=\"_blank\" rel=\"noopener\">New York<\/a> puis <a href=\"https:\/\/www.20minutes.fr\/montpellier\/\" class=\"c-link c-link--is-underlined\" target=\"_blank\" rel=\"noopener\">Montpellier <\/a>(Sud).<\/p>\n<p>Le \u00ab\u00a0plus hallucin\u00e9\u00a0\u00bb des autoportraits de Courbet<\/p>\n<p>Avant cette grande exposition internationale, ce tableau peint par Courbet alors qu\u2019il n\u2019avait que 25 ans n\u2019avait pas \u00e9t\u00e9 expos\u00e9 depuis la fin des ann\u00e9es\u00a01970, pr\u00e9cise \u00e0 l\u2019AFP le mus\u00e9e d\u2019Orsay, qui compte dans ses collections une trentaine de toiles du peintre fran\u00e7ais, dont Un Enterrement \u00e0 Ornans.<\/p>\n<p class=\"mb-xxl@xs color-ultramarine font-weight-semi-bold@xs font-source-serif-pro heading-s@xs\">L\u2019acc\u00e8s \u00e0 ce contenu a \u00e9t\u00e9 bloqu\u00e9 afin de respecter votre choix de consentement<\/p>\n<p class=\"mb-m@xs text-l@xs\">En cliquant sur\u00ab J\u2019accepte \u00bb, vous acceptez le d\u00e9p\u00f4t de cookies par des services externes et aurez ainsi acc\u00e8s aux contenus de nos partenaires.<\/p>\n<p class=\"mb-xl@xs text-s@xs\">Plus d\u2019informations sur la page<a href=\"https:\/\/www.20minutes.fr\/gestion-cookies\" class=\"mx-xxs@xs color-ultramarine\" target=\"_blank\" rel=\"noopener\">Politique de gestion des cookies<\/a><\/p>\n<p>J\u2019accepte<\/p>\n<p>\u00ab\u00a0Le D\u00e9sesp\u00e9r\u00e9 est unique dans la production d\u2019autoportraits de Courbet parce que c\u2019est le plus hallucin\u00e9, c\u2019est le plus fort en mati\u00e8re d&rsquo;expression des \u00e9motions et des sentiments\u00a0\u00bb, a expliqu\u00e9 \u00e0 l\u2019AFP Paul Perrin, conservateur en chef d\u2019Orsay.<\/p>\n<p>\u00ab\u00a0Une d\u00e9monstration de ma\u00eetrise picturale\u00a0\u00bb<\/p>\n<p>Alors jeune peintre venu de l\u2019est de la France chercher le succ\u00e8s \u00e0 Paris, Courbet s\u2019y repr\u00e9sente les traits d\u00e9figur\u00e9s par l\u2019effroi, la peur ou la folie, se tenant la t\u00eate, les bras et le visage pris dans un clair-obscur bluffant. \u00ab\u00a0C\u2019est vraiment une d\u00e9monstration de <a href=\"https:\/\/www.20minutes.fr\/dossier\/peinture\" class=\"c-link c-link--is-underlined\" target=\"_blank\" rel=\"noopener\">ma\u00eetrise picturale<\/a>\u00a0\u00bb, commente M. Perrin.<\/p>\n<p>Comme d\u2019autres toiles de Courbet, Le D\u00e9sesp\u00e9r\u00e9, \u00e9galement appel\u00e9 Autoportrait de l\u2019artiste ou D\u00e9sespoir, n\u2019a jamais fait partie des collections publiques fran\u00e7aises et il a tr\u00e8s longtemps \u00e9t\u00e9 entre les mains de propri\u00e9taires priv\u00e9s. Le p\u00e8re de la psychanalyse fran\u00e7aise, <a href=\"https:\/\/www.20minutes.fr\/livres\/1222837-20130920-20130914-le-seminaire-volume-6-desir-interpretation-jacques-lacan-chez-martiniere-paris-france\" class=\"c-link c-link--is-underlined\" target=\"_blank\" rel=\"noopener\">Jacques Lacan<\/a>, a ainsi poss\u00e9d\u00e9 <a href=\"https:\/\/www.20minutes.fr\/arts-stars\/culture\/4089941-20240506-centre-pompidou-metz-tableau-origine-monde-gustave-courbet-victime-tag\" class=\"c-link c-link--is-underlined\" target=\"_blank\" rel=\"noopener\">L\u2019Origine du monde, autre chef-d\u2019\u0153uvre de Courbet<\/a>, qui a rejoint les collections du mus\u00e9e d\u2019Orsay en\u00a01995.<\/p>\n<p>Un tableau destin\u00e9 au mus\u00e9e de Doha<\/p>\n<p>L\u2019\u00e9parpillement de l\u2019\u0153uvre de l\u2019artiste tient beaucoup \u00e0 ses p\u00e9rip\u00e9ties judiciaires et politiques\u00a0: condamn\u00e9 en France pour sa participation au <a href=\"https:\/\/www.20minutes.fr\/paris\/diaporama-15064-150-ans-de-la-commune-de-paris-les-premieres-photographies-d-une-ville-barricadee\" class=\"c-link c-link--is-underlined\" target=\"_blank\" rel=\"noopener\">soul\u00e8vement de la Commune de Paris<\/a> (1871), Courbet s\u2019\u00e9tait exil\u00e9 en <a href=\"https:\/\/www.20minutes.fr\/dossier\/suisse\" class=\"c-link c-link--is-underlined\" target=\"_blank\" rel=\"noopener\">Suisse <\/a>pour \u00e9chapper \u00e0 la prison et avait d\u00fb vendre ses toiles pour payer la lourde p\u00e9nalit\u00e9 inflig\u00e9e par la justice.<\/p>\n<p><a href=\"https:\/\/www.20minutes.fr\/dossier\/peinture\" class=\"c-link c-btn c-btn--primary\" target=\"_blank\" rel=\"noopener\">Notre dossier \u00ab Peinture \u00bb<\/a><\/p>\n<p>Au moment de la grande r\u00e9trospective de 2007-2008, Le D\u00e9sesp\u00e9r\u00e9 \u00e9tait la propri\u00e9t\u00e9 de particuliers et <a href=\"https:\/\/www.20minutes.fr\/economie\/bnp_paribas\/\" class=\"c-link c-link--is-underlined\" target=\"_blank\" rel=\"noopener\">BNP Paribas<\/a> en a facilit\u00e9 le pr\u00eat, a pr\u00e9cis\u00e9 une source proche du dossier \u00e0 l\u2019AFP. Les Qataris en ont fait ensuite l\u2019acquisition pour l\u2019exposer dans leur futur Art Mill Museum de <a href=\"https:\/\/www.20minutes.fr\/dossier\/doha\" class=\"c-link c-link--is-underlined\" target=\"_blank\" rel=\"noopener\">Doha<\/a>, dont la construction doit \u00eatre achev\u00e9e \u00e0 l\u2019horizon\u00a02030.<\/p>\n","protected":false},"excerpt":{"rendered":"C\u2019\u00e9tait un retour tr\u00e8s attendu\u00a0: le mus\u00e9e d\u2019Orsay expose \u00e0 partir de mardi 14\u00a0octobre 2025 Le D\u00e9sesp\u00e9r\u00e9, c\u00e9l\u00e8bre&hellip;\n","protected":false},"author":2,"featured_media":462513,"comment_status":"","ping_status":"","sticky":false,"template":"","format":"standard","meta":{"footnotes":""},"categories":[1358],"tags":[3734,1348,1384,1385,14981,16640,251,1386,58,20468,59,3293,1011,27,662,3048,1651,415,21832,626,1585,1463,3067,133],"class_list":{"0":"post-462512","1":"post","2":"type-post","3":"status-publish","4":"format-standard","5":"has-post-thumbnail","7":"category-arts-et-design","8":"tag-art","9":"tag-arts","10":"tag-arts-and-design","11":"tag-arts-et-design","12":"tag-beaux-arts","13":"tag-bnp-paribas","14":"tag-culture","15":"tag-design","16":"tag-divertissement","17":"tag-doha","18":"tag-entertainment","19":"tag-exposition","20":"tag-fr","21":"tag-france","22":"tag-ile-de-france","23":"tag-musee","24":"tag-musee-dorsay","25":"tag-new-york","26":"tag-oeuvre-dart","27":"tag-paris","28":"tag-peinture","29":"tag-qatar","30":"tag-suisse","31":"tag-video"},"share_on_mastodon":{"url":"https:\/\/pubeurope.com\/@fr\/115372928822291295","error":""},"_links":{"self":[{"href":"https:\/\/www.europesays.com\/fr\/wp-json\/wp\/v2\/posts\/462512","targetHints":{"allow":["GET"]}}],"collection":[{"href":"https:\/\/www.europesays.com\/fr\/wp-json\/wp\/v2\/posts"}],"about":[{"href":"https:\/\/www.europesays.com\/fr\/wp-json\/wp\/v2\/types\/post"}],"author":[{"embeddable":true,"href":"https:\/\/www.europesays.com\/fr\/wp-json\/wp\/v2\/users\/2"}],"replies":[{"embeddable":true,"href":"https:\/\/www.europesays.com\/fr\/wp-json\/wp\/v2\/comments?post=462512"}],"version-history":[{"count":0,"href":"https:\/\/www.europesays.com\/fr\/wp-json\/wp\/v2\/posts\/462512\/revisions"}],"wp:featuredmedia":[{"embeddable":true,"href":"https:\/\/www.europesays.com\/fr\/wp-json\/wp\/v2\/media\/462513"}],"wp:attachment":[{"href":"https:\/\/www.europesays.com\/fr\/wp-json\/wp\/v2\/media?parent=462512"}],"wp:term":[{"taxonomy":"category","embeddable":true,"href":"https:\/\/www.europesays.com\/fr\/wp-json\/wp\/v2\/categories?post=462512"},{"taxonomy":"post_tag","embeddable":true,"href":"https:\/\/www.europesays.com\/fr\/wp-json\/wp\/v2\/tags?post=462512"}],"curies":[{"name":"wp","href":"https:\/\/api.w.org\/{rel}","templated":true}]}}