{"id":462516,"date":"2025-10-14T14:13:11","date_gmt":"2025-10-14T14:13:11","guid":{"rendered":"https:\/\/www.europesays.com\/fr\/462516\/"},"modified":"2025-10-14T14:13:11","modified_gmt":"2025-10-14T14:13:11","slug":"cap-sur-malte-et-la-republique-tcheque-pour-la-comtesse-de-monte-cristo-avec-audrey-fleurot","status":"publish","type":"post","link":"https:\/\/www.europesays.com\/fr\/462516\/","title":{"rendered":"Cap sur Malte et la R\u00e9publique tch\u00e8que pour La Comtesse de Monte Cristo avec Audrey Fleurot"},"content":{"rendered":"<p>\n    Le tournage de la nouvelle s\u00e9rie de l\u2019h\u00e9ro\u00efne d\u2019HPI, qu\u2019elle coproduit avec TF1, d\u00e9bute aujourd\u2019hui. Une autre vision de l\u2019\u0153uvre d\u2019Alexandre Dumas.<\/p>\n<p class=\"fig-paragraph\">Direction Malte et la R\u00e9publique tch\u00e8que pour<a href=\"https:\/\/www.lefigaro.fr\/tag\/audrey-fleurot\" target=\"_blank\" rel=\"sponsored noopener nofollow\" data-gtm-custom-categorie=\"navigation\" data-gtm-custom-action=\"crossclick\" data-gtm-custom-label=\"Contextuel\" data-gtm-event=\"customEventSPE\">\u00a0Audrey Fleurot<\/a>. Le tournage de La Comtesse de Monte Cristo, sa nouvelle s\u00e9rie pour<a href=\"https:\/\/tvmag.lefigaro.fr\/programme-tv\/chaine\/192\/tous-les-programmes-de-tf1\" target=\"_blank\" rel=\"sponsored noopener nofollow\" data-gtm-custom-categorie=\"navigation\" data-gtm-custom-action=\"crossclick\" data-gtm-custom-label=\"Contextuel\" data-gtm-event=\"customEventSPE\">\u00a0TF1<\/a>, pr\u00e9vu sur plusieurs mois et jusqu\u2019en 2027, d\u00e9bute aujourd\u2019hui.<\/p>\n<p class=\"fig-paragraph\">L\u2019occasion pour la com\u00e9dienne de d\u00e9fendre une autre vision du roman d\u2019<a href=\"https:\/\/www.lefigaro.fr\/tag\/alexandre-dumas\" target=\"_blank\" rel=\"sponsored noopener nofollow\" data-gtm-custom-categorie=\"navigation\" data-gtm-custom-action=\"crossclick\" data-gtm-custom-label=\"Contextuel\" data-gtm-event=\"customEventSPE\">Alexandre Dumas<\/a>\u00a0: \u00abLe comte est un personnage toujours un peu noir, sombre, nous confiait-elle mi-septembre. C\u2019est la vengeance d\u2019un superh\u00e9ros dont le superpouvoir est l\u2019argent. Je ne trouve pas \u00e7a g\u00e9nial comme discours\u00a0! Nous, nous voulons une grande fresque lumineuse. Nous sommes par ailleurs hyperproches de l\u2019histoire originale car la s\u00e9rie permet de mettre en avant de nombreux \u00e9pisodes du livre jamais montr\u00e9s au cin\u00e9ma faute de temps. Avec 8&#215;52 minutes, l\u2019aspect Mille et une nuits du roman est mis en avant. Il faut enfin justifier la f\u00e9minisation du personnage. \u00c7a apporte un \u00e9clairage nouveau sur ce r\u00e9cit que tout le monde conna\u00eet par c\u0153ur.\u00bb<\/p>\n<p class=\"fig-body-link\">\n            \u00c0 lire aussi<br \/>\n        <a class=\"fig-body-link__link fig-premium-mark\" href=\"http:\/\/tvmag.lefigaro.fr\/programme-tv\/series\/le-comte-de-monte-cristo-l-eternel-retour-20231216\" data-fig-type=\"Article\" data-gtm-custom-categorie=\"navigation\" data-gtm-custom-action=\"crossclick\" data-gtm-custom-label=\"Contextuel\" data-gtm-event=\"customEventSPE\" data-fig-domain=\"TVMAG\" rel=\"nofollow noopener\" target=\"_blank\">Le Comte de Monte-Cristo, l\u2019\u00e9ternel retour \u00e0 l\u2019\u00e9cran<br \/>\n    <\/a>\n<\/p>\n<p>                                    <a class=\"fig-a11y-skip a11y-hidden\" href=\"#fig-a11y-skip-main-inarticle\"><br \/>\n        Passer la publicit\u00e9<br \/>\n    <\/a><\/p>\n<p>Une affaire de famille<\/p>\n<p class=\"fig-paragraph\">Le pitch officiel du sc\u00e9nario \u00e9crit par Ga\u00efa Guasti, Djibril Glissant, Cl\u00e9ment Peny et Florian Spitzer\u00a0? \u00abMarseille, 1815. Mercedes Herrera est pr\u00eate \u00e0 tout pour l\u2019homme qu\u2019elle aime, Edmond Dant\u00e8s, un marin promis \u00e0 un avenir brillant. Mais leur bonheur est cruellement bris\u00e9 par une trahison impitoyable. Edmond, accus\u00e9 \u00e0 tort, est arrach\u00e9 \u00e0 Mercedes et jet\u00e9 dans les profondeurs du Ch\u00e2teau d\u2019If, sans espoir de retour. D\u00e9vast\u00e9e mais d\u00e9termin\u00e9e, Mercedes se lance dans une course effr\u00e9n\u00e9e pour le sauver, mais Edmond est tu\u00e9 lors de leur tentative d\u2019\u00e9vasion et elle-m\u00eame se retrouve enferm\u00e9e, condamn\u00e9e \u00e0 languir dans une cellule voisine de celle qui a abrit\u00e9 l\u2019amour de sa vie. Dans ce gouffre de douleur, tout semble perdu. Mercedes n\u2019a d\u00e9sormais plus qu\u2019un but, prendre sa revanche sur ceux qui ont d\u00e9truit sa vie\u00a0: Fernand, son propre cousin, secr\u00e8tement amoureux d\u2019elle; Danglars, un manipulateur ambitieux; et surtout H\u00e9lo\u00efse de Villefort, la femme implacable du procureur de la ville.\u00bb<\/p>\n<blockquote class=\"fig-quote&#10;    \">\n<p class=\"fig-quote__text\">\u00ab J\u2019avais envie d\u2019\u00eatre plus proactive sur les textes, la direction artistique, le suivi du projet, ce qu\u2019on veut raconter. \u00c7a m\u2019excite autant que de jouer\u00a0\u00bb<\/p>\n<p>            Audrey Fleuroudrey Fleurot\n    <\/p><\/blockquote>\n<p class=\"fig-paragraph\">Aux c\u00f4t\u00e9s d\u2019Audrey Fleurot, on retrouvera Simon Ehrlacher (Plus belle la vie, Escort Boys),<a href=\"https:\/\/video.lefigaro.fr\/figaro\/conversations-madame-figaro-avec-zabou-breitman-20250310\" data-fig-type=\"Video\" data-gtm-custom-categorie=\"navigation\" data-gtm-custom-action=\"crossclick\" data-gtm-custom-label=\"Contextuel\" data-gtm-event=\"customEventSPE\" data-fig-domain=\"LEFIGARO\" rel=\"nofollow noopener\" target=\"_blank\">\u00a0Zabou Breitman,<\/a>\u00a0<a href=\"https:\/\/www.lefigaro.fr\/tag\/kad-merad\" target=\"_blank\" rel=\"sponsored noopener nofollow\" data-gtm-custom-categorie=\"navigation\" data-gtm-custom-action=\"crossclick\" data-gtm-custom-label=\"Contextuel\" data-gtm-event=\"customEventSPE\">Kad Merad,<\/a>\u00a0Denis Lavant, \u00c9ric Elmosnino, Olivia Cote ou\u00a0<a href=\"https:\/\/www.lefigaro.fr\/tag\/thierry-godard\" target=\"_blank\" rel=\"sponsored noopener nofollow\" data-gtm-custom-categorie=\"navigation\" data-gtm-custom-action=\"crossclick\" data-gtm-custom-label=\"Contextuel\" data-gtm-event=\"customEventSPE\">Thierry Godard\u00a0<\/a>son partenaire dans Un village fran\u00e7ais et Engrenages. Derri\u00e8re la cam\u00e9ra, Djibril Glissant, son compagnon, qui \u0153uvrait d\u00e9j\u00e0 sur HPI et Leonardo d\u2019Antoni (Narcos\u00a0: Mexico).<\/p>\n<p class=\"fig-body-link\">\n            \u00c0 lire aussi<br \/>\n        <a class=\"fig-body-link__link\" href=\"http:\/\/tvmag.lefigaro.fr\/programme-tv\/series\/un-nouveau-comte-de-monte-cristo-le-remake-du-bureau-des-legendes-the-agency-canneseries-devoile-son-edition-2025-20250401\" data-fig-type=\"Article\" data-gtm-custom-categorie=\"navigation\" data-gtm-custom-action=\"crossclick\" data-gtm-custom-label=\"Contextuel\" data-gtm-event=\"customEventSPE\" data-fig-domain=\"TVMAG\" rel=\"nofollow noopener\" target=\"_blank\">Un nouveau Comte de Monte-Cristo, le remake du Bureau des l\u00e9gendes The Agency&#8230;Cannes\u00e9ries d\u00e9voile son \u00e9dition 2025<br \/>\n    <\/a>\n<\/p>\n<p class=\"fig-paragraph\">Comme on ne change pas une \u00e9quipe qui gagne, la s\u00e9rie est coproduite par Itin\u00e9raire productions (Anthony Lancret, Pierre Laugier et Lola Manai, d\u00e9j\u00e0 derri\u00e8re\u00a0<a href=\"http:\/\/tvmag.lefigaro.fr\/programme-tv\/audiences-tv\/audiences-quel-score-pour-le-grand-final-de-hpi-avec-audrey-fleurot-sur-tf1-20250926\" data-fig-type=\"Article\" data-gtm-custom-categorie=\"navigation\" data-gtm-custom-action=\"crossclick\" data-gtm-custom-label=\"Contextuel\" data-gtm-event=\"customEventSPE\" data-fig-domain=\"TVMAG\" rel=\"nofollow noopener\" target=\"_blank\">HPI<\/a> \u00a0ou Flashback mais aussi Oussekine et\u00a0<a href=\"http:\/\/tvmag.lefigaro.fr\/programme-tv\/series\/les-disparues-de-la-gare-psychose-a-perpignan-dans-cette-nouvelle-serie-sur-disney-20251008\" data-fig-type=\"Article\" data-gtm-custom-categorie=\"navigation\" data-gtm-custom-action=\"crossclick\" data-gtm-custom-label=\"Contextuel\" data-gtm-event=\"customEventSPE\" data-fig-domain=\"TVMAG\" rel=\"nofollow noopener\" target=\"_blank\">Les Disparues de la gare<\/a> ), TF1, mais aussi Bahia Blanca soci\u00e9t\u00e9 cr\u00e9\u00e9e par Audrey Fleurot et Djibril Glissant. \u00abJ\u2019avais envie d\u2019\u00eatre plus proactive sur les textes, la direction artistique, le suivi du projet, ce qu\u2019on veut raconter, r\u00e9v\u00e8le la com\u00e9dienne. \u00c7a m\u2019excite autant que de jouer. Lorsque je suis actrice, j\u2019arrive en bout de cha\u00eene. \u00c7a m\u2019a convenu longtemps. D\u00e9sormais je veux avoir les mains dans le cambouis plus t\u00f4t. Pour ce projet mais pas seulement.\u00bb<\/p>\n<p class=\"fig-paragraph\">\u00c0 Malte, la s\u00e9rie fera tr\u00e8s certainement usage des bassins g\u00e9ants \u00e9quip\u00e9s pour reproduire temp\u00eates et batailles navales qui ont servi \u00e0 son pendant masculin,\u00a0<a href=\"http:\/\/tvmag.lefigaro.fr\/programme-tv\/series\/le-comte-de-monte-cristo-l-eternel-retour-20231216\" data-fig-type=\"Article\" data-gtm-custom-categorie=\"navigation\" data-gtm-custom-action=\"crossclick\" data-gtm-custom-label=\"Contextuel\" data-gtm-event=\"customEventSPE\" data-fig-domain=\"TVMAG\" rel=\"nofollow noopener\" target=\"_blank\">Le Comte de Monte Cristo<\/a>, avec Sam Claflin, attendu sur France 2.<\/p>\n","protected":false},"excerpt":{"rendered":"Le tournage de la nouvelle s\u00e9rie de l\u2019h\u00e9ro\u00efne d\u2019HPI, qu\u2019elle coproduit avec TF1, d\u00e9bute aujourd\u2019hui. Une autre vision&hellip;\n","protected":false},"author":2,"featured_media":462517,"comment_status":"","ping_status":"","sticky":false,"template":"","format":"standard","meta":{"footnotes":""},"categories":[1356],"tags":[46345,21259,58,59,1011,27,252,199,1364],"class_list":{"0":"post-462516","1":"post","2":"type-post","3":"status-publish","4":"format-standard","5":"has-post-thumbnail","7":"category-television","8":"tag-alexandre-dumas","9":"tag-audrey-fleurot","10":"tag-divertissement","11":"tag-entertainment","12":"tag-fr","13":"tag-france","14":"tag-television","15":"tag-tf1","16":"tag-tv"},"share_on_mastodon":{"url":"https:\/\/pubeurope.com\/@fr\/115372936784260966","error":""},"_links":{"self":[{"href":"https:\/\/www.europesays.com\/fr\/wp-json\/wp\/v2\/posts\/462516","targetHints":{"allow":["GET"]}}],"collection":[{"href":"https:\/\/www.europesays.com\/fr\/wp-json\/wp\/v2\/posts"}],"about":[{"href":"https:\/\/www.europesays.com\/fr\/wp-json\/wp\/v2\/types\/post"}],"author":[{"embeddable":true,"href":"https:\/\/www.europesays.com\/fr\/wp-json\/wp\/v2\/users\/2"}],"replies":[{"embeddable":true,"href":"https:\/\/www.europesays.com\/fr\/wp-json\/wp\/v2\/comments?post=462516"}],"version-history":[{"count":0,"href":"https:\/\/www.europesays.com\/fr\/wp-json\/wp\/v2\/posts\/462516\/revisions"}],"wp:featuredmedia":[{"embeddable":true,"href":"https:\/\/www.europesays.com\/fr\/wp-json\/wp\/v2\/media\/462517"}],"wp:attachment":[{"href":"https:\/\/www.europesays.com\/fr\/wp-json\/wp\/v2\/media?parent=462516"}],"wp:term":[{"taxonomy":"category","embeddable":true,"href":"https:\/\/www.europesays.com\/fr\/wp-json\/wp\/v2\/categories?post=462516"},{"taxonomy":"post_tag","embeddable":true,"href":"https:\/\/www.europesays.com\/fr\/wp-json\/wp\/v2\/tags?post=462516"}],"curies":[{"name":"wp","href":"https:\/\/api.w.org\/{rel}","templated":true}]}}