{"id":462522,"date":"2025-10-14T14:16:10","date_gmt":"2025-10-14T14:16:10","guid":{"rendered":"https:\/\/www.europesays.com\/fr\/462522\/"},"modified":"2025-10-14T14:16:10","modified_gmt":"2025-10-14T14:16:10","slug":"toujours-les-memes-guignols-toujours-les-memes-erreurs-liberation","status":"publish","type":"post","link":"https:\/\/www.europesays.com\/fr\/462522\/","title":{"rendered":"toujours les m\u00eames guignols, toujours les m\u00eames erreurs \u2013 Lib\u00e9ration"},"content":{"rendered":"<p class=\"sc-cPiKLX AiZTS text-element\">J\u2019avais autant envie d\u2019\u00e9crire un point d\u2019\u00e9tape sur la situation Covid actuellement qu\u2019un coll\u00e8gue du service politique aurait envie de d\u00e9rouler le curriculum vit\u00e6 d\u2019un ministre \u00e9ph\u00e9m\u00e8re sous Lecornu 1, 2, 3, ou trouzemille vingt-douze. Parce que depuis cinq ans et demi, j\u2019ai utilis\u00e9 toutes les m\u00e9taphores, toutes les analogies, <a href=\"https:\/\/www.liberation.fr\/societe\/sante\/le-virage-boris-johnson-demmanuel-macron-20211229_35UVT64KUBFPHM33ERYICMUCGY\/\" target=\"_blank\" rel=\"noopener\" title=\"https:\/\/www.liberation.fr\/societe\/sante\/le-virage-boris-johnson-demmanuel-macron-20211229_35UVT64KUBFPHM33ERYICMUCGY\/\">les rappels du Jour sans fin avec Bill Murray,<\/a> qui collent aussi bien \u00e0 la situation pand\u00e9mique que politique aujourd\u2019hui : c\u2019est chiant, r\u00e9p\u00e9titif, d\u00e9primant, et \u00e7a ne va jamais dans le bon sens. <\/p>\n<p class=\"sc-cPiKLX AiZTS text-element\">Et puis ce matin en entrant dans un petit supermarch\u00e9, j\u2019ai vu l\u2019homme \u00e2g\u00e9 devant moi appuyer sur le distributeur de solut\u00e9 hydroalcoolique avant de s\u2019engouffrer entre les rayons, et je me suis dit qu\u2019h\u00e9las, puisque rien n\u2019a chang\u00e9, il n\u2019est peut-\u00eatre pas inutile, au vu de l\u2019accumulation de conseils ridicules et d\u2019affirmations fausses, d\u2019\u00e9crire ce point de situation.<\/p>\n<p class=\"sc-cPiKLX AiZTS text-element\">Le Covid ne revient pas. Il a toujours \u00e9t\u00e9 l\u00e0, simplement tout est fait pour qu\u2019on n\u2019y pense plus, qu\u2019on n\u2019en parle pas, qu\u2019on ne le voie pas. On n\u2019en parle pas dans la majorit\u00e9 des m\u00e9dias parce qu\u2019une catastrophe \u00e0 la fois, \u00e7a suffit, et g\u00e9rer \u00aben m\u00eame temps\u00bb la propagation de Sars-CoV 2 et l\u2019hubris m <\/p>\n","protected":false},"excerpt":{"rendered":"J\u2019avais autant envie d\u2019\u00e9crire un point d\u2019\u00e9tape sur la situation Covid actuellement qu\u2019un coll\u00e8gue du service politique aurait&hellip;\n","protected":false},"author":2,"featured_media":462523,"comment_status":"","ping_status":"","sticky":false,"template":"","format":"standard","meta":{"footnotes":""},"categories":[10],"tags":[4357,1011,27,72,71],"class_list":{"0":"post-462522","1":"post","2":"type-post","3":"status-publish","4":"format-standard","5":"has-post-thumbnail","7":"category-sante","8":"tag-covid-19","9":"tag-fr","10":"tag-france","11":"tag-health","12":"tag-sante"},"share_on_mastodon":{"url":"https:\/\/pubeurope.com\/@fr\/115372948453578014","error":""},"_links":{"self":[{"href":"https:\/\/www.europesays.com\/fr\/wp-json\/wp\/v2\/posts\/462522","targetHints":{"allow":["GET"]}}],"collection":[{"href":"https:\/\/www.europesays.com\/fr\/wp-json\/wp\/v2\/posts"}],"about":[{"href":"https:\/\/www.europesays.com\/fr\/wp-json\/wp\/v2\/types\/post"}],"author":[{"embeddable":true,"href":"https:\/\/www.europesays.com\/fr\/wp-json\/wp\/v2\/users\/2"}],"replies":[{"embeddable":true,"href":"https:\/\/www.europesays.com\/fr\/wp-json\/wp\/v2\/comments?post=462522"}],"version-history":[{"count":0,"href":"https:\/\/www.europesays.com\/fr\/wp-json\/wp\/v2\/posts\/462522\/revisions"}],"wp:featuredmedia":[{"embeddable":true,"href":"https:\/\/www.europesays.com\/fr\/wp-json\/wp\/v2\/media\/462523"}],"wp:attachment":[{"href":"https:\/\/www.europesays.com\/fr\/wp-json\/wp\/v2\/media?parent=462522"}],"wp:term":[{"taxonomy":"category","embeddable":true,"href":"https:\/\/www.europesays.com\/fr\/wp-json\/wp\/v2\/categories?post=462522"},{"taxonomy":"post_tag","embeddable":true,"href":"https:\/\/www.europesays.com\/fr\/wp-json\/wp\/v2\/tags?post=462522"}],"curies":[{"name":"wp","href":"https:\/\/api.w.org\/{rel}","templated":true}]}}