{"id":462529,"date":"2025-10-14T14:20:15","date_gmt":"2025-10-14T14:20:15","guid":{"rendered":"https:\/\/www.europesays.com\/fr\/462529\/"},"modified":"2025-10-14T14:20:15","modified_gmt":"2025-10-14T14:20:15","slug":"streamers-vapoteurs-etrangers-qui-y-gagne-ou-y-perd-dans-le-budget-lecornu","status":"publish","type":"post","link":"https:\/\/www.europesays.com\/fr\/462529\/","title":{"rendered":"Streamers, vapoteurs, \u00e9trangers\u2026 Qui y gagne ou y perd dans le budget Lecornu\u00a0?"},"content":{"rendered":"<p>        <img decoding=\"async\" loading=\"lazy\" src=\"https:\/\/www.europesays.com\/fr\/wp-content\/uploads\/2025\/10\/cc38d11_upload-1-vpjv6opgqwpu-afp-20231128-346c7b7-v2-highres-francepoliticsgovernmentassembly.jpg\"  width=\"728\" height=\"410\" alt=\"\u00c9lisabeth Borne photographi\u00e9e en vapotant \u00e0 l\u2019Assembl\u00e9e nationale en 2023\u00a0(illustration\/ photo Ludovic MARIN \/ AFP)\"\/>  <\/p>\n<p>LUDOVIC MARIN \/ AFP<\/p>\n<p>\u00c9lisabeth Borne photographi\u00e9e en vapotant \u00e0 l\u2019Assembl\u00e9e nationale en 2023\u00a0(illustration\/ photo Ludovic MARIN \/ AFP)<\/p>\n<p class=\"asset asset-text\">POLITIQUE &#8211; La copie de tous les d\u00e9bats. <a href=\"https:\/\/www.huffingtonpost.fr\/politique\/article\/sebastien-lecornu-a-l-assemblee-ces-mots-magiques-qu-il-doit-prononcer-pour-survivre_255934.html\" target=\"_blank\" rel=\"noopener\">Le gouvernement Lecornu II<\/a> a d\u00e9voil\u00e9 ce mardi 14\u00a0octobre son projet de budget 2026 (PLF) alors que rarement un ex\u00e9cutif n\u2019aura \u00e9t\u00e9 aussi fragile. Gel des pensions de retraite et fin de l\u2019abattement de 10\u00a0% pour les pensionn\u00e9s, taxe sur les petits colis \u00e9trangers, <a href=\"https:\/\/www.huffingtonpost.fr\/economie\/article\/tout-a-ete-fait-pour-epargner-bernard-arnault-gabriel-zucman-etrille-le-budget-de-sebastien-lecornu_255974.html\" target=\"_blank\" rel=\"noopener\">mise en place d\u2019une sous-taxe Zucman<\/a>, reconduction divis\u00e9e par deux de la CDHR&#8230;<\/p>\n<p class=\"asset asset-text\">Dans les grandes lignes, <a href=\"https:\/\/www.huffingtonpost.fr\/politique\/article\/dans-le-budget-presente-par-sebastien-lecornu-des-hausses-d-impots-et-des-taxes-nouvelles_255963.html\" target=\"_blank\" rel=\"noopener\">comme nous l\u2019expliquions ici<\/a>, ce projet de loi de Finances reprend celui de Fran\u00e7ois Bayrou, m\u00eame si les \u00e9conomies \u00e0 la cl\u00e9 sont moindres\u00a0: seulement une trentaine de milliards d\u2019euros, quand le Palois en visait plut\u00f4t 44\u00a0milliards.<\/p>\n<p class=\"asset asset-text\">Le HuffPost s\u2019est aussi pench\u00e9 sur les petites lignes avec parfois des effets tr\u00e8s concrets pour le portefeuille des Fran\u00e7ais, et notamment ceux qui (comme \u00c9lisabeth Borne) vapotent, qui streament, ou qui ont des enfants en \u00e9tudes sup\u00e9rieures.<\/p>\n<p class=\"asset asset-text\">\u00c0 l\u2019heure actuelle, les produits de vapotages, et notamment les liquides pour cigarettes \u00e9lectroniques qui contiennent de la nicotine, ne sont pas tax\u00e9s sp\u00e9cifiquement. Or l\u2019Union europ\u00e9enne a propos\u00e9 dans une directive cet \u00e9t\u00e9 d\u2019y rem\u00e9dier. Tel que consult\u00e9 par Le HuffPost, le PLF 2026\u00a0pr\u00e9voit une taxe de 30\u00a0euros sur 1\u00a0000\u00a0millilitres, pour les produits comptant jusqu\u2019\u00e0\u00a015 milligrammes de nicotine, et de 50\u00a0euros au-del\u00e0.<\/p>\n<p class=\"asset asset-text\">Concr\u00e8tement, pour petites les fioles de 10\u00a0mL, traditionnellement vendues dans les bureaux de tabac et boutiques sp\u00e9cialis\u00e9es, cela aboutira \u00e0 une taxe de 30\u00a0et 50\u00a0centimes. Cela reste moindre que ce que proposait la directive europ\u00e9enne qui pr\u00e9conisait 12\u00a0centimes\/mL pour les produits contenant jusqu\u2019\u00e0 15 milligrammes de nicotine et 36 centimes\/mL au-del\u00e0.<\/p>\n<p>    Les streameurs y gagnent, pas les \u00e9trangers ni les lyc\u00e9ens    <\/p>\n<p class=\"asset asset-text\">Les professionnels de Twitch et autres plateformes du m\u00eame genre, vont pouvoir souffler, le gouvernement a pens\u00e9 \u00e0 eux avec une \u00e9chelle de taxation beaucoup plus claire. Les streamers seront tax\u00e9s sur les sommes qu\u2019ils per\u00e7oivent effectivement et les plateformes sur les commissions qu\u2019elles pr\u00e9l\u00e8vent. Auparavant, les streamers devaient d\u00e9clarer les sommes brutes, c\u2019est-\u00e0-dire avant la commission.<\/p>\n<p class=\"asset asset-text\">En revanche, mauvaise nouvelle pour les parents d\u2019enfants scolaris\u00e9s dans le secondaire (coll\u00e8ge, lyc\u00e9e) et l\u2019enseignement sup\u00e9rieur, le projet de budget 2026\u00a0pr\u00e9voit la suppression de la r\u00e9duction d\u2019imp\u00f4t pour frais de scolarit\u00e9. Ces r\u00e9ductions \u00e9taient de 61\u00a0\u20ac pour les coll\u00e9giens, 153\u00a0\u20ac pour les lyc\u00e9ens, et 183\u00a0\u20ac pour les \u00e9tudiants. Une suppression justifi\u00e9e par le gouvernement par le grand m\u00e9nage qu\u2019il entend faire dans les plus 450\u00a0niches fiscales fran\u00e7aises.<\/p>\n<p class=\"asset asset-text\">Enfin, autres mesures qui risquent de beaucoup plaire \u00e0 LR et au RN (mais d\u00e9plaire \u00e0 la gauche), l\u2019ex\u00e9cutif entend largement mettre \u00e0 contribution les \u00e9trangers et tous leurs frais administratifs. L\u2019article\u00a030\u00a0se concentre essentiellement sur l\u2019augmentation des droits de timbres pour les personnes non-fran\u00e7aises.<\/p>\n<p class=\"asset asset-text\">Alors qu\u2019auparavant\u00a0une demande de nationalit\u00e9 fran\u00e7aise \u00e9tait soumise \u00e0 un droit de timbre de 55\u00a0euros, il s\u2019\u00e9l\u00e8vera d\u00e9sormais \u00e0 255\u00a0euros. Dans la foul\u00e9e, l\u2019article pr\u00e9voit une majoration du droit de visa de r\u00e9gularisation qui passe de 180\u00a0\u00e0 280\u00a0euros, ou encore la cr\u00e9ation d\u2019une taxe de 100\u00a0euros pour la d\u00e9livrance et le renouvellement d\u2019une autorisation provisoire de s\u00e9jour. Les conducteurs devront \u00e9galement s\u2019acquitter d\u2019une nouvelle taxe de 40\u00a0euros pour remplacer leur permis \u00e9tranger par un permis de conduire fran\u00e7ais. Objectif assum\u00e9 du gouvernement, aligner ces tarifs sur ce qui se fait dans l\u2019UE mais aussi d\u00e9gager 160\u00a0millions d\u2019euros de recettes.<\/p>\n","protected":false},"excerpt":{"rendered":"LUDOVIC MARIN \/ AFP \u00c9lisabeth Borne photographi\u00e9e en vapotant \u00e0 l\u2019Assembl\u00e9e nationale en 2023\u00a0(illustration\/ photo Ludovic MARIN \/&hellip;\n","protected":false},"author":2,"featured_media":462530,"comment_status":"","ping_status":"","sticky":false,"template":"","format":"standard","meta":{"footnotes":""},"categories":[6],"tags":[1003,35,33,34,1011,27,316,128,58675],"class_list":{"0":"post-462529","1":"post","2":"type-post","3":"status-publish","4":"format-standard","5":"has-post-thumbnail","7":"category-economie","8":"tag-budget","9":"tag-business","10":"tag-economie","11":"tag-economy","12":"tag-fr","13":"tag-france","14":"tag-politique","15":"tag-streaming","16":"tag-vapotage"},"share_on_mastodon":{"url":"https:\/\/pubeurope.com\/@fr\/115372964769363322","error":""},"_links":{"self":[{"href":"https:\/\/www.europesays.com\/fr\/wp-json\/wp\/v2\/posts\/462529","targetHints":{"allow":["GET"]}}],"collection":[{"href":"https:\/\/www.europesays.com\/fr\/wp-json\/wp\/v2\/posts"}],"about":[{"href":"https:\/\/www.europesays.com\/fr\/wp-json\/wp\/v2\/types\/post"}],"author":[{"embeddable":true,"href":"https:\/\/www.europesays.com\/fr\/wp-json\/wp\/v2\/users\/2"}],"replies":[{"embeddable":true,"href":"https:\/\/www.europesays.com\/fr\/wp-json\/wp\/v2\/comments?post=462529"}],"version-history":[{"count":0,"href":"https:\/\/www.europesays.com\/fr\/wp-json\/wp\/v2\/posts\/462529\/revisions"}],"wp:featuredmedia":[{"embeddable":true,"href":"https:\/\/www.europesays.com\/fr\/wp-json\/wp\/v2\/media\/462530"}],"wp:attachment":[{"href":"https:\/\/www.europesays.com\/fr\/wp-json\/wp\/v2\/media?parent=462529"}],"wp:term":[{"taxonomy":"category","embeddable":true,"href":"https:\/\/www.europesays.com\/fr\/wp-json\/wp\/v2\/categories?post=462529"},{"taxonomy":"post_tag","embeddable":true,"href":"https:\/\/www.europesays.com\/fr\/wp-json\/wp\/v2\/tags?post=462529"}],"curies":[{"name":"wp","href":"https:\/\/api.w.org\/{rel}","templated":true}]}}