{"id":462531,"date":"2025-10-14T14:21:15","date_gmt":"2025-10-14T14:21:15","guid":{"rendered":"https:\/\/www.europesays.com\/fr\/462531\/"},"modified":"2025-10-14T14:21:15","modified_gmt":"2025-10-14T14:21:15","slug":"le-hamas-conserve-la-mainmise-sur-gaza","status":"publish","type":"post","link":"https:\/\/www.europesays.com\/fr\/462531\/","title":{"rendered":"Le Hamas conserve la mainmise sur Gaza"},"content":{"rendered":"<p>                         <img loading=\"lazy\" decoding=\"async\" src=\"https:\/\/www.europesays.com\/fr\/wp-content\/uploads\/2025\/10\/d91f41f_ftp-import-images-1-aunzn42meupf-5145463-01-06.jpg\" alt=\"Des membres des forces de s\u00e9curit\u00e9 internes fid\u00e8les au  Hamas sont d\u00e9ploy\u00e9s dans le camp de r\u00e9fugi\u00e9s de Nuseirat, dans le centre de la bande de Gaza, le 12\u00a0octobre 2025.\"   width=\"664\" height=\"443\"\/>    Des membres des forces de s\u00e9curit\u00e9 internes fid\u00e8les au  Hamas sont d\u00e9ploy\u00e9s dans le camp de r\u00e9fugi\u00e9s de Nuseirat, dans le centre de la bande de Gaza, le 12\u00a0octobre 2025.  EYAD BABA \/ AFP                 <\/p>\n<p class=\"article__paragraph  \">Ils ne portent ni bandeaux, ni l\u2019\u00e9cusson vert des Brigades Ezzedine Al-Qassam, mais les hommes de la branche arm\u00e9e du Hamas sont bien l\u00e0, la t\u00eate cach\u00e9e par une cagoule et une casquette noire. Fusil point\u00e9 vers le ciel d\u2019une main, l\u2019autre occup\u00e9e \u00e0 canaliser la foule rassembl\u00e9e \u00e0 Khan Youn\u00e8s, ils encadrent, lundi 13\u00a0octobre, l\u2019accueil des quelque deux mille d\u00e9tenus palestiniens lib\u00e9r\u00e9s par Isra\u00ebl dans la premi\u00e8re phase du cessez-le-feu, qui doit mettre fin \u00e0 vingt-quatre mois d\u2019une offensive qui a transform\u00e9 la bande de Gaza en champ de ruines.<\/p>\n<p class=\"article__paragraph  \">Longtemps rest\u00e9s invisibles, donnant l\u2019impression d\u2019un vide total du pouvoir \u00e0 Gaza, les cadres du mouvement islamiste prouvent qu\u2019ils sont toujours aux commandes et capables de coordonner le processus complexe d\u2019\u00e9changes de prisonniers. La premi\u00e8re \u00e9tape a d\u00e9but\u00e9 lundi matin avec la lib\u00e9ration des otages isra\u00e9liens, dans une sobri\u00e9t\u00e9 in\u00e9dite, loin des mises en sc\u00e8ne qui avaient marqu\u00e9 les remises pr\u00e9c\u00e9dentes. Escortant discr\u00e8tement les bus du Croissant-Rouge transportant les d\u00e9tenus palestiniens \u00e0 leur arriv\u00e9e par la fronti\u00e8re \u00e9gyptienne de Rafah, le Hamas r\u00e9affirme sa position de force dominante, capable de se r\u00e9organiser du jour au lendemain.<\/p>\n<p class=\"reading-mode-only \"><strong>Il vous reste 81.56% de cet article \u00e0 lire. La suite est r\u00e9serv\u00e9e aux abonn\u00e9s.<\/strong><\/p>\n","protected":false},"excerpt":{"rendered":"Des membres des forces de s\u00e9curit\u00e9 internes fid\u00e8les au Hamas sont d\u00e9ploy\u00e9s dans le camp de r\u00e9fugi\u00e9s de&hellip;\n","protected":false},"author":2,"featured_media":462532,"comment_status":"","ping_status":"","sticky":false,"template":"","format":"standard","meta":{"footnotes":""},"categories":[5],"tags":[11,1011,27,14,12,28],"class_list":{"0":"post-462531","1":"post","2":"type-post","3":"status-publish","4":"format-standard","5":"has-post-thumbnail","7":"category-international","8":"tag-actualites","9":"tag-fr","10":"tag-france","11":"tag-international","12":"tag-news","13":"tag-world"},"share_on_mastodon":{"url":"https:\/\/pubeurope.com\/@fr\/115372968609582553","error":""},"_links":{"self":[{"href":"https:\/\/www.europesays.com\/fr\/wp-json\/wp\/v2\/posts\/462531","targetHints":{"allow":["GET"]}}],"collection":[{"href":"https:\/\/www.europesays.com\/fr\/wp-json\/wp\/v2\/posts"}],"about":[{"href":"https:\/\/www.europesays.com\/fr\/wp-json\/wp\/v2\/types\/post"}],"author":[{"embeddable":true,"href":"https:\/\/www.europesays.com\/fr\/wp-json\/wp\/v2\/users\/2"}],"replies":[{"embeddable":true,"href":"https:\/\/www.europesays.com\/fr\/wp-json\/wp\/v2\/comments?post=462531"}],"version-history":[{"count":0,"href":"https:\/\/www.europesays.com\/fr\/wp-json\/wp\/v2\/posts\/462531\/revisions"}],"wp:featuredmedia":[{"embeddable":true,"href":"https:\/\/www.europesays.com\/fr\/wp-json\/wp\/v2\/media\/462532"}],"wp:attachment":[{"href":"https:\/\/www.europesays.com\/fr\/wp-json\/wp\/v2\/media?parent=462531"}],"wp:term":[{"taxonomy":"category","embeddable":true,"href":"https:\/\/www.europesays.com\/fr\/wp-json\/wp\/v2\/categories?post=462531"},{"taxonomy":"post_tag","embeddable":true,"href":"https:\/\/www.europesays.com\/fr\/wp-json\/wp\/v2\/tags?post=462531"}],"curies":[{"name":"wp","href":"https:\/\/api.w.org\/{rel}","templated":true}]}}