{"id":462543,"date":"2025-10-14T14:28:11","date_gmt":"2025-10-14T14:28:11","guid":{"rendered":"https:\/\/www.europesays.com\/fr\/462543\/"},"modified":"2025-10-14T14:28:11","modified_gmt":"2025-10-14T14:28:11","slug":"plusieurs-manifestations-prevues-a-toulon","status":"publish","type":"post","link":"https:\/\/www.europesays.com\/fr\/462543\/","title":{"rendered":"plusieurs manifestations pr\u00e9vues \u00e0 Toulon"},"content":{"rendered":"<p>            Par<br \/>\n        <strong><br \/>\n            <a href=\"https:\/\/actu.fr\/auteur\/guillemette-herve\" title=\"Consulter tous les articles de Agence de presse APEI\" target=\"_blank\" rel=\"noopener\">Agence de presse APEI<\/a><br \/>\n        <\/strong><\/p>\n<p>        Publi\u00e9 le<\/p>\n<p>            14 oct. 2025 \u00e0 15h54        <\/p>\n<p>Le cancer du sein reste <strong>la premi\u00e8re cause de d\u00e9c\u00e8s<\/strong> par cancer chez la femme en France mais il se gu\u00e9rit dans neuf cas sur dix s\u2019il est d\u00e9tect\u00e9 t\u00f4t.<\/p>\n<p>Stands d\u2019information et cours de gym<\/p>\n<p class=\" wall-content\">C\u2019est pourquoi, dans le cadre d\u2019Octobre rose, la Ville de <a href=\"https:\/\/actu.fr\/provence-alpes-cote-d-azur\/toulon_83137\/toulon-la-route-du-faron-bientot-fermee-a-la-circulation_63278330.html\" target=\"_blank\" rel=\"noopener\">Toulon<\/a> entend renforcer l\u2019information et <strong>faciliter l\u2019acc\u00e8s au d\u00e9pistage<\/strong> du cancer du sein, en organisant diff\u00e9rentes manifestations :<\/p>\n<ul class=\" wall-content\">\n<li>mercredi 15 octobre 2025 : stand d\u2019information au centre commercial Mayol de 9h \u00e0 17h ; cours gratuit de gym au gymnase du Port-Marchand \u00e0 9h ; <strong>cours gratuit d\u2019aquagym<\/strong> au stade nautique du Port-Marchand \u00e0 17h30 (sur r\u00e9servation au 04 94 36 36 85)<\/li>\n<li>lundi 20 octobre, de 9h \u00e0 12h : stand d\u2019information \u00e0 la Maison des services publics de Sainte-Musse<\/li>\n<li>vendredi 24 octobre, de 9h \u00e0 12h : <strong>stand d\u2019information<\/strong> \u00e0 l\u2019Espace Beaucaire<\/li>\n<\/ul>\n<p class=\" wall-content\">Diff\u00e9rents professionnels de sant\u00e9 seront pr\u00e9sents pour informer sur les modalit\u00e9s du d\u00e9pistage organis\u00e9 et gratuit du <a href=\"https:\/\/actu.fr\/monde\/l-ex-president-americain-joe-biden-atteint-d-un-cancer-de-la-prostate-suit-un-protocole-de-radiotherapie_63287660.html\" target=\"_blank\" rel=\"noopener\">cancer<\/a> du sein, <strong>des bustes d\u2019autopalpation<\/strong> permettront de visualiser les zones \u00e0 surveiller r\u00e9guli\u00e8rement par les femmes elles-m\u00eames, un casque de r\u00e9alit\u00e9 virtuelle et des activit\u00e9s ludiques compl\u00e8teront les informations.<\/p>\n<p class=\" wall-content\">Personnalisez votre actualit\u00e9 en ajoutant vos villes et m\u00e9dias en favori avec <a href=\"https:\/\/moncompte.actu.fr\" title=\"D\u00e9couvez Mon Actu\" rel=\"nofollow noopener\" data-trk=\"{&quot;cta&quot;:{&quot;action&quot;:&quot;https:\\\/\\\/moncompte.actu.fr&quot;,&quot;category&quot;:&quot;mon compte&quot;,&quot;from&quot;:&quot;article footer&quot;,&quot;name&quot;:&quot;Mon actu&quot;,&quot;type&quot;:&quot;cta&quot;}}\" target=\"_blank\">Mon Actu<\/a>.<\/p>\n","protected":false},"excerpt":{"rendered":"Par Agence de presse APEI Publi\u00e9 le 14 oct. 2025 \u00e0 15h54 Le cancer du sein reste la&hellip;\n","protected":false},"author":2,"featured_media":462544,"comment_status":"","ping_status":"","sticky":false,"template":"","format":"standard","meta":{"footnotes":""},"categories":[9619],"tags":[1111,11,1777,674,1011,27,12,54321,882,25,71,104,2310],"class_list":{"0":"post-462543","1":"post","2":"type-post","3":"status-publish","4":"format-standard","5":"has-post-thumbnail","7":"category-toulon","8":"tag-actu","9":"tag-actualites","10":"tag-eu","11":"tag-europe","12":"tag-fr","13":"tag-france","14":"tag-news","15":"tag-octobre-rose","16":"tag-provence-alpes-cote-dazur","17":"tag-republique-francaise","18":"tag-sante","19":"tag-societe","20":"tag-toulon"},"share_on_mastodon":{"url":"https:\/\/pubeurope.com\/@fr\/115372995675265133","error":""},"_links":{"self":[{"href":"https:\/\/www.europesays.com\/fr\/wp-json\/wp\/v2\/posts\/462543","targetHints":{"allow":["GET"]}}],"collection":[{"href":"https:\/\/www.europesays.com\/fr\/wp-json\/wp\/v2\/posts"}],"about":[{"href":"https:\/\/www.europesays.com\/fr\/wp-json\/wp\/v2\/types\/post"}],"author":[{"embeddable":true,"href":"https:\/\/www.europesays.com\/fr\/wp-json\/wp\/v2\/users\/2"}],"replies":[{"embeddable":true,"href":"https:\/\/www.europesays.com\/fr\/wp-json\/wp\/v2\/comments?post=462543"}],"version-history":[{"count":0,"href":"https:\/\/www.europesays.com\/fr\/wp-json\/wp\/v2\/posts\/462543\/revisions"}],"wp:featuredmedia":[{"embeddable":true,"href":"https:\/\/www.europesays.com\/fr\/wp-json\/wp\/v2\/media\/462544"}],"wp:attachment":[{"href":"https:\/\/www.europesays.com\/fr\/wp-json\/wp\/v2\/media?parent=462543"}],"wp:term":[{"taxonomy":"category","embeddable":true,"href":"https:\/\/www.europesays.com\/fr\/wp-json\/wp\/v2\/categories?post=462543"},{"taxonomy":"post_tag","embeddable":true,"href":"https:\/\/www.europesays.com\/fr\/wp-json\/wp\/v2\/tags?post=462543"}],"curies":[{"name":"wp","href":"https:\/\/api.w.org\/{rel}","templated":true}]}}