{"id":462555,"date":"2025-10-14T14:34:16","date_gmt":"2025-10-14T14:34:16","guid":{"rendered":"https:\/\/www.europesays.com\/fr\/462555\/"},"modified":"2025-10-14T14:34:16","modified_gmt":"2025-10-14T14:34:16","slug":"grenoble-dechirement-chez-lfi-un-elu-quitte-le-navire-pour-les-municipales-et-dezingue-le-parti","status":"publish","type":"post","link":"https:\/\/www.europesays.com\/fr\/462555\/","title":{"rendered":"Grenoble. D\u00e9chirement chez LFI, un \u00e9lu quitte le navire pour les municipales et d\u00e9zingue le parti"},"content":{"rendered":"<p>            Par<br \/>\n        <strong><br \/>\n            <a href=\"https:\/\/actu.fr\/auteur\/lisa-rodrigues\" title=\"Consulter tous les articles de Lisa Rodrigues\" rel=\"nofollow noopener\" target=\"_blank\">Lisa Rodrigues<\/a><br \/>\n        <\/strong><\/p>\n<p>        Publi\u00e9 le<\/p>\n<p>            14 oct. 2025 \u00e0 11h16        <\/p>\n<p>La gauche plus divis\u00e9e que jamais \u00e0 <a href=\"https:\/\/actu.fr\/auvergne-rhone-alpes\/grenoble_38185\" rel=\"nofollow noopener\" target=\"_blank\">Grenoble<\/a> en vue des municipales de mars 2026. La majorit\u00e9 actuelle du maire sortant \u00e9cologiste \u00c9ric Piolle a d\u00e9j\u00e0 vol\u00e9 en \u00e9clats, avec le lancement <a href=\"https:\/\/actu.fr\/auvergne-rhone-alpes\/grenoble_38185\/municipales-a-grenoble-lfi-lance-sa-propre-liste-sans-les-ecologistes-d-eric-piolle_63194295.html\" rel=\"nofollow noopener\" target=\"_blank\">d\u2019une liste France insoumise autonome<\/a> port\u00e9e par Allan Brunon. Le parti m\u00e9lenchoniste est pourtant un alli\u00e9 de l\u2019\u00e9dile depuis son premier mandat en 2014.<br \/>Des \u00e9lus LFI si\u00e8gent ainsi au conseil municipal dans la majorit\u00e9. Parmi eux, <strong>Alan Confesson<\/strong>, actuel adjoint au commerce. Jusqu\u2019\u00e0 pr\u00e9sent discret sur le sujet des municipales, il a finalement annonc\u00e9 lundi 13 octobre rejoindre la <a href=\"https:\/\/actu.fr\/auvergne-rhone-alpes\/grenoble_38185\/municipales-a-grenoble-qui-est-laurence-ruffin-la-candidate-du-camp-d-eric-piolle_63195536.html\" rel=\"nofollow noopener\" target=\"_blank\">liste de Laurence Ruffin<\/a>, non sans envoyer des <strong>commentaires sal\u00e9s<\/strong> sur sa famille politique grenobloise. L\u2019\u00e9lu prend le risque de s\u2019attirer les foudres de son parti. Ce dernier a d\u00e9j\u00e0 suspendu sa coll\u00e8gue insoumise \u00e9lue \u00e0 la R\u00e9gion, \u00c9milie Marche, qui a, elle aussi, contest\u00e9 la d\u00e9cision de LFI de faire cavalier seul \u00e0 Grenoble.<\/p>\n<p>\u00ab\u00a0Mon parti va \u00e0 ses municipales avec des objectifs politiciens\u00a0\u00bb<\/p>\n<p class=\" wall-content\">Une nouvelle prise de distance qui r\u00e9v\u00e8le \u00e9galement de fortes dissensions au sein du parti de <a href=\"https:\/\/actu.fr\/tag\/jean-luc-melenchon\" rel=\"nofollow noopener\" target=\"_blank\">Jean-Luc M\u00e9lenchon<\/a> \u00e0 Grenoble. \u00ab\u00a0LFI, par d\u00e9cision de son comit\u00e9 \u00e9lectoral national, a donc d\u00e9cid\u00e9 de constituer une liste dite \u00ab autonome \u00bb, comprenez par l\u00e0 sans alli\u00e9s\u00a0\u00bb, d\u00e9plore Alan Confesson par voie de communiqu\u00e9.\u00a0<\/p>\n<blockquote class=\"ac-article-quote wall-content\">\n<p>Mon parti va \u00e0 ces municipales avec des objectifs politiciens. Il faut d\u2019une part r\u00e9gler ses<br \/>\ncomptes avec les autres partis de gauche pour des raisons fallacieuses. [&#8230;] D\u2019autre part,<br \/>\nil faut afficher et affirmer une identit\u00e9 insoumise par principe, et esp\u00e9rer ensuite n\u00e9gocier<br \/>\nune fusion d\u2019entre-deux-tours avec une autre liste de gauche. Mais quelle fusion ?<\/p>\n<p>    <strong>Alan Confesson<\/strong>\n            <\/p><\/blockquote>\n<p class=\" wall-content\">Selon l\u2019\u00e9lu municipal, plusieurs militants historiques auraient d\u2019ores et d\u00e9j\u00e0 quitt\u00e9 le navire grenoblois, d\u00e9go\u00fbt\u00e9s par ce virage politicien de leur parti et \u00ab\u00a0l\u2019action de ses actuels dirigeants\u00a0\u00bb.<\/p>\n<p class=\" wall-content\">Une version r\u00e9fut\u00e9e par Allan Brunon qui assure \u00e0 la r\u00e9daction d\u2019actu Grenoble qu\u2019il y a \u00ab\u00a0<strong>un consensus\u00a0\u00bb sur sa candidature<\/strong>, \u00ab\u00a0ainsi que sur la liste insoumise exprim\u00e9e lors de plusieurs assembl\u00e9es municipales\u00a0\u00bb.\u00a0<\/p>\n<p>Allan Brunon dans le viseur<\/p>\n<p class=\" wall-content\">Alan Confesson n\u2019y va pas non plus de main morte avec la \u00ab\u00a0future liste insoumise [\u2026] constitu\u00e9e <strong>des \u00e9l\u00e9ments les plus sectaires et les plus vindicatifs<\/strong> de LFI\u00a0\u00bb, et notamment avec la t\u00eate de liste, Allan Brunon.<\/p>\n<blockquote class=\"ac-article-quote wall-content\">\n<p>Quelqu\u2019un qui n\u2019est pas de Grenoble, qui ne conna\u00eet pas notre ville, dont personne ne peut penser s\u00e9rieusement qu\u2019il peut \u00eatre maire et qui se d\u00e9sint\u00e9resse totalement des dossiers locaux et pour cause, il a d\u2019autres ambitions en t\u00eate.<\/p>\n<p>    <strong>Alan Confesson<\/strong><br \/>\n        A propos d&rsquo;Allan Brunon, t\u00eate de liste LFI \u00e0 Grenoble    <\/p><\/blockquote>\n<p>Votre r\u00e9gion, votre actu !<\/p>\n<p>Recevez chaque jour les infos qui comptent pour vous.<\/p>\n<p>\t<a href=\"https:\/\/actu.fr\/newsletter\" class=\"ac-btn ac-btn--corner ac-btn--medium ac-btn--blue800\" rel=\"nofollow noopener\" target=\"_blank\">S&rsquo;incrire<\/a><\/p>\n<p class=\" wall-content\">Pour rappel, Allan Brunon a \u00e9t\u00e9 assistant parlementaire du d\u00e9put\u00e9 LFI du Rh\u00f4ne <a href=\"https:\/\/actu.fr\/auvergne-rhone-alpes\/villeurbanne_69266\/lfi-veut-desarmer-la-police-municipale-et-enlever-les-cameras-a-villeurbanne-gabriel-amard-assume_62880809.html\" rel=\"nofollow noopener\" target=\"_blank\">Gabriel Amard<\/a> et candidat aux l\u00e9gislatives de 2022 en Nord-Is\u00e8re. Campagne o\u00f9 des publications sur ses r\u00e9seaux sociaux ressorties par l\u2019extr\u00eame droite ont fait pol\u00e9miques, comme celle en 2022 \u2013 supprim\u00e9e depuis \u2013 commentant le d\u00e9c\u00e8s d\u2019un militant du RN.<\/p>\n<p class=\" wall-content\">Un profil qui ne convainc pas du tout Alan Confesson. \u00ab\u00a0LFI s\u2019appr\u00eate \u00e0 mener une campagne dans une logique purement identitaire et sectaire. Avec \u00e0 la cl\u00e9 un seul but, totalement d\u00e9corr\u00e9l\u00e9 de Grenoble : renforcer les groupes d\u2019actions insoumis pour <strong>\u00eatre pr\u00eats en vue de la prochaine \u00e9lection pr\u00e9sidentielle<\/strong>.\u00a0\u00bb<\/p>\n<p>\u00ab\u00a0J\u2019assume totalement mon acte\u00a0\u00bb<\/p>\n<p class=\" wall-content\">Tout cela l\u2019a donc convaincu de poursuivre l\u2019aventure des municipales avec Laurence Ruffin et il appelle les insoumis \u00ab\u00a0de bonne foi\u00a0\u00bb \u00e0 faire de m\u00eame.<\/p>\n<p class=\" wall-content\">\u00ab\u00a0Pour ma part, \u00e9lu depuis 2014 dans une municipalit\u00e9 qui a tant \u0153uvr\u00e9 <a href=\"https:\/\/actu.fr\/auvergne-rhone-alpes\/grenoble_38185\/grenoble-desertee-le-torchon-brule-entre-la-mairie-d-eric-piolle-et-des-commercants_62331599.html\" rel=\"nofollow noopener\" target=\"_blank\">pour transformer Grenoble<\/a>, je ne peux me r\u00e9soudre \u00e0 m\u2019associer \u00e0 une d\u00e9marche aussi nuisible et mortif\u00e8re, ass\u00e8ne Alan Confesson. Si LFI, \u00e0 Grenoble, a d\u00e9cid\u00e9 de renoncer \u00e0 la loyaut\u00e9 \u00e0 ses engagements, ce ne sera pas mon cas.\u00a0\u00bb<\/p>\n<p class=\" wall-content\">Une d\u00e9cision qui va certainement entra\u00eener <strong>sa suspension de LFI<\/strong>. \u00ab\u00a0J\u2019attends qu\u2019elle arrive, mais sereinement, assume l\u2019\u00e9lu \u00e0 actu Grenoble. J\u2019assume totalement mon acte.\u00a0\u00bb<\/p>\n<p class=\" wall-content\">Personnalisez votre actualit\u00e9 en ajoutant vos villes et m\u00e9dias en favori avec <a href=\"https:\/\/moncompte.actu.fr\" title=\"D\u00e9couvez Mon Actu\" rel=\"nofollow noopener\" data-trk=\"{&quot;cta&quot;:{&quot;action&quot;:&quot;https:\\\/\\\/moncompte.actu.fr&quot;,&quot;category&quot;:&quot;mon compte&quot;,&quot;from&quot;:&quot;article footer&quot;,&quot;name&quot;:&quot;Mon actu&quot;,&quot;type&quot;:&quot;cta&quot;}}\" target=\"_blank\">Mon Actu<\/a>.<\/p>\n","protected":false},"excerpt":{"rendered":"Par Lisa Rodrigues Publi\u00e9 le 14 oct. 2025 \u00e0 11h16 La gauche plus divis\u00e9e que jamais \u00e0 Grenoble&hellip;\n","protected":false},"author":2,"featured_media":462556,"comment_status":"","ping_status":"","sticky":false,"template":"","format":"standard","meta":{"footnotes":""},"categories":[9566],"tags":[1111,11,2430,4188,9607,1777,674,1011,27,2731,1023,3434,12,316,25],"class_list":{"0":"post-462555","1":"post","2":"type-post","3":"status-publish","4":"format-standard","5":"has-post-thumbnail","7":"category-grenoble","8":"tag-actu","9":"tag-actualites","10":"tag-auvergne-rhone-alpes","11":"tag-elections-municipales","12":"tag-eric-piolle","13":"tag-eu","14":"tag-europe","15":"tag-fr","16":"tag-france","17":"tag-grenoble","18":"tag-la-france-insoumise-lfi","19":"tag-municipales-2026","20":"tag-news","21":"tag-politique","22":"tag-republique-francaise"},"share_on_mastodon":{"url":"https:\/\/pubeurope.com\/@fr\/115373019341666766","error":""},"_links":{"self":[{"href":"https:\/\/www.europesays.com\/fr\/wp-json\/wp\/v2\/posts\/462555","targetHints":{"allow":["GET"]}}],"collection":[{"href":"https:\/\/www.europesays.com\/fr\/wp-json\/wp\/v2\/posts"}],"about":[{"href":"https:\/\/www.europesays.com\/fr\/wp-json\/wp\/v2\/types\/post"}],"author":[{"embeddable":true,"href":"https:\/\/www.europesays.com\/fr\/wp-json\/wp\/v2\/users\/2"}],"replies":[{"embeddable":true,"href":"https:\/\/www.europesays.com\/fr\/wp-json\/wp\/v2\/comments?post=462555"}],"version-history":[{"count":0,"href":"https:\/\/www.europesays.com\/fr\/wp-json\/wp\/v2\/posts\/462555\/revisions"}],"wp:featuredmedia":[{"embeddable":true,"href":"https:\/\/www.europesays.com\/fr\/wp-json\/wp\/v2\/media\/462556"}],"wp:attachment":[{"href":"https:\/\/www.europesays.com\/fr\/wp-json\/wp\/v2\/media?parent=462555"}],"wp:term":[{"taxonomy":"category","embeddable":true,"href":"https:\/\/www.europesays.com\/fr\/wp-json\/wp\/v2\/categories?post=462555"},{"taxonomy":"post_tag","embeddable":true,"href":"https:\/\/www.europesays.com\/fr\/wp-json\/wp\/v2\/tags?post=462555"}],"curies":[{"name":"wp","href":"https:\/\/api.w.org\/{rel}","templated":true}]}}