{"id":462561,"date":"2025-10-14T14:37:22","date_gmt":"2025-10-14T14:37:22","guid":{"rendered":"https:\/\/www.europesays.com\/fr\/462561\/"},"modified":"2025-10-14T14:37:22","modified_gmt":"2025-10-14T14:37:22","slug":"les-enqueteurs-sur-la-piste-marseillaise-et-du-clan-yoda","status":"publish","type":"post","link":"https:\/\/www.europesays.com\/fr\/462561\/","title":{"rendered":"les enqu\u00eateurs sur la piste marseillaise et du clan Yoda"},"content":{"rendered":"<p class=\"article__intro\">Quatre personnes ont \u00e9t\u00e9 interpell\u00e9es hier \u00e0 Marseille, selon les informations du T\u00e9l\u00e9gramme, ce serait en lien avec un point de deal \u00e0 Villejean et les coups de feu qui ont secou\u00e9 le quartier de Rennes, entre novembre 2024 et mai 2025.<\/p>\n<p>\n      La Quotidienne Soci\u00e9t\u00e9\n    <\/p>\n<p>\n      De la vie quotidienne aux grands enjeux, recevez tous les jours les sujets qui font la soci\u00e9t\u00e9 locale, comme la justice, l\u2019\u00e9ducation, la sant\u00e9 et la famille.\n    <\/p>\n<p>    France T\u00e9l\u00e9visions utilise votre adresse e-mail afin de vous envoyer la newsletter \u00ab\u00a0La Quotidienne Soci\u00e9t\u00e9\u00a0\u00bb. Vous pouvez vous d\u00e9sinscrire \u00e0 tout moment via le lien en bas de cette newsletter. <a target=\"_blank\" href=\"https:\/\/www.francetelevisions.fr\/groupe\/confidentialite\/politique-de-confidentialite\/politique-de-confidentialite-de-france-televisions-6503\" rel=\"nofollow noopener\">Notre politique de confidentialit\u00e9<\/a><\/p>\n<p>Semer la terreur pour s&#8217;emparer d&rsquo;un point de deal : la strat\u00e9gie est \u00e9prouv\u00e9e, et c&rsquo;est elle qui expliquerait les fusillades qui se sont succ\u00e9d\u00e9 pendant six mois, dans le <strong>quartier Villejean<\/strong>, \u00e0 Rennes, en d\u00e9but d&rsquo;ann\u00e9e. Selon nos confr\u00e8res du journal <a href=\"https:\/\/www.letelegramme.fr\/bretagne\/fusillades-dans-le-quartier-de-villejean-a-rennes-quatre-membres-du-clan-yoda-interpelles-a-marseille-6908577.php\" target=\"_blank\" rel=\"noopener noreferrer nofollow\" data-tooltip-url=\"https:\/\/www.letelegramme.fr\/bretagne\/fusillades-dans-le-quartier-de-villejean-a-rennes-quatre-membres-du-clan-yoda-interpelles-a-marseille-6908577.php\">Le T\u00e9l\u00e9gramme<\/a>, quatre personnes ont \u00e9t\u00e9 interpell\u00e9es, hier, lundi 13 octobre, \u00e0 Marseille, dans le cadre d&rsquo;une enqu\u00eate \u00e9tayant la piste marseillaise dans la s\u00e9rie de coups de feu qu&rsquo;a connue le secteur nord-ouest de Rennes.<\/p>\n<p>Cette s\u00e9quence dramatique avait commenc\u00e9 avec <a href=\"https:\/\/france3-regions.franceinfo.fr\/bretagne\/ille-et-vilaine\/rennes\/un-homme-blesse-par-balle-par-des-hommes-cagoules-dans-le-quartier-de-villejean-3066967.html\" target=\"_blank\" rel=\"noopener noreferrer nofollow\" data-tooltip-url=\"https:\/\/france3-regions.franceinfo.fr\/bretagne\/ille-et-vilaine\/rennes\/un-homme-blesse-par-balle-par-des-hommes-cagoules-dans-le-quartier-de-villejean-3066967.html\">un homme bless\u00e9 par balle au thorax le 27 novembre 2024<\/a>. S&rsquo;en \u00e9tait suivi une s\u00e9rie de fusillades, en d\u00e9but de soir\u00e9e et m\u00eame en journ\u00e9e, souvent le week-end, \u00e0 proximit\u00e9 de la dalle Kenedy, la place principale de Villejean. Pour finir, <a href=\"https:\/\/france3-regions.franceinfo.fr\/bretagne\/ille-et-vilaine\/rennes\/fusillade-de-villejean-les-gardes-a-vue-des-suspects-dans-la-fusillade-de-samedi-sont-prolongees-3148868.html\" target=\"_blank\" rel=\"noopener noreferrer nofollow\" data-tooltip-url=\"https:\/\/france3-regions.franceinfo.fr\/bretagne\/ille-et-vilaine\/rennes\/fusillade-de-villejean-les-gardes-a-vue-des-suspects-dans-la-fusillade-de-samedi-sont-prolongees-3148868.html\">le samedi 3 mai 2025, peu apr\u00e8s 19 heures, une \u00e9ni\u00e8me \u00ab\u00a0descente\u00a0\u00bb de malfaiteurs<\/a>, dont l&rsquo;un arm\u00e9 d&rsquo;un fusil automatique type kalachnikov, avait bless\u00e9 trois adolescents \u00e2g\u00e9s de 16 \u00e0 17 ans.<\/p>\n<p><strong>A lire aussi : <\/strong><a href=\"https:\/\/france3-regions.franceinfo.fr\/bretagne\/ille-et-vilaine\/rennes\/fusillades-en-serie-a-rennes-deux-ans-de-guerre-de-la-drogue-dans-les-quartiers-3140759.html\" target=\"_blank\" rel=\"noopener noreferrer nofollow\" data-tooltip-url=\"https:\/\/france3-regions.franceinfo.fr\/bretagne\/ille-et-vilaine\/rennes\/fusillades-en-serie-a-rennes-deux-ans-de-guerre-de-la-drogue-dans-les-quartiers-3140759.html\"><strong>Fusillades en s\u00e9rie \u00e0 Rennes : deux ans de guerre de la drogue dans les quartiers<\/strong><\/a><\/p>\n<p>Selon les informations du T\u00e9l\u00e9gramme, \u00ab\u00a0les enqu\u00eateurs de la police judiciaire [de Rennes] ont \u00e9tabli un faisceau d&rsquo;indices qui prouve que le clan Yoda \u00e9tait derri\u00e8re ces actions\u00a0\u00bb. Dans ce cadre, les policiers rennais ont plac\u00e9 en garde \u00e0 vue le bras droit du chef de ce clan marseillais, d\u00e9j\u00e0 incarc\u00e9r\u00e9 pour d&rsquo;autres faits \u00e0 la prison des Beaumettes, dans la cit\u00e9 phoc\u00e9enne, ainsi que trois autres suspects. La garde \u00e0 vue de ces quatre-l\u00e0 \u00ab\u00a0peut durer jusqu&rsquo;\u00e0 96 heures\u00a0\u00bb, nous a pr\u00e9cis\u00e9 la police de Rennes, ce mardi matin.<\/p>\n<p>F\u00e9lix Bingui, la t\u00eate du clan Yoda, avait lui aussi \u00e9t\u00e9 arr\u00eat\u00e9, en mars 2024, au Maroc. Il pourrait \u00eatre jug\u00e9 avant la fin de l&rsquo;ann\u00e9e 2025.<\/p>\n<p>Au cours des nombreuses fusillades, plusieurs suspects avaient d\u00e9j\u00e0 \u00e9t\u00e9 arr\u00eat\u00e9s, \u00e0 Rennes ou \u00e0 proximit\u00e9 de Rennes, notamment apr\u00e8s <a href=\"https:\/\/france3-regions.franceinfo.fr\/bretagne\/ille-et-vilaine\/rennes\/fusillade-dans-le-quartier-villejean-a-rennes-les-quatre-suspects-mis-en-examen-et-ecroues-3142031.html\" target=\"_blank\" rel=\"noopener noreferrer nofollow\" data-tooltip-url=\"https:\/\/france3-regions.franceinfo.fr\/bretagne\/ille-et-vilaine\/rennes\/fusillade-dans-le-quartier-villejean-a-rennes-les-quatre-suspects-mis-en-examen-et-ecroues-3142031.html\">la fusillade du 17 avril<\/a> et <a href=\"https:\/\/france3-regions.franceinfo.fr\/bretagne\/ille-et-vilaine\/rennes\/fusillade-de-villejean-les-gardes-a-vue-des-suspects-dans-la-fusillade-de-samedi-sont-prolongees-3148868.html\" target=\"_blank\" rel=\"noopener noreferrer nofollow\" data-tooltip-url=\"https:\/\/france3-regions.franceinfo.fr\/bretagne\/ille-et-vilaine\/rennes\/fusillade-de-villejean-les-gardes-a-vue-des-suspects-dans-la-fusillade-de-samedi-sont-prolongees-3148868.html\">apr\u00e8s celle du 3 mai 2025.<\/a><\/p>\n","protected":false},"excerpt":{"rendered":"Quatre personnes ont \u00e9t\u00e9 interpell\u00e9es hier \u00e0 Marseille, selon les informations du T\u00e9l\u00e9gramme, ce serait en lien avec&hellip;\n","protected":false},"author":2,"featured_media":462562,"comment_status":"","ping_status":"","sticky":false,"template":"","format":"standard","meta":{"footnotes":""},"categories":[2821],"tags":[1111,11,829,1777,674,1011,27,12,584,25],"class_list":{"0":"post-462561","1":"post","2":"type-post","3":"status-publish","4":"format-standard","5":"has-post-thumbnail","7":"category-rennes","8":"tag-actu","9":"tag-actualites","10":"tag-bretagne","11":"tag-eu","12":"tag-europe","13":"tag-fr","14":"tag-france","15":"tag-news","16":"tag-rennes","17":"tag-republique-francaise"},"share_on_mastodon":{"url":"https:\/\/pubeurope.com\/@fr\/115373031164954151","error":""},"_links":{"self":[{"href":"https:\/\/www.europesays.com\/fr\/wp-json\/wp\/v2\/posts\/462561","targetHints":{"allow":["GET"]}}],"collection":[{"href":"https:\/\/www.europesays.com\/fr\/wp-json\/wp\/v2\/posts"}],"about":[{"href":"https:\/\/www.europesays.com\/fr\/wp-json\/wp\/v2\/types\/post"}],"author":[{"embeddable":true,"href":"https:\/\/www.europesays.com\/fr\/wp-json\/wp\/v2\/users\/2"}],"replies":[{"embeddable":true,"href":"https:\/\/www.europesays.com\/fr\/wp-json\/wp\/v2\/comments?post=462561"}],"version-history":[{"count":0,"href":"https:\/\/www.europesays.com\/fr\/wp-json\/wp\/v2\/posts\/462561\/revisions"}],"wp:featuredmedia":[{"embeddable":true,"href":"https:\/\/www.europesays.com\/fr\/wp-json\/wp\/v2\/media\/462562"}],"wp:attachment":[{"href":"https:\/\/www.europesays.com\/fr\/wp-json\/wp\/v2\/media?parent=462561"}],"wp:term":[{"taxonomy":"category","embeddable":true,"href":"https:\/\/www.europesays.com\/fr\/wp-json\/wp\/v2\/categories?post=462561"},{"taxonomy":"post_tag","embeddable":true,"href":"https:\/\/www.europesays.com\/fr\/wp-json\/wp\/v2\/tags?post=462561"}],"curies":[{"name":"wp","href":"https:\/\/api.w.org\/{rel}","templated":true}]}}