{"id":462563,"date":"2025-10-14T14:38:12","date_gmt":"2025-10-14T14:38:12","guid":{"rendered":"https:\/\/www.europesays.com\/fr\/462563\/"},"modified":"2025-10-14T14:38:12","modified_gmt":"2025-10-14T14:38:12","slug":"les-chefs-doeuvre-de-vincent-van-gogh-projetes-dans-le-cadre-dune-expo-evenement","status":"publish","type":"post","link":"https:\/\/www.europesays.com\/fr\/462563\/","title":{"rendered":"les chefs-d&rsquo;\u0153uvre de Vincent Van Gogh projet\u00e9s dans le cadre d&rsquo;une expo \u00e9v\u00e9nement"},"content":{"rendered":"<p>            Par<br \/>\n        <strong><br \/>\n            <a href=\"https:\/\/actu.fr\/auteur\/thomas-blanc\" title=\"Consulter tous les articles de Thomas Blanc\" target=\"_blank\" rel=\"noopener\">Thomas Blanc<\/a><br \/>\n        <\/strong><\/p>\n<p>        Publi\u00e9 le<\/p>\n<p>            14 oct. 2025 \u00e0 16h23        <\/p>\n<p>Elle a voyag\u00e9 aux quatre coins du monde, de <strong>S\u00e9oul<\/strong> \u00e0 <strong>Milan<\/strong> en passant par <strong>New York<\/strong>. En France, on a d\u00e9j\u00e0 pu la d\u00e9couvrir \u00e0 Paris, <a href=\"https:\/\/actu.fr\/auvergne-rhone-alpes\/villeurbanne_69266\/lyon-cette-exposition-immersive-qui-cartonne-va-bientot-prendre-fin-tout-savoir_63045304.html\" target=\"_blank\" rel=\"noopener\">Lyon<\/a> et <a href=\"https:\/\/actu.fr\/hauts-de-france\/lille_59350\/a-lille-cette-incroyable-exposition-immersive-vous-propose-de-rentrer-dans-la-tete-et-lart-de-van-gogh_61969712.html\" target=\"_blank\" rel=\"noopener\">Lille<\/a>. D\u00e9sormais, c\u2019est \u00e0 Strasbourg que Tempora et Exhibition Hub installent leur exposition immersive \u00e0 succ\u00e8s <a href=\"https:\/\/actu.fr\/grand-est\/strasbourg_67482\/apres-new-york-ou-seoul-une-exposition-immersive-unique-dediee-a-van-gogh-debarque-a-strasbourg_62928299.html\" target=\"_blank\" rel=\"noopener\">\u00ab\u00a0Van Gogh : the immersive experience\u00a0\u00bb<\/a>, au <strong>Parc des expositions<\/strong>. On a pu la d\u00e9couvrir en avant-premi\u00e8re.<\/p>\n<p>L\u2019exposition immersive sur Vincent Van\u00a0Gogh sera \u00e0 Strasbourg d\u00e8s le 15\u00a0octobre<\/p>\n<p class=\" wall-content\">L\u2019exposition sera visitable d\u00e8s demain, <strong>mercredi 15 octobre 2025, jusqu\u2019au 1er mars 2026.<\/strong><\/p>\n<blockquote class=\"tiktok-embed\" cite=\"https:\/\/www.tiktok.com\/@lorraine.actu\/video\/7561082163714592022\" data-video-id=\"7561082163714592022\" data-embed-from=\"oembed\" style=\"max-width:605px; min-width:325px;\"><p>\n<a target=\"_blank\" title=\"@lorraine.actu\" href=\"https:\/\/www.tiktok.com\/@lorraine.actu?refer=embed\" rel=\"noopener\">@lorraine.actu<\/a> <\/p>\n<p>Elle a voyag\u00e9 aux quatre coins du monde, de S\u00e9oul \u00e0 Milan en passant par New York. En France, on a d\u00e9j\u00e0 pu la d\u00e9couvrir \u00e0 Paris, Lyon et Lille. D\u00e9sormais, c\u2019est \u00e0 Strasbourg que Tempora et Exhibition Hub installent leur exposition immersive \u00e0 succ\u00e8s \u00ab Van Gogh : the immersive experience \u00bb, au Parc des expositions. On a pu la d\u00e9couvrir en avant-premi\u00e8re. L\u2019exposition immersive sur Vincent Van Gogh sera \u00e0 Strasbourg d\u00e8s le 15 octobre L\u2019exposition sera visitable d\u00e8s demain, mercredi 15 octobre 2025, jusqu\u2019au 1er mars 2026. C\u00e9dric Moulart, chef de projet chez Tempora le dit, \u00ab\u2009l\u2019id\u00e9e de cette expo est de venir se plonger dans l\u2019\u0153uvre du peintre exceptionnel qu\u2019est Vincent Van Gogh\u2009\u00bb. Pour cela, la d\u00e9couverte du travail de l\u2019artiste n\u00e9erlandais se fait en plusieurs temps avec d\u2019abord un espace de d\u00e9couverte de la vie de l\u2019artiste. Ce moment est d\u00e9crit comme \u00ab\u2009une partie \u00e9ducative et p\u00e9dagogique pour comprendre comment sa vie a influenc\u00e9 son \u0153uvre et d\u00e9mystifier certaines l\u00e9gendes\u2009\u00bb, explique C\u00e9dric Moulart. Dans cet espace, les panneaux ont \u00e9t\u00e9 relus par le Dr Wouter Van der Veen, professeur \u00e0 l\u2019Universit\u00e9 de Strasbourg et fondateur de la Van Gogh Academy. Une visite classique qui prend le tournant de la r\u00e9alit\u00e9 virtuelle Mais l\u2019exposition doit son succ\u00e8s \u00e0 sa particularit\u00e9, elle est \u00ab\u2009immersive\u2009\u00bb. En effet, apr\u00e8s cette partie classique, le visiteur entre dans un espace o\u00f9 il d\u00e9couvrira les peintures de Van Gogh sous une nouvelle perspective via des projections \u00e0 360\u00b0 sur des murs de 6 m\u00e8tres de long. \u00ab\u2009Une partie en r\u00e9alit\u00e9 virtuelle pour se plonger plus profond\u00e9ment dans son \u0153uvre\u2009\u00bb est propos\u00e9e en fin de parcours. Les Strasbourgeois habitu\u00e9s aux expositions de Tempora Pour mettre les pieds dans le hall Tivoli du Parc des expositions o\u00f9 se tient \u00ab Van Gogh\u2009: the immersive experience \u00bb, il faudra d\u00e9bourser 18,90 euros pour un adulte et 14,90 euros pour un enfant \u00e2ge de 6 \u00e0 18 ans. La r\u00e9servation des billets se fait en suivant ce lien. Pour les habitu\u00e9s des expositions \u00e0 Strasbourg, la soci\u00e9t\u00e9 belge Tempora \u00e9tait d\u00e9j\u00e0 derri\u00e8re les expositions Tout\u00e2nkhamon et Antoine de Saint-Exup\u00e9ry \u2013 Le Petit Prince parmi les Hommes qui se sont toutes deux tenues au Parc des expositions ces derniers mois.<\/p>\n<p> <a target=\"_blank\" title=\"\u266c Epic Music(863502) - Draganov89\" href=\"https:\/\/www.tiktok.com\/music\/Epic-Music-863502-6873501791145691137?refer=embed\" rel=\"noopener\">\u266c Epic Music(863502) \u2013 Draganov89<\/a> <\/p>\n<\/blockquote>\n<p class=\" wall-content\">C\u00e9dric Moulart, chef de projet chez Tempora le dit, \u00ab\u2009l\u2019id\u00e9e de cette expo est de venir <strong>se plonger dans l\u2019\u0153uvre du peintre exceptionnel<\/strong> qu\u2019est Vincent Van Gogh\u2009\u00bb. Pour cela, la d\u00e9couverte du travail de l\u2019artiste n\u00e9erlandais se fait en plusieurs temps avec d\u2019abord un <strong>espace de d\u00e9couverte de la vie<\/strong> de l\u2019artiste.<\/p>\n<p class=\" wall-content\">Ce moment est d\u00e9crit comme \u00ab\u2009<strong>une partie \u00e9ducative et p\u00e9dagogique<\/strong> pour comprendre comment sa vie a influenc\u00e9 son \u0153uvre et d\u00e9mystifier certaines l\u00e9gendes\u2009\u00bb, explique C\u00e9dric Moulart. Dans cet espace, les panneaux ont \u00e9t\u00e9 relus par le <strong>Dr Wouter Van der Veen, professeur \u00e0 l\u2019Universit\u00e9 de Strasbourg<\/strong> et fondateur de la Van Gogh Academy.<\/p>\n<p>Une visite classique qui prend le tournant de la r\u00e9alit\u00e9 virtuelle<\/p>\n<p class=\" wall-content\">Mais l\u2019exposition doit son succ\u00e8s \u00e0 sa particularit\u00e9,<strong> elle est \u00ab\u2009immersive\u2009\u00bb<\/strong>. En effet, apr\u00e8s cette partie classique, le visiteur entre dans un espace o\u00f9 il d\u00e9couvrira les peintures de Van Gogh sous une nouvelle perspective via <strong>des projections \u00e0 360\u00b0 sur des murs de 6 m\u00e8tres de long.<\/strong><\/p>\n<p>Votre r\u00e9gion, votre actu !<\/p>\n<p>Recevez chaque jour les infos qui comptent pour vous.<\/p>\n<p>\t<a href=\"https:\/\/actu.fr\/newsletter\" class=\"ac-btn ac-btn--corner ac-btn--medium ac-btn--blue800\" target=\"_blank\" rel=\"noopener\">S&rsquo;incrire<\/a><\/p>\n<p class=\" wall-content\">\u00ab\u2009Une partie <strong>en r\u00e9alit\u00e9 virtuelle<\/strong> pour se plonger plus profond\u00e9ment dans son \u0153uvre\u2009\u00bb est propos\u00e9e en fin de parcours.<\/p>\n<p>Les Strasbourgeois habitu\u00e9s aux expositions de Tempora<\/p>\n<p class=\" wall-content\">Pour mettre les pieds dans le hall Tivoli du Parc des expositions o\u00f9 se tient \u00ab\u00a0Van Gogh\u2009: the immersive experience\u00a0\u00bb, il faudra d\u00e9bourser <strong>18,90\u00a0euros pour un adulte et 14,90\u00a0euros pour un enfant<\/strong> \u00e2ge de 6 \u00e0 18\u00a0ans. La r\u00e9servation des billets se fait <a href=\"https:\/\/vangoghexpo.com\/strasbourg\/\" target=\"_blank\" rel=\"noopener\">en suivant ce lien<\/a>.<\/p>\n<p class=\" wall-content\">Pour les habitu\u00e9s des expositions \u00e0 Strasbourg, la soci\u00e9t\u00e9 belge Tempora \u00e9tait d\u00e9j\u00e0 derri\u00e8re les expositions Tout\u00e2nkhamon et Antoine de Saint-Exup\u00e9ry \u2013 Le Petit Prince parmi les Hommes qui se sont toutes <strong>deux tenues au Parc des expositions ces derniers mois<\/strong>.<\/p>\n<p class=\" wall-content\">Personnalisez votre actualit\u00e9 en ajoutant vos villes et m\u00e9dias en favori avec <a href=\"https:\/\/moncompte.actu.fr\" title=\"D\u00e9couvez Mon Actu\" rel=\"nofollow noopener\" data-trk=\"{&quot;cta&quot;:{&quot;action&quot;:&quot;https:\\\/\\\/moncompte.actu.fr&quot;,&quot;category&quot;:&quot;mon compte&quot;,&quot;from&quot;:&quot;article footer&quot;,&quot;name&quot;:&quot;Mon actu&quot;,&quot;type&quot;:&quot;cta&quot;}}\" target=\"_blank\">Mon Actu<\/a>.<\/p>\n<p>                    <script async src=\"\/\/www.tiktok.com\/embed.js\"><\/script><\/p>\n","protected":false},"excerpt":{"rendered":"Par Thomas Blanc Publi\u00e9 le 14 oct. 2025 \u00e0 16h23 Elle a voyag\u00e9 aux quatre coins du monde,&hellip;\n","protected":false},"author":2,"featured_media":462564,"comment_status":"","ping_status":"","sticky":false,"template":"","format":"standard","meta":{"footnotes":""},"categories":[2820],"tags":[1111,11,1777,674,1349,1011,27,775,1652,12,25,640,12573],"class_list":{"0":"post-462563","1":"post","2":"type-post","3":"status-publish","4":"format-standard","5":"has-post-thumbnail","7":"category-strasbourg","8":"tag-actu","9":"tag-actualites","10":"tag-eu","11":"tag-europe","12":"tag-expositions","13":"tag-fr","14":"tag-france","15":"tag-grand-est","16":"tag-loisirs-culture","17":"tag-news","18":"tag-republique-francaise","19":"tag-strasbourg","20":"tag-vincent-van-gogh"},"share_on_mastodon":{"url":"https:\/\/pubeurope.com\/@fr\/115373034963305529","error":""},"_links":{"self":[{"href":"https:\/\/www.europesays.com\/fr\/wp-json\/wp\/v2\/posts\/462563","targetHints":{"allow":["GET"]}}],"collection":[{"href":"https:\/\/www.europesays.com\/fr\/wp-json\/wp\/v2\/posts"}],"about":[{"href":"https:\/\/www.europesays.com\/fr\/wp-json\/wp\/v2\/types\/post"}],"author":[{"embeddable":true,"href":"https:\/\/www.europesays.com\/fr\/wp-json\/wp\/v2\/users\/2"}],"replies":[{"embeddable":true,"href":"https:\/\/www.europesays.com\/fr\/wp-json\/wp\/v2\/comments?post=462563"}],"version-history":[{"count":0,"href":"https:\/\/www.europesays.com\/fr\/wp-json\/wp\/v2\/posts\/462563\/revisions"}],"wp:featuredmedia":[{"embeddable":true,"href":"https:\/\/www.europesays.com\/fr\/wp-json\/wp\/v2\/media\/462564"}],"wp:attachment":[{"href":"https:\/\/www.europesays.com\/fr\/wp-json\/wp\/v2\/media?parent=462563"}],"wp:term":[{"taxonomy":"category","embeddable":true,"href":"https:\/\/www.europesays.com\/fr\/wp-json\/wp\/v2\/categories?post=462563"},{"taxonomy":"post_tag","embeddable":true,"href":"https:\/\/www.europesays.com\/fr\/wp-json\/wp\/v2\/tags?post=462563"}],"curies":[{"name":"wp","href":"https:\/\/api.w.org\/{rel}","templated":true}]}}