{"id":462565,"date":"2025-10-14T14:39:12","date_gmt":"2025-10-14T14:39:12","guid":{"rendered":"https:\/\/www.europesays.com\/fr\/462565\/"},"modified":"2025-10-14T14:39:12","modified_gmt":"2025-10-14T14:39:12","slug":"strasbourg-devant-le-tribunal-la-vegetalisation-de-la-place-gisele-halimi-a-commence","status":"publish","type":"post","link":"https:\/\/www.europesays.com\/fr\/462565\/","title":{"rendered":"Strasbourg. Devant le tribunal, la v\u00e9g\u00e9talisation de la place Gis\u00e8le-Halimi a commenc\u00e9"},"content":{"rendered":"<p>Alors que <a href=\"https:\/\/www.dna.fr\/economie\/2025\/03\/14\/a-cause-de-fuites-de-lourds-travaux-s-imposent-sur-le-toit-du-tribunal-judiciaire\" target=\"_blank\" rel=\"noopener\">la coiffe du tribunal est toujours en travaux<\/a> , des engins ont d\u00e9barqu\u00e9 \u00e0 ses pieds, place Gis\u00e8le-Halimi, ce mardi 14\u00a0octobre. Deux carr\u00e9s de verdure (480 m 2 au total) vont y \u00eatre am\u00e9nag\u00e9s avec des bancs. Cette fois-ci, il ne s\u2019agit pas d\u2019installations \u00e9ph\u00e9m\u00e8res comme les \u00eelots de fra\u00eecheur estivaux, mais bien d\u2019un am\u00e9nagement d\u00e9finitif \u00ab\u00a0qui \u00e9tait une demande de longue date des habitants\u00a0\u00bb, rappelle Sophie Dupressoir, l\u2019\u00e9lue du quartier, dans un post Facebook.<\/p>\n","protected":false},"excerpt":{"rendered":"Alors que la coiffe du tribunal est toujours en travaux , des engins ont d\u00e9barqu\u00e9 \u00e0 ses pieds,&hellip;\n","protected":false},"author":2,"featured_media":462566,"comment_status":"","ping_status":"","sticky":false,"template":"","format":"standard","meta":{"footnotes":""},"categories":[2820],"tags":[1111,11,4749,33,2880,436,1777,674,107,1011,27,775,12,25,640,2879],"class_list":{"0":"post-462565","1":"post","2":"type-post","3":"status-publish","4":"format-standard","5":"has-post-thumbnail","7":"category-strasbourg","8":"tag-actu","9":"tag-actualites","10":"tag-btp-et-chantiers","11":"tag-economie","12":"tag-edition-strasbourg","13":"tag-environnement","14":"tag-eu","15":"tag-europe","16":"tag-fil-info","17":"tag-fr","18":"tag-france","19":"tag-grand-est","20":"tag-news","21":"tag-republique-francaise","22":"tag-strasbourg","23":"tag-strasbourg-ville"},"share_on_mastodon":{"url":"https:\/\/pubeurope.com\/@fr\/115373038925041101","error":""},"_links":{"self":[{"href":"https:\/\/www.europesays.com\/fr\/wp-json\/wp\/v2\/posts\/462565","targetHints":{"allow":["GET"]}}],"collection":[{"href":"https:\/\/www.europesays.com\/fr\/wp-json\/wp\/v2\/posts"}],"about":[{"href":"https:\/\/www.europesays.com\/fr\/wp-json\/wp\/v2\/types\/post"}],"author":[{"embeddable":true,"href":"https:\/\/www.europesays.com\/fr\/wp-json\/wp\/v2\/users\/2"}],"replies":[{"embeddable":true,"href":"https:\/\/www.europesays.com\/fr\/wp-json\/wp\/v2\/comments?post=462565"}],"version-history":[{"count":0,"href":"https:\/\/www.europesays.com\/fr\/wp-json\/wp\/v2\/posts\/462565\/revisions"}],"wp:featuredmedia":[{"embeddable":true,"href":"https:\/\/www.europesays.com\/fr\/wp-json\/wp\/v2\/media\/462566"}],"wp:attachment":[{"href":"https:\/\/www.europesays.com\/fr\/wp-json\/wp\/v2\/media?parent=462565"}],"wp:term":[{"taxonomy":"category","embeddable":true,"href":"https:\/\/www.europesays.com\/fr\/wp-json\/wp\/v2\/categories?post=462565"},{"taxonomy":"post_tag","embeddable":true,"href":"https:\/\/www.europesays.com\/fr\/wp-json\/wp\/v2\/tags?post=462565"}],"curies":[{"name":"wp","href":"https:\/\/api.w.org\/{rel}","templated":true}]}}