{"id":462567,"date":"2025-10-14T14:40:15","date_gmt":"2025-10-14T14:40:15","guid":{"rendered":"https:\/\/www.europesays.com\/fr\/462567\/"},"modified":"2025-10-14T14:40:15","modified_gmt":"2025-10-14T14:40:15","slug":"cocaine-armes-de-poing-et-cash-neuf-personnes-condamnees-a-de-la-prison-pour-trafic-de-stups-a-nice","status":"publish","type":"post","link":"https:\/\/www.europesays.com\/fr\/462567\/","title":{"rendered":"Coca\u00efne, armes de poing et cash&#8230; Neuf personnes condamn\u00e9es \u00e0 de la prison pour trafic de stups \u00e0 Nice"},"content":{"rendered":"<p class=\"fs-5 \"><a href=\"https:\/\/www.nicematin.com\/faits-divers\/une-femme-arretee-a-nice-role-dans-l-attaque-on-en-sait-plus-sur-les-deux-suspects-interpelles-apres-la-fusillade-aux-moulins-10651775\" rel=\"nofollow noopener\" target=\"_blank\">La fusillade meurtri\u00e8re du 3 octobre \u00e0 Nice<\/a> a ramen\u00e9 le narcotrafic sous les projecteurs m\u00e9diatiques. Mais pour les policiers nationaux, la <strong>lutte contre les r\u00e9seaux de livraison de produits stup\u00e9fiants<\/strong> est un combat quotidien.<\/p>\n<p class=\"fs-5 \"><strong>Neuf suspects<\/strong> ont \u00e9t\u00e9 interpell\u00e9s dans ce cadre la semaine derni\u00e8re, dans plusieurs appartements \u00e0 Nice-Ouest, mais aussi dans le centre-ville et \u00e0 Nice-Est.<\/p>\n<p class=\"fs-5 \">\u00ab <strong>Un kilo de coca\u00efne, deux armes de poing et 17.000 euros<\/strong> ont \u00e9t\u00e9 saisis, ainsi que <strong>deux v\u00e9hicules<\/strong> \u00bb, indique le procureur de la R\u00e9publique de Nice, Damien Martinelli, dans un communiqu\u00e9 diffus\u00e9 ce mardi.<\/p>\n<p>                                                                                6\u00a0\u00e0 30\u00a0mois de prison<\/p>\n<p class=\"fs-5 \">\u00ab Au terme des gardes \u00e0 vue, les neuf personnes ont \u00e9t\u00e9 <strong>d\u00e9f\u00e9r\u00e9es <\/strong>dans le cadre d\u2019une comparution sur reconnaissance pr\u00e9alable de culpabilit\u00e9. \u00bb<\/p>\n<p class=\"fs-5 \">Plut\u00f4t que de passer par la case tribunal, avec une peine potentiellement plus lourde \u00e0 la cl\u00e9, les neuf individus ont \u00e9t\u00e9 d\u00e9f\u00e9r\u00e9s dans le cadre d\u2019une comparution sur reconnaissance pr\u00e9alable de culpabilit\u00e9. Tous ont \u00e9t\u00e9 reconnus <strong>coupables et condamn\u00e9s \u00e0 des peines <\/strong>allant de 6 \u00e0 30 mois d\u2019emprisonnement.<\/p>\n","protected":false},"excerpt":{"rendered":"La fusillade meurtri\u00e8re du 3 octobre \u00e0 Nice a ramen\u00e9 le narcotrafic sous les projecteurs m\u00e9diatiques. Mais pour&hellip;\n","protected":false},"author":2,"featured_media":462568,"comment_status":"","ping_status":"","sticky":false,"template":"","format":"standard","meta":{"footnotes":""},"categories":[2819],"tags":[1111,11,1777,674,1011,27,12,2401,882,25],"class_list":{"0":"post-462567","1":"post","2":"type-post","3":"status-publish","4":"format-standard","5":"has-post-thumbnail","7":"category-nice","8":"tag-actu","9":"tag-actualites","10":"tag-eu","11":"tag-europe","12":"tag-fr","13":"tag-france","14":"tag-news","15":"tag-nice","16":"tag-provence-alpes-cote-dazur","17":"tag-republique-francaise"},"share_on_mastodon":{"url":"https:\/\/pubeurope.com\/@fr\/115373042953328704","error":""},"_links":{"self":[{"href":"https:\/\/www.europesays.com\/fr\/wp-json\/wp\/v2\/posts\/462567","targetHints":{"allow":["GET"]}}],"collection":[{"href":"https:\/\/www.europesays.com\/fr\/wp-json\/wp\/v2\/posts"}],"about":[{"href":"https:\/\/www.europesays.com\/fr\/wp-json\/wp\/v2\/types\/post"}],"author":[{"embeddable":true,"href":"https:\/\/www.europesays.com\/fr\/wp-json\/wp\/v2\/users\/2"}],"replies":[{"embeddable":true,"href":"https:\/\/www.europesays.com\/fr\/wp-json\/wp\/v2\/comments?post=462567"}],"version-history":[{"count":0,"href":"https:\/\/www.europesays.com\/fr\/wp-json\/wp\/v2\/posts\/462567\/revisions"}],"wp:featuredmedia":[{"embeddable":true,"href":"https:\/\/www.europesays.com\/fr\/wp-json\/wp\/v2\/media\/462568"}],"wp:attachment":[{"href":"https:\/\/www.europesays.com\/fr\/wp-json\/wp\/v2\/media?parent=462567"}],"wp:term":[{"taxonomy":"category","embeddable":true,"href":"https:\/\/www.europesays.com\/fr\/wp-json\/wp\/v2\/categories?post=462567"},{"taxonomy":"post_tag","embeddable":true,"href":"https:\/\/www.europesays.com\/fr\/wp-json\/wp\/v2\/tags?post=462567"}],"curies":[{"name":"wp","href":"https:\/\/api.w.org\/{rel}","templated":true}]}}