{"id":462569,"date":"2025-10-14T14:41:12","date_gmt":"2025-10-14T14:41:12","guid":{"rendered":"https:\/\/www.europesays.com\/fr\/462569\/"},"modified":"2025-10-14T14:41:12","modified_gmt":"2025-10-14T14:41:12","slug":"la-justice-a-besoin-de-vous-pour-elucider-le-cold-case-du-meurtre-dariane-guillot-en-2001-a-nice","status":"publish","type":"post","link":"https:\/\/www.europesays.com\/fr\/462569\/","title":{"rendered":"La justice a besoin de vous pour \u00e9lucider le cold case du meurtre d\u2019Ariane Guillot en 2001\u00a0\u00e0 Nice"},"content":{"rendered":"<p>        <img decoding=\"async\" loading=\"lazy\" src=\"https:\/\/www.europesays.com\/fr\/wp-content\/uploads\/2025\/10\/c7e9fcd_upload-1-5zcumwudj5my-capture-da-a-cran-2025-10-14-152255.jpg\"  width=\"728\" height=\"409\" alt=\"La justice fait un nouvel appel \u00e0 t\u00e9moins pour \u00e9lucider le meurtre d\u2019Ariane Guillot, \u00e0 Nice, en 2001.\"\/>  <\/p>\n<p>Minist\u00e8re de l\u2019Int\u00e9rieur YouTube<\/p>\n<p>La justice fait un nouvel appel \u00e0 t\u00e9moins pour \u00e9lucider le meurtre d\u2019Ariane Guillot, \u00e0 Nice, en 2001.<\/p>\n<p class=\"asset asset-text\">JUSTICE &#8211; Un unique coup de couteau dans la poitrine et 24\u00a0ans de myst\u00e8re. Le p\u00f4le cold cases du tribunal de Nanterre a lanc\u00e9 ce mardi 14\u00a0octobre un appel \u00e0 t\u00e9moins pour obtenir des informations sur le meurtre d\u2019Ariane Guillot, 25\u00a0ans, en 2001 \u00e0 <a href=\"https:\/\/www.huffingtonpost.fr\/faits-divers\/article\/une-fusillade-a-nice-fait-deux-morts-et-plusieurs-blesses-les-habitants-sous-le-choc_255583.html\" target=\"_blank\" rel=\"noopener\">Nice<\/a>.<\/p>\n<p class=\"asset asset-text\">Le dispositif \u00ab\u00a0est destin\u00e9 \u00e0 recueillir toute information permettant de favoriser l\u2019\u00e9lucidation de ce crime\u00a0\u00bb, d\u00e9taille le procureur de la R\u00e9publique de Nanterre Yves Badorc dans un communiqu\u00e9.<\/p>\n<p class=\"asset asset-text\">Ce texte accompagne une nouvelle vid\u00e9o \u00ab\u00a0En qu\u00eate d\u2019indices\u00a0\u00bb (<strong>\u00e0 voir ci-dessous<\/strong>) publi\u00e9e sur YouTube par le Minist\u00e8re de l\u2019Int\u00e9rieur, <a href=\"https:\/\/www.interieur.gouv.fr\/actualites\/actualites-du-ministere\/meurtre-dariane-guillot-nouvel-appel-a-temoin-du-dispositif-en-quete-dindices\" target=\"_blank\" rel=\"noopener\" title=\"Nouvelle fen\u00eatre\">le cinqui\u00e8me appel \u00e0 t\u00e9moins<\/a> du p\u00f4le qui reprend les codes des \u00e9missions d\u00e9di\u00e9es aux faits divers.<\/p>\n<p> La lecture de ce contenu est susceptible d\u2019entra\u00eener un d\u00e9p\u00f4t de cookies de la part de l\u2019op\u00e9rateur tiers qui l\u2019h\u00e9berge. Compte-tenu des choix que vous avez exprim\u00e9s en mati\u00e8re de d\u00e9p\u00f4t de cookies, nous avons bloqu\u00e9 l\u2019affichage de ce contenu. Si vous souhaitez y acc\u00e9der, vous devez accepter la cat\u00e9gorie de cookies \u201cContenus tiers\u201d en cliquant sur le bouton ci-dessous. <\/p>\n<p> Lire la Vid\u00e9o              <\/p>\n<p class=\"asset asset-text\">Il s\u2019agit cette fois-ci du meurtre d\u2019Ariane Guillot, jeune enseignante de 25\u00a0ans, poignard\u00e9e \u00e0 Nice en fin d\u2019apr\u00e8s-midi le 18\u00a0avril\u00a02001 alors qu\u2019elle se promenait dans le parc de la colline du Ch\u00e2teau qui surplombe la ville. Parisienne, elle \u00e9tait descendue pour les vacances sur la <a href=\"https:\/\/www.huffingtonpost.fr\/faits-divers\/article\/grosse-frayeur-a-l-aeroport-de-nice-ou-deux-avions-manquent-de-se-percuter_255127.html\" target=\"_blank\" rel=\"noopener\">C\u00f4te d\u2019Azur<\/a> pour garder son neveu.<\/p>\n<p class=\"asset asset-text\">Tr\u00e8s vite, les enqu\u00eateurs \u00e9cartent \u00ab\u00a0a priori (la) piste crapuleuse\u00a0\u00bb car son portefeuille complet est retrouv\u00e9 sur place, d\u00e9taille le parquet du p\u00f4le des crimes s\u00e9riels ou non-\u00e9lucid\u00e9s (PCSNE) de Nanterre \u00e0 l\u2019AFP.<\/p>\n<p class=\"asset asset-text\">\u00ab\u00a0Des analyses g\u00e9n\u00e9tiques ont \u00e9t\u00e9 r\u00e9alis\u00e9es mais ne donnent rien de probant \u00e0 ce moment-l\u00e0\u00a0\u00bb, d\u00e9taille le minist\u00e8re public, \u00e0 l\u2019\u00e9poque o\u00f9 l\u2019utilisation de l\u2019ADN \u00ab\u00a0d\u00e9bute\u00a0\u00bb.<\/p>\n<p>    D\u00e9j\u00e0 deux non-lieux    <\/p>\n<p class=\"asset asset-text\">Apr\u00e8s deux non-lieux en 2006 puis en d\u00e9cembre\u00a02009, l\u2019Office central pour la r\u00e9pression des violences aux personnes (OCRVP), service d\u2019enqu\u00eate qui travaille avec le p\u00f4le, proposera ce dossier parmi de nombreux autres cold cases.<\/p>\n<p class=\"asset asset-text\">Le 18\u00a0juillet\u00a02022, le parquet de Nanterre ouvre une enqu\u00eate pr\u00e9liminaire.<\/p>\n<p class=\"asset asset-text\">\u00ab\u00a0Le dossier Ariane Guillot est particulier parce qu\u2019au niveau national, il n\u2019est pas connu, mais au niveau ni\u00e7ois, il a marqu\u00e9\u00a0\u00bb, explique \u00e0 l\u2019AFP le patron de l\u2019OCRVP, Franck Dannerolle, pour qui \u00ab\u00a0c\u2019est le moment\u00a0\u00bb de faire cet appel \u00e0 t\u00e9moins apr\u00e8s l\u2019exploration de \u00ab\u00a0diff\u00e9rentes pistes d\u2019investigation\u00a0\u00bb. \u00ab\u00a0Avec un dispositif national, on peut arriver \u00e0 r\u00e9cup\u00e9rer un t\u00e9moignage de quelqu\u2019un qui a v\u00e9cu \u00e0 Nice \u00e0 l\u2019\u00e9poque, ou qui \u00e9tait en tourisme \u00e0 Nice \u00e0 l\u2019\u00e9poque\u00a0\u00bb, souligne-t-il.<\/p>\n<p class=\"asset asset-text\">La r\u00e9ouverture de l\u2019enqu\u00eate a \u00e9galement permis de mener de nouvelles analyses g\u00e9n\u00e9tiques, des examens techniques de la plaie, des examens en morphoanalyse des traces de sang retrouv\u00e9es sur la sc\u00e8ne de crime et le recours \u00e0 des psychocriminologues de l\u2019OCRVP.<\/p>\n<p class=\"asset asset-text\">En 2024, r\u00e9v\u00e8le le parquet, une personne a \u00e9t\u00e9 plac\u00e9e en garde \u00e0 vue, mais elle sera mise hors de cause.<\/p>\n<p class=\"asset asset-text\">\u00ab\u00a0L\u2019important, c\u2019est de maintenir en vie ces dossiers-l\u00e0 et de leur donner un maximum de chances de r\u00e9solution\u00a0\u00bb, conclut Franck Dannerolle.<\/p>\n<p class=\"asset asset-text\">Les t\u00e9moignages r\u00e9colt\u00e9s seront trait\u00e9s par les agents de l\u2019OCRVP et par ceux de la police judiciaire de Nice, co-saisis dans cette enqu\u00eate et \u00e0 l\u2019origine des premi\u00e8res investigations.<\/p>\n","protected":false},"excerpt":{"rendered":"Minist\u00e8re de l\u2019Int\u00e9rieur YouTube La justice fait un nouvel appel \u00e0 t\u00e9moins pour \u00e9lucider le meurtre d\u2019Ariane Guillot,&hellip;\n","protected":false},"author":2,"featured_media":462570,"comment_status":"","ping_status":"","sticky":false,"template":"","format":"standard","meta":{"footnotes":""},"categories":[2819],"tags":[1111,11,1777,674,118,1011,27,303,10963,12,2401,882,25],"class_list":{"0":"post-462569","1":"post","2":"type-post","3":"status-publish","4":"format-standard","5":"has-post-thumbnail","7":"category-nice","8":"tag-actu","9":"tag-actualites","10":"tag-eu","11":"tag-europe","12":"tag-faits-divers","13":"tag-fr","14":"tag-france","15":"tag-justice","16":"tag-nanterre","17":"tag-news","18":"tag-nice","19":"tag-provence-alpes-cote-dazur","20":"tag-republique-francaise"},"share_on_mastodon":{"url":"https:\/\/pubeurope.com\/@fr\/115373047562954586","error":""},"_links":{"self":[{"href":"https:\/\/www.europesays.com\/fr\/wp-json\/wp\/v2\/posts\/462569","targetHints":{"allow":["GET"]}}],"collection":[{"href":"https:\/\/www.europesays.com\/fr\/wp-json\/wp\/v2\/posts"}],"about":[{"href":"https:\/\/www.europesays.com\/fr\/wp-json\/wp\/v2\/types\/post"}],"author":[{"embeddable":true,"href":"https:\/\/www.europesays.com\/fr\/wp-json\/wp\/v2\/users\/2"}],"replies":[{"embeddable":true,"href":"https:\/\/www.europesays.com\/fr\/wp-json\/wp\/v2\/comments?post=462569"}],"version-history":[{"count":0,"href":"https:\/\/www.europesays.com\/fr\/wp-json\/wp\/v2\/posts\/462569\/revisions"}],"wp:featuredmedia":[{"embeddable":true,"href":"https:\/\/www.europesays.com\/fr\/wp-json\/wp\/v2\/media\/462570"}],"wp:attachment":[{"href":"https:\/\/www.europesays.com\/fr\/wp-json\/wp\/v2\/media?parent=462569"}],"wp:term":[{"taxonomy":"category","embeddable":true,"href":"https:\/\/www.europesays.com\/fr\/wp-json\/wp\/v2\/categories?post=462569"},{"taxonomy":"post_tag","embeddable":true,"href":"https:\/\/www.europesays.com\/fr\/wp-json\/wp\/v2\/tags?post=462569"}],"curies":[{"name":"wp","href":"https:\/\/api.w.org\/{rel}","templated":true}]}}